{"id":44185,"date":"2024-09-30T21:54:28","date_gmt":"2024-09-30T21:54:28","guid":{"rendered":"https:\/\/armstrongyregion.com.ar\/diario\/?p=44185"},"modified":"2024-09-30T21:54:31","modified_gmt":"2024-09-30T21:54:31","slug":"educacion-provincia-presento-los-programas-para-que-jovenes-y-adultos-terminen-el-secundario","status":"publish","type":"post","link":"https:\/\/armstrongyregion.com.ar\/diario\/educacion-provincia-presento-los-programas-para-que-jovenes-y-adultos-terminen-el-secundario\/","title":{"rendered":"Educaci\u00f3n: Provincia present\u00f3 los programas para que j\u00f3venes y adultos terminen el secundario."},"content":{"rendered":"\n<figure class=\"wp-block-image size-full\"><a href=\"http:\/\/armstrongyregion.com.ar\/diario\/wp-content\/uploads\/2024\/09\/SECUNDARIO-30-9-24.jpg\"><img loading=\"lazy\" decoding=\"async\" width=\"570\" height=\"320\" src=\"http:\/\/armstrongyregion.com.ar\/diario\/wp-content\/uploads\/2024\/09\/SECUNDARIO-30-9-24.jpg\" alt=\"\" class=\"wp-image-44186\" srcset=\"https:\/\/armstrongyregion.com.ar\/diario\/wp-content\/uploads\/2024\/09\/SECUNDARIO-30-9-24.jpg 570w, https:\/\/armstrongyregion.com.ar\/diario\/wp-content\/uploads\/2024\/09\/SECUNDARIO-30-9-24-300x168.jpg 300w\" sizes=\"auto, (max-width: 570px) 100vw, 570px\" \/><\/a><\/figure>\n\n\n\n<h2 class=\"wp-block-heading\">La secretaria de Educaci\u00f3n, Carolina Piedrabuena se refiri\u00f3 al programa \u201cQuedate\u201d, que hoy comienza su tercera convocatoria, al plan \u201cFinEs, termin\u00e1 tu secundar\u00eda\u201d que extiende su per\u00edodo inscripci\u00f3n hasta el jueves 3 de octubre, y el Secundario Virtual, al que podr\u00e1n anotarse hasta el viernes 4 de octubre.<\/h2>\n\n\n\n<p>El Ministerio de Educaci\u00f3n inform\u00f3 esta ma\u00f1ana sobre los programas en marcha para quienes deban terminar la secundaria. En Casa de Gobierno de Santa Fe, la secretaria de Educaci\u00f3n, Carolina Piedrabuena brind\u00f3 detalles sobre los planes \u201cQuedate\u201d, \u201cFinEs, termin\u00e1 tu secundaria\u201d y el \u201cSecundario virtual\u201d, tres iniciativas que tienen como objetivo que los j\u00f3venes y adultos de la provincia puedan finalizar sus estudios secundarios.&nbsp;<br>Sobre el \u201cQuedate\u201d, Piedrabuena manifest\u00f3 que \u201cdesde hoy y hasta el 6 de octubre est\u00e1 abierta la inscripci\u00f3n para la tercera instancia del programa provincial que est\u00e1 dirigido a estudiantes de escuelas de gestiones p\u00fablica y privada que est\u00e9n cursando 2\u00ba, 3\u00ba, 4\u00ba, 5\u00ba y 6\u00ba a\u00f1o y con espacios pendientes de aprobaci\u00f3n correspondientes a los a\u00f1os 2020, 2021 y 2022\u201d.<br>Los interesados podr\u00e1n inscribirse en&nbsp;<a href=\"https:\/\/campuseducativo.santafe.edu.ar\/\" target=\"_blank\" rel=\"noreferrer noopener\">https:\/\/campuseducativo.santafe.edu.ar\/<\/a>, ingresando desde el bot\u00f3n \u201cQuedate\u201d y registr\u00e1ndose con su ID ciudadana.<br>La secretaria de Educaci\u00f3n tambi\u00e9n explic\u00f3 que el \u201cQuedate\u201d es un acompa\u00f1amiento virtual para los estudiantes previo a los ex\u00e1menes y que ahora suma tutor\u00edas presenciales que van a estar a disposici\u00f3n en 200 escuelas de las provincia de Santa Fe\u201d, al tiempo que sostuvo que \u201cesta decisi\u00f3n de las tutor\u00edas presenciales genera que los estudiantes tengan un mayor tiempo dentro de las escuelas y que se prioricen contenidos que ellos necesitan\u201d.<br>En esta instancia, el per\u00edodo de cursado ser\u00e1 desde el 14 al 25 de octubre. El objetivo de estas tutor\u00edas es brindarles a los alumnos herramientas de apoyo para que puedan regularizar su situaci\u00f3n escolar y rendir las materias que adeudan en las pr\u00f3ximas mesas de ex\u00e1menes.<\/p>\n\n\n\n<p><strong>El FinEs y Secundaria Virtual<\/strong><br>Con respecto al plan \u201cFinEs Termin\u00e1 tu Secundaria\u201d, Piedrabuena explic\u00f3 que \u201cel objetivo es que los alumnos que hayan terminado de cursar el \u00faltimo a\u00f1o del nivel y cuenten con espacios pendientes, puedan finalizarlo. Las inscripciones se realizan en las escuelas sedes, distribuidas en toda la provincia\u201d, al tiempo que agreg\u00f3 que debido a la cantidad de consultas se extendi\u00f3 la inscripci\u00f3n hasta el jueves 3 de octubre\u201d.<br>\u201cHoy hay m\u00e1s de 12.000 estudiantes que terminaron de cursar la secundaria en 2023 y adeudan materias, y para ello est\u00e1 el FinES, destinado a j\u00f3venes y adultos mayores de 18 a\u00f1os (cumplidos al 30 de junio) que han finalizado el cursado de su educaci\u00f3n secundaria en E.E.S.O o E.E.M.P.A. en el a\u00f1o 2023 y anteriores\u201d, afirm\u00f3 Piedrabuena, al tiempo que agreg\u00f3 que \u201chay que motivar a los j\u00f3venes para que se anoten y puedan obtener el certificado de estudios completos que le va a permitir el acceso al nivel superior y ser una herramienta para el mundo laboral\u201d.<br>Finalmente, sobre la Secundaria Virtual, Piedrabuena manifest\u00f3 que \u201chasta el viernes 4 de octubre, la Eempa N\u00ba 1330 tiene abierta la inscripci\u00f3n para personas mayores de 18 a\u00f1os de toda la provincia de Santa Fe que quieran comenzar sus estudios secundarios desde primer a\u00f1o\u201d, y a\u00f1adi\u00f3 que es una modalidad semipresencial porque el 90% es virtual y un 10% presencial que se hace en todo el territorio provincial y los estudiantes pueden inscribirse en cualquier punto de la provincia para aquellos que no completaron la secundaria o que nunca la hicieron\u201d.<br>Los interesados pueden inscribirse en algunas de las 60 escuelas sedes del programa, que se encuentran en el siguiente listado:<\/p>\n\n\n\n<p>Listado de Escuelas sedes Secundaria \u2013 Fines 2024 \u2013<br><a href=\"https:\/\/educacion.santafe.gob.ar\/wp-content\/uploads\/sites\/2\/2024\/09\/Listado-de-Escuelas-sedes-Fines-Secundaria-2024.pdf\" target=\"_blank\" rel=\"noreferrer noopener\">https:\/\/educacion.santafe.gob.ar\/wp-content\/uploads\/sites\/2\/2024\/09\/Listado-de-Escuelas-sedes-Fines-Secundaria-2024.pdf<\/a><\/p>\n\n\n\n<p>Listado de Escuelas sedes EEMPAS \u2013 Fines 2024&nbsp;<br><a href=\"https:\/\/educacion.santafe.gob.ar\/wp-content\/uploads\/sites\/2\/2024\/09\/Listado-de-Escuelas-sedes-EEMPAS-Fines-Secundaria-2024-v01.pdf\" target=\"_blank\" rel=\"noreferrer noopener\">https:\/\/educacion.santafe.gob.ar\/wp-content\/uploads\/sites\/2\/2024\/09\/Listado-de-Escuelas-sedes-EEMPAS-Fines-Secundaria-2024-v01.pdf<\/a>.&nbsp;<br>Los interesados deben presentar Constancia de Trayectoria Escolar emitida por la escuela de origen, donde conste el Plan de Estudios y las asignaturas adeudadas; y DNI para acreditar identidad.<br>Las consultas pueden realizarse al mail&nbsp;<a href=\"mailto:planfines@santafe.gov.ar\" target=\"_blank\" rel=\"noreferrer noopener\">planfines@santafe.gov.ar<\/a>.<br>M\u00e1s informaci\u00f3n en&nbsp;<a href=\"https:\/\/educacion.santafe.gob.ar\/programas\/plan-fines\/\" target=\"_blank\" rel=\"noreferrer noopener\">https:\/\/educacion.santafe.gob.ar\/programas\/plan-fines\/<\/a>.<br>La totalidad del cursado es de 3 a\u00f1os, dividido en 12 m\u00f3dulos interdisciplinarios. El t\u00edtulo de Bachiller que se otorga tiene dos modalidades: Agro y Ambiente, y Econom\u00eda y Administraci\u00f3n.<br>Los interesados, adem\u00e1s, pueden llamar al 341 4249064, acercarse a calle Buenos Aires 981, en la ciudad de Rosario o enviar un mail a:&nbsp;<a href=\"mailto:eempa1330_virtual@santafe.edu.ar\" target=\"_blank\" rel=\"noreferrer noopener\">eempa1330_virtual@santafe.edu.ar<\/a><br>La documentaci\u00f3n ser\u00e1 recepcionada en los siguientes lugares:<br><a href=\"https:\/\/educacion.santafe.gob.ar\/wp-content\/uploads\/sites\/2\/2024\/09\/Liugares-de-recepcion-de-documentacion.pdf\" target=\"_blank\" rel=\"noreferrer noopener\">https:\/\/educacion.santafe.gob.ar\/wp-content\/uploads\/sites\/2\/2024\/09\/Liugares-de-recepcion-de-documentacion.pdf<\/a><\/p>\n","protected":false},"excerpt":{"rendered":"<p>Educaci\u00f3n: Provincia present\u00f3 los programas para que j\u00f3venes y adultos terminen el secundario.<\/p>\n","protected":false},"author":1,"featured_media":44186,"comment_status":"open","ping_status":"open","sticky":false,"template":"","format":"image","meta":{"_jetpack_memberships_contains_paid_content":false,"footnotes":"","jetpack_publicize_message":"","jetpack_publicize_feature_enabled":true,"jetpack_social_post_already_shared":true,"jetpack_social_options":{"image_generator_settings":{"template":"highway","default_image_id":0,"enabled":false},"version":2}},"categories":[8,1,2,7,3],"tags":[10878,10721,8618,67,8777,81,25,4079,8640,108,11077,11076,13],"class_list":["post-44185","post","type-post","status-publish","format-image","has-post-thumbnail","hentry","category-deliberando","category-diario-armstrong","category-locales","category-politica","category-region","tag-adultos-2","tag-diario-armstrong-region","tag-educacion-2","tag-jovenes","tag-lic-graciela-de-la-casa","tag-para","tag-presento","tag-programas","tag-provincia-2","tag-que","tag-secundario","tag-terminen","tag-y","post_format-post-format-image"],"jetpack_publicize_connections":[],"jetpack_featured_media_url":"https:\/\/armstrongyregion.com.ar\/diario\/wp-content\/uploads\/2024\/09\/SECUNDARIO-30-9-24.jpg","jetpack_shortlink":"https:\/\/wp.me\/p62QDO-buF","jetpack_sharing_enabled":true,"amp_enabled":true,"_links":{"self":[{"href":"https:\/\/armstrongyregion.com.ar\/diario\/wp-json\/wp\/v2\/posts\/44185","targetHints":{"allow":["GET"]}}],"collection":[{"href":"https:\/\/armstrongyregion.com.ar\/diario\/wp-json\/wp\/v2\/posts"}],"about":[{"href":"https:\/\/armstrongyregion.com.ar\/diario\/wp-json\/wp\/v2\/types\/post"}],"author":[{"embeddable":true,"href":"https:\/\/armstrongyregion.com.ar\/diario\/wp-json\/wp\/v2\/users\/1"}],"replies":[{"embeddable":true,"href":"https:\/\/armstrongyregion.com.ar\/diario\/wp-json\/wp\/v2\/comments?post=44185"}],"version-history":[{"count":1,"href":"https:\/\/armstrongyregion.com.ar\/diario\/wp-json\/wp\/v2\/posts\/44185\/revisions"}],"predecessor-version":[{"id":44187,"href":"https:\/\/armstrongyregion.com.ar\/diario\/wp-json\/wp\/v2\/posts\/44185\/revisions\/44187"}],"wp:featuredmedia":[{"embeddable":true,"href":"https:\/\/armstrongyregion.com.ar\/diario\/wp-json\/wp\/v2\/media\/44186"}],"wp:attachment":[{"href":"https:\/\/armstrongyregion.com.ar\/diario\/wp-json\/wp\/v2\/media?parent=44185"}],"wp:term":[{"taxonomy":"category","embeddable":true,"href":"https:\/\/armstrongyregion.com.ar\/diario\/wp-json\/wp\/v2\/categories?post=44185"},{"taxonomy":"post_tag","embeddable":true,"href":"https:\/\/armstrongyregion.com.ar\/diario\/wp-json\/wp\/v2\/tags?post=44185"}],"curies":[{"name":"wp","href":"https:\/\/api.w.org\/{rel}","templated":true}]}}