{"id":44177,"date":"2024-09-29T21:10:28","date_gmt":"2024-09-29T21:10:28","guid":{"rendered":"https:\/\/armstrongyregion.com.ar\/diario\/?p=44177"},"modified":"2024-09-29T21:39:54","modified_gmt":"2024-09-29T21:39:54","slug":"avanzan-las-obras-de-pavimentacion-con-plan-incluir-y-ultiman-detalles-para-la-fiesta-del-mate","status":"publish","type":"post","link":"https:\/\/armstrongyregion.com.ar\/diario\/avanzan-las-obras-de-pavimentacion-con-plan-incluir-y-ultiman-detalles-para-la-fiesta-del-mate\/","title":{"rendered":"Avanzan las obras de pavimentaci\u00f3n con Plan Incluir y ultiman detalles para la Fiesta del Mate."},"content":{"rendered":"\n<figure class=\"wp-block-image size-full\"><a href=\"http:\/\/armstrongyregion.com.ar\/diario\/wp-content\/uploads\/2024\/09\/FIESTA-MATE-BURD-.jpg\"><img loading=\"lazy\" decoding=\"async\" width=\"645\" height=\"424\" src=\"http:\/\/armstrongyregion.com.ar\/diario\/wp-content\/uploads\/2024\/09\/FIESTA-MATE-BURD-.jpg\" alt=\"\" class=\"wp-image-44178\" srcset=\"https:\/\/armstrongyregion.com.ar\/diario\/wp-content\/uploads\/2024\/09\/FIESTA-MATE-BURD-.jpg 645w, https:\/\/armstrongyregion.com.ar\/diario\/wp-content\/uploads\/2024\/09\/FIESTA-MATE-BURD--300x197.jpg 300w\" sizes=\"auto, (max-width: 645px) 100vw, 645px\" \/><\/a><\/figure>\n\n\n\n<h2 class=\"wp-block-heading\">El intendente de Las Rosas destac\u00f3 los avances en las obras de pavimentaci\u00f3n y anunci\u00f3 la firma de un nuevo plan INCLUIR para mejorar calles claves de la ciudad. Al mismo tiempo, se preparan los \u00faltimos detalles para la Fiesta Provincial del Mate.<\/h2>\n\n\n\n<figure class=\"wp-block-audio\"><audio controls src=\"http:\/\/armstrongyregion.com.ar\/diario\/wp-content\/uploads\/2024\/09\/multimedia.audio_.a3fbb3fbdcf3963a.YXVkaW8gbW9uby5tcDM.mp3\"><\/audio><\/figure>\n\n\n\n<p>Intendente Javier Meyer &#8211; Las Rosas- por Renacer Regional<\/p>\n\n\n\n<p>En Las Rosas, las obras de pavimentaci\u00f3n siguen avanzando a buen ritmo, con importantes mejoras en varias arterias de la ciudad. Seg\u00fan lo informado por el intendente, los trabajos en calle Cerrito est\u00e1n llegando a su etapa final, con el empalme hacia la Ruta 178 previsto para la pr\u00f3xima semana.\u00a0<em>\u00abYa estamos cerrando lo que se hormigon\u00f3 ayer y todo est\u00e1 diagramado para terminar la obra pronto\u00bb,\u00a0<\/em>coment\u00f3 Javier Meyer.<\/p>\n\n\n\n<p>El intendente tambi\u00e9n anunci\u00f3 la firma, junto al Ministro de Gobierno e Innovaci\u00f3n P\u00fablica Fabi\u00e1n Bast\u00eda y el Senador Pablo Verdecchia, de un nuevo plan INCLUIR, un programa provincial que permitir\u00e1 la pavimentaci\u00f3n de tres cuadras en calle General L\u00f3pez, entre el ferrocarril y Santa Fe, una zona que sufre importantes deterioros debido al arrastre de grava durante las lluvias. Adem\u00e1s, se pavimentar\u00e1n otras tres cuadras de calle Granadero Baigorria, ingresando al loteo Cardini, beneficiando a numerosos vecinos que esperaban con ansias esta mejora.<em>\u00a0\u00abEs un proyecto que responde tanto a la necesidad de los vecinos como al criterio de accesibilidad que manejamos para asegurar que las principales arterias est\u00e9n en condiciones\u00bb<\/em>, destac\u00f3 el mandatario.<\/p>\n\n\n\n<h3 class=\"wp-block-heading\">Finanzas municipales<\/h3>\n\n\n\n<p>Una de las claves para el avance continuo de estas obras ha sido la buena administraci\u00f3n de los recursos municipales, lo que ha permitido seguir adelante sin depender exclusivamente de aportes provinciales.&nbsp;<em>\u00abGracias a la colaboraci\u00f3n de los vecinos y una administraci\u00f3n eficiente, el plan de obras no se detiene, independientemente de los fondos externos\u00bb<\/em>, explic\u00f3 el intendente, subrayando la importancia de una pol\u00edtica de Estado clara que prioriza la optimizaci\u00f3n de recursos y la transparencia en la gesti\u00f3n.&nbsp;<em>\u00abHemos logrado mantener un super\u00e1vit que nos permite avanzar\u00bb,&nbsp;<\/em>a\u00f1adi\u00f3.<\/p>\n\n\n\n<h3 class=\"wp-block-heading\">Nuevo parque para actividades f\u00edsicas y recreativas<\/h3>\n\n\n\n<p>En cuanto a las mejoras urbanas, el intendente mencion\u00f3 el nuevo parque recreativo que se est\u00e1 construyendo en las inmediaciones del Museo Municipal.\u00a0<em>\u00abEs un espacio dise\u00f1ado para actividades f\u00edsicas y recreativas, con aparatos de ejercicio, bancos, nuevas luminarias y un entorno que va a quedar muy lindo. Estoy seguro de que la gente lo va a aprovechar mucho\u00bb,<\/em>\u00a0coment\u00f3.<\/p>\n\n\n\n<h3 class=\"wp-block-heading\">Fiesta Provincial del Mate<\/h3>\n\n\n\n<p>Por otro lado, el intendente se refiri\u00f3 a la inminente Fiesta Provincial del Mate, que tendr\u00e1 lugar en los pr\u00f3ximos d\u00edas. Con una oferta cultural y gastron\u00f3mica amplia, la fiesta contar\u00e1 con m\u00e1s de 200 artesanos, carros gastron\u00f3micos y una grilla de espect\u00e1culos para toda la familia.&nbsp;<em>\u00abM\u00e1s que una celebraci\u00f3n del mate, queremos que esta fiesta sea una oportunidad para que las personas de otras localidades visiten Las Rosas, recorran sus calles, disfruten de nuestros bares y restaurantes, y vean lo hermosa que est\u00e1 nuestra ciudad\u00bb,<\/em>&nbsp;dijo. La fiesta, que se celebrar\u00e1 en el predio cultural local, ser\u00e1 de acceso gratuito y se espera una gran convocatoria de p\u00fablico de toda la regi\u00f3n.<\/p>\n\n\n\n<p>Finalmente, el intendente expres\u00f3 su satisfacci\u00f3n por el trabajo conjunto de las instituciones locales y los artistas que participar\u00e1n del evento, destacando que\u00a0<em>\u00abla Fiesta del Mate ser\u00e1 un reflejo del esfuerzo y la colaboraci\u00f3n de toda la comunidad\u00bb.<\/em><\/p>\n\n\n\n<p>Las Rosas Digital.<\/p>\n","protected":false},"excerpt":{"rendered":"<p>Avanzan las obras de pavimentaci\u00f3n con Plan Incluir y ultiman detalles para la Fiesta del Mate.<\/p>\n","protected":false},"author":1,"featured_media":44178,"comment_status":"open","ping_status":"open","sticky":false,"template":"","format":"image","meta":{"_jetpack_memberships_contains_paid_content":false,"footnotes":"","jetpack_publicize_message":"","jetpack_publicize_feature_enabled":true,"jetpack_social_post_already_shared":true,"jetpack_social_options":{"image_generator_settings":{"template":"highway","default_image_id":0,"enabled":false},"version":2}},"categories":[6,8,1,2,7,3],"tags":[5030,11075,8883,8777,11074],"class_list":["post-44177","post","type-post","status-publish","format-image","has-post-thumbnail","hentry","category-cultura-entretenimiento","category-deliberando","category-diario-armstrong","category-locales","category-politica","category-region","tag-diario-armstrong","tag-fiesta-del-mate","tag-las-rosas-2","tag-lic-graciela-de-la-casa","tag-plan-incluir","post_format-post-format-image"],"jetpack_publicize_connections":[],"jetpack_featured_media_url":"https:\/\/armstrongyregion.com.ar\/diario\/wp-content\/uploads\/2024\/09\/FIESTA-MATE-BURD-.jpg","jetpack_shortlink":"https:\/\/wp.me\/p62QDO-bux","jetpack_sharing_enabled":true,"amp_enabled":true,"_links":{"self":[{"href":"https:\/\/armstrongyregion.com.ar\/diario\/wp-json\/wp\/v2\/posts\/44177","targetHints":{"allow":["GET"]}}],"collection":[{"href":"https:\/\/armstrongyregion.com.ar\/diario\/wp-json\/wp\/v2\/posts"}],"about":[{"href":"https:\/\/armstrongyregion.com.ar\/diario\/wp-json\/wp\/v2\/types\/post"}],"author":[{"embeddable":true,"href":"https:\/\/armstrongyregion.com.ar\/diario\/wp-json\/wp\/v2\/users\/1"}],"replies":[{"embeddable":true,"href":"https:\/\/armstrongyregion.com.ar\/diario\/wp-json\/wp\/v2\/comments?post=44177"}],"version-history":[{"count":3,"href":"https:\/\/armstrongyregion.com.ar\/diario\/wp-json\/wp\/v2\/posts\/44177\/revisions"}],"predecessor-version":[{"id":44183,"href":"https:\/\/armstrongyregion.com.ar\/diario\/wp-json\/wp\/v2\/posts\/44177\/revisions\/44183"}],"wp:featuredmedia":[{"embeddable":true,"href":"https:\/\/armstrongyregion.com.ar\/diario\/wp-json\/wp\/v2\/media\/44178"}],"wp:attachment":[{"href":"https:\/\/armstrongyregion.com.ar\/diario\/wp-json\/wp\/v2\/media?parent=44177"}],"wp:term":[{"taxonomy":"category","embeddable":true,"href":"https:\/\/armstrongyregion.com.ar\/diario\/wp-json\/wp\/v2\/categories?post=44177"},{"taxonomy":"post_tag","embeddable":true,"href":"https:\/\/armstrongyregion.com.ar\/diario\/wp-json\/wp\/v2\/tags?post=44177"}],"curies":[{"name":"wp","href":"https:\/\/api.w.org\/{rel}","templated":true}]}}