{"id":44174,"date":"2024-09-29T20:35:24","date_gmt":"2024-09-29T20:35:24","guid":{"rendered":"https:\/\/armstrongyregion.com.ar\/diario\/?p=44174"},"modified":"2024-09-29T20:35:25","modified_gmt":"2024-09-29T20:35:25","slug":"provincia-presento-el-manual-de-buenas-practicas-de-la-oit-para-los-centros-de-atencion-a-la-ninez-y-la-familia","status":"publish","type":"post","link":"https:\/\/armstrongyregion.com.ar\/diario\/provincia-presento-el-manual-de-buenas-practicas-de-la-oit-para-los-centros-de-atencion-a-la-ninez-y-la-familia\/","title":{"rendered":"Provincia present\u00f3 el manual de Buenas Pr\u00e1cticas de la OIT para los Centros de Atenci\u00f3n a la Ni\u00f1ez y la Familia."},"content":{"rendered":"\n<figure class=\"wp-block-image size-full\"><a href=\"http:\/\/armstrongyregion.com.ar\/diario\/wp-content\/uploads\/2024\/09\/BUENAS-PRACTICAS-29-9-24.jpg\"><img loading=\"lazy\" decoding=\"async\" width=\"570\" height=\"320\" src=\"http:\/\/armstrongyregion.com.ar\/diario\/wp-content\/uploads\/2024\/09\/BUENAS-PRACTICAS-29-9-24.jpg\" alt=\"\" class=\"wp-image-44175\" srcset=\"https:\/\/armstrongyregion.com.ar\/diario\/wp-content\/uploads\/2024\/09\/BUENAS-PRACTICAS-29-9-24.jpg 570w, https:\/\/armstrongyregion.com.ar\/diario\/wp-content\/uploads\/2024\/09\/BUENAS-PRACTICAS-29-9-24-300x168.jpg 300w\" sizes=\"auto, (max-width: 570px) 100vw, 570px\" \/><\/a><\/figure>\n\n\n\n<h2 class=\"wp-block-heading\">La exposici\u00f3n fue esta semana en la ciudad de Santa Fe. El documento se presenta como herramienta para el accionar de los Centros, garantizando un funcionamiento eficiente y el cumplimiento pleno de los derechos de protecci\u00f3n y cuidado de los ni\u00f1os y sus familias.<\/h2>\n\n\n\n<p>El Gobierno de la Provincia de Santa Fe, a trav\u00e9s del Ministerio de Trabajo, Empleo y Seguridad Social present\u00f3 esta semana, en la ciudad de Santa Fe, un manual de Buenas Pr\u00e1cticas realizado por la Organizaci\u00f3n Internacional del Trabajo (OIT) para los Centros de Atenci\u00f3n a la Ni\u00f1ez y la Familia (Canyf).<\/p>\n\n\n\n<p>El documento est\u00e1 dirigido a los referentes de los centros y miembros de la Comisi\u00f3n Provincial para la Prevenci\u00f3n y Erradicaci\u00f3n del Trabajo Infantil (Copreti); para la incorporaci\u00f3n e internalizaci\u00f3n de los manuales de buenas pr\u00e1cticas y funcionamiento del dispositivo de cuidado.<\/p>\n\n\n\n<p>Durante el acto de presentaci\u00f3n, el ministro de Trabajo, Roald B\u00e1scolo, expres\u00f3 que desde la cartera a su cargo \u201cnos proponemos generar trabajo genuino y de calidad para todos los santafesinos. Este objetivo exige no s\u00f3lo la creaci\u00f3n de m\u00e1s oportunidades laborales para los adultos, sino tambi\u00e9n acompa\u00f1ar a las familias para que los padres y madres puedan trabajar sin exponer a los ni\u00f1os y ni\u00f1as a situaciones de trabajo infantil\u201d.<\/p>\n\n\n\n<p>Acompa\u00f1aron al ministro el secretario de Empleo y Desarrollo Emprendedor, Hern\u00e1n Franco; el secretario de Trabajo, Julio Genesini; la subsecretaria de Promoci\u00f3n de Derechos de Ni\u00f1os\/as, Soledad Ruiz de Gallareta; el subsecretario de Inclusi\u00f3n Educativa, Juan Jos\u00e9 Sarasola; la subsecretaria de Capacitaci\u00f3n y Trabajo Decente, Gabriela Estrella; y el director de Trabajo Decente, Francisco Orell, entre otras autoridades.<\/p>\n\n\n\n<p>La agenda de trabajo incluy\u00f3 la presentaci\u00f3n del Manual \u201cBuenas Pr\u00e1cticas para los Centros de Atenci\u00f3n a la Ni\u00f1ez y la Familia en Santa Fe\u201d y, a trav\u00e9s de diversos paneles, se ofreci\u00f3 un marco de referencia y fundamentos operativos para los Canyf; y una gu\u00eda para la implementaci\u00f3n y gesti\u00f3n de estos espacios.<\/p>\n\n\n\n<p><strong>En qu\u00e9 consiste<\/strong><\/p>\n\n\n\n<figure class=\"wp-block-image\"><img decoding=\"async\" src=\"https:\/\/ci3.googleusercontent.com\/meips\/ADKq_NYSMqmVSbHw8uyBol-sYTBHBNpHPaYI9S41DTp-y5TyM5KXJOlNxPQzCY5DI5RbCzsZsmh8YyK4EbpzNL0UVfpigJ9Ss_Gjo-OGeSAGLW0xCnok5gMrNAMl03ywox_rloFMGHTWoVR6qumQSFw=s0-d-e1-ft#https:\/\/www.santafe.gob.ar\/noticias\/recursos\/fotos\/2024\/09\/2024-09-28NID_281323O_2.jpeg\" alt=\"\"\/><\/figure>\n\n\n\n<p>El documento, cuyo objetivo es proporcionar directrices claras y detalladas para la apertura y funcionamiento de los Canyf, constituye una herramienta fundamental para fortalecer la comunidad y proteger a sus integrantes m\u00e1s vulnerables. Este manual es esencial para asegurar un ambiente seguro y favorable para el desarrollo de ni\u00f1os, ni\u00f1as, adolescentes y sus familias en situaciones de vulnerabilidad socioecon\u00f3mica.<\/p>\n\n\n\n<p>El manual aborda la planificaci\u00f3n de actividades l\u00fadicas y educativas, el mantenimiento de infraestructuras seguras y la implementaci\u00f3n de protocolos de higiene y salud. Tambi\u00e9n incluye mejores pr\u00e1cticas operativas, estrategias de capacitaci\u00f3n continua para el personal y formaci\u00f3n en oficios a trav\u00e9s del programa \u201cImpulsa\u201d para madres, padres y tutores, mejorando sus habilidades laborales y facilitando su inserci\u00f3n en el mercado de trabajo. La Gu\u00eda busca estandarizar procedimientos, elevar la calidad de los servicios, fortalecer la red de apoyo comunitario y contribuir a la prevenci\u00f3n del trabajo infantil y el bienestar integral de las familias en Santa Fe.<\/p>\n\n\n\n<p><strong>Los Centros de Atenci\u00f3n y Cuidado<\/strong><\/p>\n\n\n\n<p>Los Canyf son vitales no solo como espacios de protecci\u00f3n y cuidado, sino tambi\u00e9n por su papel en la prevenci\u00f3n y erradicaci\u00f3n del trabajo infantil. Al ofrecer un entorno seguro, estos centros contribuyen directamente a prevenir la exposici\u00f3n de ni\u00f1os, ni\u00f1as y adolescentes a trabajos en edades tempranas y, al mismo tiempo, promueven su desarrollo educativo, emocional y social.<\/p>\n\n\n\n<p>En la provincia se proyecta este a\u00f1o tener en funcionamiento m\u00e1s de 30 dispositivos en 16 ciudades del territorio provincial; involucrando a instituciones, comunas y municipios.<\/p>\n\n\n\n<p>Actualmente se encuentran en actividad 10 Centros que reciben diariamente a m\u00e1s de 1300 ni\u00f1os y ni\u00f1as; y se ubican en las localidades de Alcorta, Centeno, Coronda, Helvecia, Mar\u00eda Teresa, Reconquista y Rosario.<\/p>\n\n\n\n<p>Con los fondos de la Provincia, que reciben las instituciones donde funcionan los dispositivos, se realizan renovaciones y ampliaciones de las instalaciones, compra de mobiliario y equipamiento; y pago a los trabajadores que realizan sus tareas en los Centros, entre otros.<\/p>\n","protected":false},"excerpt":{"rendered":"<p>Provincia present\u00f3 el manual de Buenas Pr\u00e1cticas de la OIT para los Centros de Atenci\u00f3n a la Ni\u00f1ez y la Familia.<\/p>\n","protected":false},"author":1,"featured_media":44175,"comment_status":"open","ping_status":"open","sticky":false,"template":"","format":"image","meta":{"_jetpack_memberships_contains_paid_content":false,"footnotes":"","jetpack_publicize_message":"","jetpack_publicize_feature_enabled":true,"jetpack_social_post_already_shared":true,"jetpack_social_options":{"image_generator_settings":{"template":"highway","default_image_id":0,"enabled":false},"version":2}},"categories":[8,1,2,7,3],"tags":[1276,10721,1163,8777,11070],"class_list":["post-44174","post","type-post","status-publish","format-image","has-post-thumbnail","hentry","category-deliberando","category-diario-armstrong","category-locales","category-politica","category-region","tag-buenas","tag-diario-armstrong-region","tag-familia","tag-lic-graciela-de-la-casa","tag-practicas-2","post_format-post-format-image"],"jetpack_publicize_connections":[],"jetpack_featured_media_url":"https:\/\/armstrongyregion.com.ar\/diario\/wp-content\/uploads\/2024\/09\/BUENAS-PRACTICAS-29-9-24.jpg","jetpack_shortlink":"https:\/\/wp.me\/p62QDO-buu","jetpack_sharing_enabled":true,"amp_enabled":true,"_links":{"self":[{"href":"https:\/\/armstrongyregion.com.ar\/diario\/wp-json\/wp\/v2\/posts\/44174","targetHints":{"allow":["GET"]}}],"collection":[{"href":"https:\/\/armstrongyregion.com.ar\/diario\/wp-json\/wp\/v2\/posts"}],"about":[{"href":"https:\/\/armstrongyregion.com.ar\/diario\/wp-json\/wp\/v2\/types\/post"}],"author":[{"embeddable":true,"href":"https:\/\/armstrongyregion.com.ar\/diario\/wp-json\/wp\/v2\/users\/1"}],"replies":[{"embeddable":true,"href":"https:\/\/armstrongyregion.com.ar\/diario\/wp-json\/wp\/v2\/comments?post=44174"}],"version-history":[{"count":1,"href":"https:\/\/armstrongyregion.com.ar\/diario\/wp-json\/wp\/v2\/posts\/44174\/revisions"}],"predecessor-version":[{"id":44176,"href":"https:\/\/armstrongyregion.com.ar\/diario\/wp-json\/wp\/v2\/posts\/44174\/revisions\/44176"}],"wp:featuredmedia":[{"embeddable":true,"href":"https:\/\/armstrongyregion.com.ar\/diario\/wp-json\/wp\/v2\/media\/44175"}],"wp:attachment":[{"href":"https:\/\/armstrongyregion.com.ar\/diario\/wp-json\/wp\/v2\/media?parent=44174"}],"wp:term":[{"taxonomy":"category","embeddable":true,"href":"https:\/\/armstrongyregion.com.ar\/diario\/wp-json\/wp\/v2\/categories?post=44174"},{"taxonomy":"post_tag","embeddable":true,"href":"https:\/\/armstrongyregion.com.ar\/diario\/wp-json\/wp\/v2\/tags?post=44174"}],"curies":[{"name":"wp","href":"https:\/\/api.w.org\/{rel}","templated":true}]}}