{"id":44169,"date":"2024-09-28T13:14:58","date_gmt":"2024-09-28T13:14:58","guid":{"rendered":"https:\/\/armstrongyregion.com.ar\/diario\/?p=44169"},"modified":"2024-09-28T13:15:00","modified_gmt":"2024-09-28T13:15:00","slug":"microcreditos-para-emprendedores","status":"publish","type":"post","link":"https:\/\/armstrongyregion.com.ar\/diario\/microcreditos-para-emprendedores\/","title":{"rendered":"Microcr\u00e9ditos para emprendedores."},"content":{"rendered":"\n<figure class=\"wp-block-image size-large\"><a href=\"http:\/\/armstrongyregion.com.ar\/diario\/wp-content\/uploads\/2024\/09\/Firma-microcreditos-2.jpg\"><img loading=\"lazy\" decoding=\"async\" width=\"1024\" height=\"683\" src=\"http:\/\/armstrongyregion.com.ar\/diario\/wp-content\/uploads\/2024\/09\/Firma-microcreditos-2-1024x683.jpg\" alt=\"\" class=\"wp-image-44170\" srcset=\"https:\/\/armstrongyregion.com.ar\/diario\/wp-content\/uploads\/2024\/09\/Firma-microcreditos-2-1024x683.jpg 1024w, https:\/\/armstrongyregion.com.ar\/diario\/wp-content\/uploads\/2024\/09\/Firma-microcreditos-2-300x200.jpg 300w, https:\/\/armstrongyregion.com.ar\/diario\/wp-content\/uploads\/2024\/09\/Firma-microcreditos-2-768x512.jpg 768w, https:\/\/armstrongyregion.com.ar\/diario\/wp-content\/uploads\/2024\/09\/Firma-microcreditos-2.jpg 1410w\" sizes=\"auto, (max-width: 1024px) 100vw, 1024px\" \/><\/a><\/figure>\n\n\n\n<h2 class=\"wp-block-heading\"><strong>El Gobierno de la Provincia de Santa Fe a trav\u00e9s del programa Banco Solidario del Ministerio de Igualdad y Desarrollo Humano, tiene como objetivo fortalecer el capital social para el desarrollo de procesos socio-productivos, individuales o grupales, en cada localidad, ofreciendo cr\u00e9ditos con montos m\u00e1ximos de hasta $ 700.000, destinados a la adquisici\u00f3n de insumos y maquinaria.<\/strong><\/h2>\n\n\n\n<figure class=\"wp-block-image size-large\"><a href=\"http:\/\/armstrongyregion.com.ar\/diario\/wp-content\/uploads\/2024\/09\/Firma-microcreditos-1.jpg\"><img loading=\"lazy\" decoding=\"async\" width=\"1024\" height=\"683\" src=\"http:\/\/armstrongyregion.com.ar\/diario\/wp-content\/uploads\/2024\/09\/Firma-microcreditos-1-1024x683.jpg\" alt=\"\" class=\"wp-image-44171\" srcset=\"https:\/\/armstrongyregion.com.ar\/diario\/wp-content\/uploads\/2024\/09\/Firma-microcreditos-1-1024x683.jpg 1024w, https:\/\/armstrongyregion.com.ar\/diario\/wp-content\/uploads\/2024\/09\/Firma-microcreditos-1-300x200.jpg 300w, https:\/\/armstrongyregion.com.ar\/diario\/wp-content\/uploads\/2024\/09\/Firma-microcreditos-1-768x512.jpg 768w, https:\/\/armstrongyregion.com.ar\/diario\/wp-content\/uploads\/2024\/09\/Firma-microcreditos-1.jpg 1415w\" sizes=\"auto, (max-width: 1024px) 100vw, 1024px\" \/><\/a><\/figure>\n\n\n\n<p>Este mi\u00e9rcoles 25 de septiembre en Armstrong se concret\u00f3 la firma de microcr\u00e9ditos para emprendedores de la Econom\u00eda Social, a devolver sin intereses hasta en 18 meses. El beneficio est\u00e1 destinado a personas que prestan un servicio \u00f3 que se autogestionen en variadas actividades como costura, calzado y marroquiner\u00eda, rubro alimentos, poda y\/o jardiner\u00eda, entre otras.<\/p>\n\n\n\n<figure class=\"wp-block-image size-large\"><a href=\"http:\/\/armstrongyregion.com.ar\/diario\/wp-content\/uploads\/2024\/09\/Firma-microcreditos-4.jpg\"><img loading=\"lazy\" decoding=\"async\" width=\"1024\" height=\"682\" src=\"http:\/\/armstrongyregion.com.ar\/diario\/wp-content\/uploads\/2024\/09\/Firma-microcreditos-4-1024x682.jpg\" alt=\"\" class=\"wp-image-44172\" srcset=\"https:\/\/armstrongyregion.com.ar\/diario\/wp-content\/uploads\/2024\/09\/Firma-microcreditos-4-1024x682.jpg 1024w, https:\/\/armstrongyregion.com.ar\/diario\/wp-content\/uploads\/2024\/09\/Firma-microcreditos-4-300x200.jpg 300w, https:\/\/armstrongyregion.com.ar\/diario\/wp-content\/uploads\/2024\/09\/Firma-microcreditos-4-768x512.jpg 768w, https:\/\/armstrongyregion.com.ar\/diario\/wp-content\/uploads\/2024\/09\/Firma-microcreditos-4.jpg 1334w\" sizes=\"auto, (max-width: 1024px) 100vw, 1024px\" \/><\/a><\/figure>\n\n\n\n<p><br>En esta oportunidad y mediante la Municipalidad de Armstrong se otorgaron 17 cr\u00e9ditos.<br>Quienes recibieron el beneficio fueron capacitados previamente con cursos de costos, marketing y asesor\u00edas con profesionales. Existe un plazo para la utilizaci\u00f3n del dinero, se les hace un seguimiento de la inversi\u00f3n de los recursos y, posteriormente, deber\u00e1n hacer las rendiciones correspondientes para remitir al gobierno provincial.<\/p>\n","protected":false},"excerpt":{"rendered":"<p>Microcr\u00e9ditos para emprendedores.<\/p>\n","protected":false},"author":1,"featured_media":44170,"comment_status":"open","ping_status":"open","sticky":false,"template":"","format":"image","meta":{"_jetpack_memberships_contains_paid_content":false,"footnotes":"","jetpack_publicize_message":"","jetpack_publicize_feature_enabled":true,"jetpack_social_post_already_shared":true,"jetpack_social_options":{"image_generator_settings":{"template":"highway","default_image_id":0,"enabled":false},"version":2}},"categories":[8,1,2,7,3],"tags":[5030,8777,11069],"class_list":["post-44169","post","type-post","status-publish","format-image","has-post-thumbnail","hentry","category-deliberando","category-diario-armstrong","category-locales","category-politica","category-region","tag-diario-armstrong","tag-lic-graciela-de-la-casa","tag-microcreditos-2","post_format-post-format-image"],"jetpack_publicize_connections":[],"jetpack_featured_media_url":"https:\/\/armstrongyregion.com.ar\/diario\/wp-content\/uploads\/2024\/09\/Firma-microcreditos-2.jpg","jetpack_shortlink":"https:\/\/wp.me\/p62QDO-bup","jetpack_sharing_enabled":true,"amp_enabled":true,"_links":{"self":[{"href":"https:\/\/armstrongyregion.com.ar\/diario\/wp-json\/wp\/v2\/posts\/44169","targetHints":{"allow":["GET"]}}],"collection":[{"href":"https:\/\/armstrongyregion.com.ar\/diario\/wp-json\/wp\/v2\/posts"}],"about":[{"href":"https:\/\/armstrongyregion.com.ar\/diario\/wp-json\/wp\/v2\/types\/post"}],"author":[{"embeddable":true,"href":"https:\/\/armstrongyregion.com.ar\/diario\/wp-json\/wp\/v2\/users\/1"}],"replies":[{"embeddable":true,"href":"https:\/\/armstrongyregion.com.ar\/diario\/wp-json\/wp\/v2\/comments?post=44169"}],"version-history":[{"count":1,"href":"https:\/\/armstrongyregion.com.ar\/diario\/wp-json\/wp\/v2\/posts\/44169\/revisions"}],"predecessor-version":[{"id":44173,"href":"https:\/\/armstrongyregion.com.ar\/diario\/wp-json\/wp\/v2\/posts\/44169\/revisions\/44173"}],"wp:featuredmedia":[{"embeddable":true,"href":"https:\/\/armstrongyregion.com.ar\/diario\/wp-json\/wp\/v2\/media\/44170"}],"wp:attachment":[{"href":"https:\/\/armstrongyregion.com.ar\/diario\/wp-json\/wp\/v2\/media?parent=44169"}],"wp:term":[{"taxonomy":"category","embeddable":true,"href":"https:\/\/armstrongyregion.com.ar\/diario\/wp-json\/wp\/v2\/categories?post=44169"},{"taxonomy":"post_tag","embeddable":true,"href":"https:\/\/armstrongyregion.com.ar\/diario\/wp-json\/wp\/v2\/tags?post=44169"}],"curies":[{"name":"wp","href":"https:\/\/api.w.org\/{rel}","templated":true}]}}