{"id":44165,"date":"2024-09-28T13:11:33","date_gmt":"2024-09-28T13:11:33","guid":{"rendered":"https:\/\/armstrongyregion.com.ar\/diario\/?p=44165"},"modified":"2024-09-28T13:11:34","modified_gmt":"2024-09-28T13:11:34","slug":"compromiso-para-la-movilidad-sustentable","status":"publish","type":"post","link":"https:\/\/armstrongyregion.com.ar\/diario\/compromiso-para-la-movilidad-sustentable\/","title":{"rendered":"Compromiso para la movilidad sustentable."},"content":{"rendered":"\n<figure class=\"wp-block-image size-full\"><a href=\"http:\/\/armstrongyregion.com.ar\/diario\/wp-content\/uploads\/2024\/09\/Medio-Ambiente-Reunion-2.jpg\"><img loading=\"lazy\" decoding=\"async\" width=\"800\" height=\"533\" src=\"http:\/\/armstrongyregion.com.ar\/diario\/wp-content\/uploads\/2024\/09\/Medio-Ambiente-Reunion-2.jpg\" alt=\"\" class=\"wp-image-44166\" srcset=\"https:\/\/armstrongyregion.com.ar\/diario\/wp-content\/uploads\/2024\/09\/Medio-Ambiente-Reunion-2.jpg 800w, https:\/\/armstrongyregion.com.ar\/diario\/wp-content\/uploads\/2024\/09\/Medio-Ambiente-Reunion-2-300x200.jpg 300w, https:\/\/armstrongyregion.com.ar\/diario\/wp-content\/uploads\/2024\/09\/Medio-Ambiente-Reunion-2-768x512.jpg 768w\" sizes=\"auto, (max-width: 800px) 100vw, 800px\" \/><\/a><\/figure>\n\n\n\n<h2 class=\"wp-block-heading\"><strong>Mediante la Ordenanza sancionada por el Concejo Municipal, la comunidad de Armstrong adhiri\u00f3 a la Ley N\u00b0 13857 del Gobierno provincial referida a la Movilidad Sustentable.<\/strong><\/h2>\n\n\n\n<figure class=\"wp-block-image size-full\"><a href=\"http:\/\/armstrongyregion.com.ar\/diario\/wp-content\/uploads\/2024\/09\/Medio-Ambiente-Reunion-3.jpg\"><img loading=\"lazy\" decoding=\"async\" width=\"800\" height=\"533\" src=\"http:\/\/armstrongyregion.com.ar\/diario\/wp-content\/uploads\/2024\/09\/Medio-Ambiente-Reunion-3.jpg\" alt=\"\" class=\"wp-image-44167\" srcset=\"https:\/\/armstrongyregion.com.ar\/diario\/wp-content\/uploads\/2024\/09\/Medio-Ambiente-Reunion-3.jpg 800w, https:\/\/armstrongyregion.com.ar\/diario\/wp-content\/uploads\/2024\/09\/Medio-Ambiente-Reunion-3-300x200.jpg 300w, https:\/\/armstrongyregion.com.ar\/diario\/wp-content\/uploads\/2024\/09\/Medio-Ambiente-Reunion-3-768x512.jpg 768w\" sizes=\"auto, (max-width: 800px) 100vw, 800px\" \/><\/a><\/figure>\n\n\n\n<p>En dicha Ordenanza se cre\u00f3 la \u201cSemana de la Movilidad Sustentable\u201d, que se conmemorar\u00e1 del 16 al 22 de septiembre de cada a\u00f1o, semana en la que se tuvo como objetivo actividades que promocionen e impulsen el desarrollo de acciones concretas, tendientes a promover la movilidad sustentable, y donde se designa el d\u00eda 22 de septiembre \u201cD\u00eda Mundial sin Autos y Sin Motos\u201d.<br>En los \u00faltimos d\u00edas, el Intendente Luzzi acompa\u00f1ado por los responsables de la Secretar\u00eda de Desarrollo Productivo CPN Julieta Lambertucci y Carlos Cuffia, recibieron a la Directora de Movilidad Sustentable Andrea Magnani, a la Subsecretar\u00eda de Acci\u00f3n Clim\u00e1tica M\u00f3nica Peralta, y al Subsecretario de Cambio Clim\u00e1tico Diego Mart\u00edn quienes se pusieron al tanto de las campa\u00f1as de difusi\u00f3n, informaci\u00f3n y comunicaci\u00f3n que se emitieron desde el municipio incentivando la movilidad activa.<br>Al mismo tiempo, Luzzi firm\u00f3 un compromiso impostergable por una movilidad sustentable y segura en clave ambiental, social y econ\u00f3mica.<br>Se pretende actuar en forma directa en materia de seguridad y violencia vial, la reducci\u00f3n de gases de efecto invernadero, de los contaminantes provenientes de fuentes m\u00f3viles y la mejora de la calidad de vida de todas las personas que habitan esta ciudad.<br>La planificaci\u00f3n y gesti\u00f3n de pol\u00edticas articuladas e integrales para una movilidad segura y sustentable es la base para generar mayor equidad en el acceso a oportunidades de trabajo, educaci\u00f3n, recreaci\u00f3n y salud en nuestras ciudades que dependen del derecho a una movilidad urbana sustentable y segura.<br>Este compromiso est\u00e1 fundado en dar prioridad a las necesidades de los grupos sociales m\u00e1s vulnerables, accesibilidad universal, seguridad vial integral, participaci\u00f3n ciudadana y transparencia, cultura y educaci\u00f3n en movilidad, perspectiva de g\u00e9nero, entre otros puntos.<\/p>\n","protected":false},"excerpt":{"rendered":"<p>Compromiso para la movilidad sustentable.<\/p>\n","protected":false},"author":1,"featured_media":44166,"comment_status":"open","ping_status":"open","sticky":false,"template":"","format":"image","meta":{"_jetpack_memberships_contains_paid_content":false,"footnotes":"","jetpack_publicize_message":"","jetpack_publicize_feature_enabled":true,"jetpack_social_post_already_shared":true,"jetpack_social_options":{"image_generator_settings":{"template":"highway","default_image_id":0,"enabled":false},"version":2}},"categories":[8,1,2,7,3],"tags":[20,5030,8777,11064,8523],"class_list":["post-44165","post","type-post","status-publish","format-image","has-post-thumbnail","hentry","category-deliberando","category-diario-armstrong","category-locales","category-politica","category-region","tag-armstrong","tag-diario-armstrong","tag-lic-graciela-de-la-casa","tag-movilidad","tag-sustentable","post_format-post-format-image"],"jetpack_publicize_connections":[],"jetpack_featured_media_url":"https:\/\/armstrongyregion.com.ar\/diario\/wp-content\/uploads\/2024\/09\/Medio-Ambiente-Reunion-2.jpg","jetpack_shortlink":"https:\/\/wp.me\/p62QDO-bul","jetpack_sharing_enabled":true,"amp_enabled":true,"_links":{"self":[{"href":"https:\/\/armstrongyregion.com.ar\/diario\/wp-json\/wp\/v2\/posts\/44165","targetHints":{"allow":["GET"]}}],"collection":[{"href":"https:\/\/armstrongyregion.com.ar\/diario\/wp-json\/wp\/v2\/posts"}],"about":[{"href":"https:\/\/armstrongyregion.com.ar\/diario\/wp-json\/wp\/v2\/types\/post"}],"author":[{"embeddable":true,"href":"https:\/\/armstrongyregion.com.ar\/diario\/wp-json\/wp\/v2\/users\/1"}],"replies":[{"embeddable":true,"href":"https:\/\/armstrongyregion.com.ar\/diario\/wp-json\/wp\/v2\/comments?post=44165"}],"version-history":[{"count":1,"href":"https:\/\/armstrongyregion.com.ar\/diario\/wp-json\/wp\/v2\/posts\/44165\/revisions"}],"predecessor-version":[{"id":44168,"href":"https:\/\/armstrongyregion.com.ar\/diario\/wp-json\/wp\/v2\/posts\/44165\/revisions\/44168"}],"wp:featuredmedia":[{"embeddable":true,"href":"https:\/\/armstrongyregion.com.ar\/diario\/wp-json\/wp\/v2\/media\/44166"}],"wp:attachment":[{"href":"https:\/\/armstrongyregion.com.ar\/diario\/wp-json\/wp\/v2\/media?parent=44165"}],"wp:term":[{"taxonomy":"category","embeddable":true,"href":"https:\/\/armstrongyregion.com.ar\/diario\/wp-json\/wp\/v2\/categories?post=44165"},{"taxonomy":"post_tag","embeddable":true,"href":"https:\/\/armstrongyregion.com.ar\/diario\/wp-json\/wp\/v2\/tags?post=44165"}],"curies":[{"name":"wp","href":"https:\/\/api.w.org\/{rel}","templated":true}]}}