{"id":44160,"date":"2024-09-28T13:05:20","date_gmt":"2024-09-28T13:05:20","guid":{"rendered":"https:\/\/armstrongyregion.com.ar\/diario\/?p=44160"},"modified":"2024-09-28T13:05:23","modified_gmt":"2024-09-28T13:05:23","slug":"el-ministro-puccini-regreso-a-armstrong","status":"publish","type":"post","link":"https:\/\/armstrongyregion.com.ar\/diario\/el-ministro-puccini-regreso-a-armstrong\/","title":{"rendered":"El Ministro Puccini regres\u00f3 a Armstrong."},"content":{"rendered":"\n<figure class=\"wp-block-image size-full\"><a href=\"http:\/\/armstrongyregion.com.ar\/diario\/wp-content\/uploads\/2024\/09\/Visita-Puccini-24-09-3.jpg\"><img loading=\"lazy\" decoding=\"async\" width=\"800\" height=\"533\" src=\"http:\/\/armstrongyregion.com.ar\/diario\/wp-content\/uploads\/2024\/09\/Visita-Puccini-24-09-3.jpg\" alt=\"\" class=\"wp-image-44161\" srcset=\"https:\/\/armstrongyregion.com.ar\/diario\/wp-content\/uploads\/2024\/09\/Visita-Puccini-24-09-3.jpg 800w, https:\/\/armstrongyregion.com.ar\/diario\/wp-content\/uploads\/2024\/09\/Visita-Puccini-24-09-3-300x200.jpg 300w, https:\/\/armstrongyregion.com.ar\/diario\/wp-content\/uploads\/2024\/09\/Visita-Puccini-24-09-3-768x512.jpg 768w\" sizes=\"auto, (max-width: 800px) 100vw, 800px\" \/><\/a><\/figure>\n\n\n\n<h2 class=\"wp-block-heading\"><strong>El pasado 24 de septiembre, el Intendente Guillermo Luzzi recibi\u00f3 nuevamente al Ministro de Desarrollo Productivo de Santa Fe Gustavo Puccini quien lleg\u00f3 a nuestra ciudad con motivo de la entrega de un fondo no reintegrable de $ 30.000.000.-<\/strong><\/h2>\n\n\n\n<figure class=\"wp-block-image size-full\"><a href=\"http:\/\/armstrongyregion.com.ar\/diario\/wp-content\/uploads\/2024\/09\/Visita-Puccini-24-09-2.jpg\"><img loading=\"lazy\" decoding=\"async\" width=\"800\" height=\"533\" src=\"http:\/\/armstrongyregion.com.ar\/diario\/wp-content\/uploads\/2024\/09\/Visita-Puccini-24-09-2.jpg\" alt=\"\" class=\"wp-image-44162\" srcset=\"https:\/\/armstrongyregion.com.ar\/diario\/wp-content\/uploads\/2024\/09\/Visita-Puccini-24-09-2.jpg 800w, https:\/\/armstrongyregion.com.ar\/diario\/wp-content\/uploads\/2024\/09\/Visita-Puccini-24-09-2-300x200.jpg 300w, https:\/\/armstrongyregion.com.ar\/diario\/wp-content\/uploads\/2024\/09\/Visita-Puccini-24-09-2-768x512.jpg 768w\" sizes=\"auto, (max-width: 800px) 100vw, 800px\" \/><\/a><\/figure>\n\n\n\n<p>Los mismos son destinados a la construcci\u00f3n de cord\u00f3n cuneta e infraestructura dentro del \u00c1rea Industrial, donde el Gobierno de la provincia hace este aporte para que esta obra se pueda llevar adelante y que, conjuntamente con el aporte de los privados del lugar, empiecen a concretarse obras necesarias.<\/p>\n\n\n\n<figure class=\"wp-block-image size-full\"><a href=\"http:\/\/armstrongyregion.com.ar\/diario\/wp-content\/uploads\/2024\/09\/Visita-Puccini-24-09-1.jpg\"><img loading=\"lazy\" decoding=\"async\" width=\"800\" height=\"533\" src=\"http:\/\/armstrongyregion.com.ar\/diario\/wp-content\/uploads\/2024\/09\/Visita-Puccini-24-09-1.jpg\" alt=\"\" class=\"wp-image-44163\" srcset=\"https:\/\/armstrongyregion.com.ar\/diario\/wp-content\/uploads\/2024\/09\/Visita-Puccini-24-09-1.jpg 800w, https:\/\/armstrongyregion.com.ar\/diario\/wp-content\/uploads\/2024\/09\/Visita-Puccini-24-09-1-300x200.jpg 300w, https:\/\/armstrongyregion.com.ar\/diario\/wp-content\/uploads\/2024\/09\/Visita-Puccini-24-09-1-768x512.jpg 768w\" sizes=\"auto, (max-width: 800px) 100vw, 800px\" \/><\/a><\/figure>\n\n\n\n<p><br>El encuentro se produjo en la empresa Cele instalada en el \u00c1rea Industrial, y participaron el Secretario de Desarrollo Industrial Guillermo Baccani, el Director Provincial de Innovaci\u00f3n y de Vinculaci\u00f3n con Gobiernos Locales Federico Carballeira, y el Senador Pablo Verdecchia.<br>En la oportunidad, Pucini tambi\u00e9n entreg\u00f3 a Luzzi $ 211.895.239,63, asignaci\u00f3n no reintegrable solicitados por el gobierno municipal destinados a la adquisici\u00f3n de insumos y materiales necesarios para la ejecuci\u00f3n de las obras o trabajos que se requieran para el desarrollo y mantenimiento del camino rural designado, en el marco del \u201cPrograma Caminos de la Ruralidad\u201d.<br>\u201cEstamos en el territorio atendiendo a una de las demandas m\u00e1s solicitadas del sector productivo que es la infraestructura. Estamos dando herramientas y soluciones en una articulaci\u00f3n p\u00fablico y privada. Esto es lo importante: que el Estado vuelca recursos que son ni m\u00e1s ni menos que los impuestos de los santafesinos\u201d, remarc\u00f3 el Ministro Puccini.<\/p>\n","protected":false},"excerpt":{"rendered":"<p>El Ministro Puccini regres\u00f3 a Armstrong.<\/p>\n","protected":false},"author":1,"featured_media":44163,"comment_status":"open","ping_status":"open","sticky":false,"template":"","format":"image","meta":{"_jetpack_memberships_contains_paid_content":false,"footnotes":"","jetpack_publicize_message":"","jetpack_publicize_feature_enabled":true,"jetpack_social_post_already_shared":true,"jetpack_social_options":{"image_generator_settings":{"template":"highway","default_image_id":0,"enabled":false},"version":2}},"categories":[8,1,2,7,3],"tags":[],"class_list":["post-44160","post","type-post","status-publish","format-image","has-post-thumbnail","hentry","category-deliberando","category-diario-armstrong","category-locales","category-politica","category-region","post_format-post-format-image"],"jetpack_publicize_connections":[],"jetpack_featured_media_url":"https:\/\/armstrongyregion.com.ar\/diario\/wp-content\/uploads\/2024\/09\/Visita-Puccini-24-09-1.jpg","jetpack_shortlink":"https:\/\/wp.me\/p62QDO-bug","jetpack_sharing_enabled":true,"amp_enabled":true,"_links":{"self":[{"href":"https:\/\/armstrongyregion.com.ar\/diario\/wp-json\/wp\/v2\/posts\/44160","targetHints":{"allow":["GET"]}}],"collection":[{"href":"https:\/\/armstrongyregion.com.ar\/diario\/wp-json\/wp\/v2\/posts"}],"about":[{"href":"https:\/\/armstrongyregion.com.ar\/diario\/wp-json\/wp\/v2\/types\/post"}],"author":[{"embeddable":true,"href":"https:\/\/armstrongyregion.com.ar\/diario\/wp-json\/wp\/v2\/users\/1"}],"replies":[{"embeddable":true,"href":"https:\/\/armstrongyregion.com.ar\/diario\/wp-json\/wp\/v2\/comments?post=44160"}],"version-history":[{"count":1,"href":"https:\/\/armstrongyregion.com.ar\/diario\/wp-json\/wp\/v2\/posts\/44160\/revisions"}],"predecessor-version":[{"id":44164,"href":"https:\/\/armstrongyregion.com.ar\/diario\/wp-json\/wp\/v2\/posts\/44160\/revisions\/44164"}],"wp:featuredmedia":[{"embeddable":true,"href":"https:\/\/armstrongyregion.com.ar\/diario\/wp-json\/wp\/v2\/media\/44163"}],"wp:attachment":[{"href":"https:\/\/armstrongyregion.com.ar\/diario\/wp-json\/wp\/v2\/media?parent=44160"}],"wp:term":[{"taxonomy":"category","embeddable":true,"href":"https:\/\/armstrongyregion.com.ar\/diario\/wp-json\/wp\/v2\/categories?post=44160"},{"taxonomy":"post_tag","embeddable":true,"href":"https:\/\/armstrongyregion.com.ar\/diario\/wp-json\/wp\/v2\/tags?post=44160"}],"curies":[{"name":"wp","href":"https:\/\/api.w.org\/{rel}","templated":true}]}}