{"id":44127,"date":"2024-09-24T14:13:00","date_gmt":"2024-09-24T14:13:00","guid":{"rendered":"https:\/\/armstrongyregion.com.ar\/diario\/?p=44127"},"modified":"2024-09-24T14:22:55","modified_gmt":"2024-09-24T14:22:55","slug":"plan-incluir-firman-en-las-rosas-convenio-para-nuevas-cuadras-de-pavimento","status":"publish","type":"post","link":"https:\/\/armstrongyregion.com.ar\/diario\/plan-incluir-firman-en-las-rosas-convenio-para-nuevas-cuadras-de-pavimento\/","title":{"rendered":"Plan Incluir: firman en Las Rosas convenio para nuevas cuadras de pavimento."},"content":{"rendered":"\n<figure class=\"wp-block-image size-full\"><a href=\"http:\/\/armstrongyregion.com.ar\/diario\/wp-content\/uploads\/2024\/09\/INCLUIR-LASROSAS.jpg\"><img loading=\"lazy\" decoding=\"async\" width=\"645\" height=\"466\" src=\"http:\/\/armstrongyregion.com.ar\/diario\/wp-content\/uploads\/2024\/09\/INCLUIR-LASROSAS.jpg\" alt=\"\" class=\"wp-image-44128\" srcset=\"https:\/\/armstrongyregion.com.ar\/diario\/wp-content\/uploads\/2024\/09\/INCLUIR-LASROSAS.jpg 645w, https:\/\/armstrongyregion.com.ar\/diario\/wp-content\/uploads\/2024\/09\/INCLUIR-LASROSAS-300x217.jpg 300w\" sizes=\"auto, (max-width: 645px) 100vw, 645px\" \/><\/a><\/figure>\n\n\n\n<h2 class=\"wp-block-heading\">Mientras se completan nueve cuadras del anterior proyecto con colaboraci\u00f3n provincial, se concret\u00f3 este acuerdo para continuar con nuevas calles. Estuvo presente el Senador Pablo Verdecchia y el ministro de Gobierno e Innovaci\u00f3n P\u00fablica, Fabi\u00e1n Bast\u00eda.<\/h2>\n\n\n\n<p>En la ma\u00f1ana de hoy, el intendente Javier Meyer, junto al ministro de Gobierno e Innovaci\u00f3n P\u00fablica, Fabi\u00e1n Bast\u00eda, y el senador Pablo Verdechia, firmaron un convenio en el marco del Plan Incluir para la pavimentaci\u00f3n de las cuadras General L\u00f3pez (000, 100 y 200) y Baigorria (000, 100 y 200). Este acuerdo busca continuar con el plan de mejora urbana y conectar m\u00e1s sectores de la ciudad de Las Rosas.<\/p>\n\n\n\n<p>Paralelamente, Meyer anunci\u00f3 que la semana pr\u00f3xima se finalizar\u00e1 la obra de pavimentaci\u00f3n en la \u00faltima cuadra de calle Cerrito, en el tramo que conecta con la Ruta 178. Aunque el proyecto sufri\u00f3 un ligero retraso debido a problemas t\u00e9cnicos, se espera que la totalidad de la calle est\u00e9 hormigonada en los pr\u00f3ximos d\u00edas. Esta mejora, que incluye un total de nueve cuadras de pavimento, fue ejecutada gracias al acompa\u00f1amiento del senador Verdechia y el gobernador Maximiliano Pullaro para el Programa de Obras Delegadas.&nbsp;<em>\u00abEste proyecto ha sido clave para conectar el SAMCo local a trav\u00e9s de calle Paso de los Andes y Cerrito. Estamos muy contentos porque hemos logrado avanzar de manera r\u00e1pida\u00bb,<\/em>&nbsp;se\u00f1al\u00f3 el intendente.<\/p>\n\n\n\n<p>Desde el inicio del plan de pavimentaci\u00f3n en 2016, la ciudad de Las Rosas ha completado m\u00e1s de 130 cuadras, lo que ha mejorado la transitabilidad y agregado valor a la comunidad.\u00a0<em>\u00abEl plan de pavimento ha replanteado nuestro esquema organizativo y continuar\u00e1 beneficiando a todos los rosenses\u00bb<\/em>, destac\u00f3 Meyer.<\/p>\n\n\n\n<p>Fuente: Las Rosa Digital.<\/p>\n","protected":false},"excerpt":{"rendered":"<p>Plan Incluir: firman en Las Rosas convenio para nuevas cuadras de pavimento.<\/p>\n","protected":false},"author":1,"featured_media":44128,"comment_status":"open","ping_status":"open","sticky":false,"template":"","format":"image","meta":{"_jetpack_memberships_contains_paid_content":false,"footnotes":"","jetpack_publicize_message":"","jetpack_publicize_feature_enabled":true,"jetpack_social_post_already_shared":true,"jetpack_social_options":{"image_generator_settings":{"template":"highway","default_image_id":0,"enabled":false},"version":2}},"categories":[8,1,2,7,3],"tags":[],"class_list":["post-44127","post","type-post","status-publish","format-image","has-post-thumbnail","hentry","category-deliberando","category-diario-armstrong","category-locales","category-politica","category-region","post_format-post-format-image"],"jetpack_publicize_connections":[],"jetpack_featured_media_url":"https:\/\/armstrongyregion.com.ar\/diario\/wp-content\/uploads\/2024\/09\/INCLUIR-LASROSAS.jpg","jetpack_shortlink":"https:\/\/wp.me\/p62QDO-btJ","jetpack_sharing_enabled":true,"amp_enabled":true,"_links":{"self":[{"href":"https:\/\/armstrongyregion.com.ar\/diario\/wp-json\/wp\/v2\/posts\/44127","targetHints":{"allow":["GET"]}}],"collection":[{"href":"https:\/\/armstrongyregion.com.ar\/diario\/wp-json\/wp\/v2\/posts"}],"about":[{"href":"https:\/\/armstrongyregion.com.ar\/diario\/wp-json\/wp\/v2\/types\/post"}],"author":[{"embeddable":true,"href":"https:\/\/armstrongyregion.com.ar\/diario\/wp-json\/wp\/v2\/users\/1"}],"replies":[{"embeddable":true,"href":"https:\/\/armstrongyregion.com.ar\/diario\/wp-json\/wp\/v2\/comments?post=44127"}],"version-history":[{"count":2,"href":"https:\/\/armstrongyregion.com.ar\/diario\/wp-json\/wp\/v2\/posts\/44127\/revisions"}],"predecessor-version":[{"id":44130,"href":"https:\/\/armstrongyregion.com.ar\/diario\/wp-json\/wp\/v2\/posts\/44127\/revisions\/44130"}],"wp:featuredmedia":[{"embeddable":true,"href":"https:\/\/armstrongyregion.com.ar\/diario\/wp-json\/wp\/v2\/media\/44128"}],"wp:attachment":[{"href":"https:\/\/armstrongyregion.com.ar\/diario\/wp-json\/wp\/v2\/media?parent=44127"}],"wp:term":[{"taxonomy":"category","embeddable":true,"href":"https:\/\/armstrongyregion.com.ar\/diario\/wp-json\/wp\/v2\/categories?post=44127"},{"taxonomy":"post_tag","embeddable":true,"href":"https:\/\/armstrongyregion.com.ar\/diario\/wp-json\/wp\/v2\/tags?post=44127"}],"curies":[{"name":"wp","href":"https:\/\/api.w.org\/{rel}","templated":true}]}}