{"id":44105,"date":"2024-09-24T01:30:49","date_gmt":"2024-09-24T01:30:49","guid":{"rendered":"https:\/\/armstrongyregion.com.ar\/diario\/?p=44105"},"modified":"2024-09-24T01:30:52","modified_gmt":"2024-09-24T01:30:52","slug":"pullaro-en-canada-de-gomez-estamos-invirtiendo-lo-que-tenemos-que-invertir","status":"publish","type":"post","link":"https:\/\/armstrongyregion.com.ar\/diario\/pullaro-en-canada-de-gomez-estamos-invirtiendo-lo-que-tenemos-que-invertir\/","title":{"rendered":"Pullaro en Ca\u00f1ada de G\u00f3mez: \u201cEstamos invirtiendo lo que tenemos que invertir\u201d"},"content":{"rendered":"\n<figure class=\"wp-block-image size-full\"><a href=\"http:\/\/armstrongyregion.com.ar\/diario\/wp-content\/uploads\/2024\/09\/pullaro-canada-23-4-24.jpg\"><img loading=\"lazy\" decoding=\"async\" width=\"800\" height=\"533\" src=\"http:\/\/armstrongyregion.com.ar\/diario\/wp-content\/uploads\/2024\/09\/pullaro-canada-23-4-24.jpg\" alt=\"\" class=\"wp-image-44106\" srcset=\"https:\/\/armstrongyregion.com.ar\/diario\/wp-content\/uploads\/2024\/09\/pullaro-canada-23-4-24.jpg 800w, https:\/\/armstrongyregion.com.ar\/diario\/wp-content\/uploads\/2024\/09\/pullaro-canada-23-4-24-300x200.jpg 300w, https:\/\/armstrongyregion.com.ar\/diario\/wp-content\/uploads\/2024\/09\/pullaro-canada-23-4-24-768x512.jpg 768w\" sizes=\"auto, (max-width: 800px) 100vw, 800px\" \/><\/a><\/figure>\n\n\n\n<h2 class=\"wp-block-heading\">Lo afirm\u00f3 el Gobernador de Santa Fe al encabezar la inauguraci\u00f3n del Jard\u00edn de Infantes N\u00ba 295 \u201cBarrilete de Colores\u201d. \u201cLa educaci\u00f3n es fundamental para el crecimiento de la sociedad\u201d, asegur\u00f3.<\/h2>\n\n\n\n<p>El gobernador Maximiliano Pullaro inaugur\u00f3 este lunes por la ma\u00f1ana el Jard\u00edn de Infantes N\u00ba 295 \u201cBarrilete de Colores\u201d de Ca\u00f1ada de G\u00f3mez. Adem\u00e1s, se reuni\u00f3 con autoridades comunales y de distintos clubes del departamento Iriondo en la Casa del Senado.<\/p>\n\n\n\n<p>Durante el acto inaugural, Pullaro afirm\u00f3 que \u201cla infraestructura tiene que estar en las condiciones correctas para que se puedan desarrollar los aprendizajes. Por eso, en lo que va del a\u00f1o destinamos 2.500 ayudas a 1.446 establecimientos en toda la provincia; estamos construyendo casi 30 escuelas y encaramos la construcci\u00f3n de 1000 aulas que significan la capacidad de 100 escuelas m\u00e1s\u201d.<\/p>\n\n\n\n<p>En ese mismo sentido, Pullaro remarc\u00f3: \u201cEstamos invirtiendo lo que tenemos que invertir, arreglando los establecimientos educativos que no estaban en condiciones. Vamos a continuar invirtiendo para mejorar el sistema educativo en su conjunto porque entendemos que la educaci\u00f3n es fundamental para el crecimiento individual pero, fundamentalmente, para el crecimiento de la sociedad\u201d.<br><br><img decoding=\"async\" alt=\"\" src=\"https:\/\/ci3.googleusercontent.com\/meips\/ADKq_NYY4CuBdIO1FhKXKTHIuCfDgubv0Fg4OPq8pb6gepRahQ58aYah3NXqmd6dTky6XR3lse40GToSHa3C-ZmHsp-aHduTk9QoZ2abvonJ_XZU8Uc-JRLVkEYL5KFEN68IBhZKVwq2AnQtyYeMAkA=s0-d-e1-ft#https:\/\/www.santafe.gob.ar\/noticias\/recursos\/fotos\/2024\/09\/2024-09-23NID_281268O_2.jpeg\"><\/p>\n\n\n\n<p><strong>La herramienta del futuro<\/strong><br>Por su parte, el ministro de Infraestructura, Lisandro Enrico, destac\u00f3 que \u201ctrabajamos en conjunto con el Ministerio de Educaci\u00f3n para terminar este jard\u00edn. En un momento donde en muchos lugares la obra p\u00fablica se va retirando, nosotros en Santa Fe apostamos al trabajo a trav\u00e9s de la obra p\u00fablica y eso es lo que el gobernador nos fue marcando y lo logramos\u201d.<\/p>\n\n\n\n<p>\u201cEste jard\u00edn era una de las obras que desde el comienzo peleamos para que de ninguna manera se detenga y la pudi\u00e9ramos terminar. Hubo muchas dificultades en el camino, pero trabajando en conjunto pudimos garantizar que llegue este d\u00eda\u201d, finaliz\u00f3 Enrico.<\/p>\n\n\n\n<p>En tanto, la secretaria de Coordinaci\u00f3n y Gesti\u00f3n de Recursos del Ministerio de Educaci\u00f3n, Mar\u00eda Mart\u00edn, afirm\u00f3 que \u201cla educaci\u00f3n inicial es fundamental porque es constructora y reproductora de cultura. Lo importante es que en esta etapa tengan la oportunidad de incorporar palabras, tener herramientas y construir h\u00e1bitos en una edad. La educaci\u00f3n es la herramienta de futuro y nosotros estamos para potenciarlo\u201d.<br><br><img decoding=\"async\" alt=\"\" src=\"https:\/\/ci3.googleusercontent.com\/meips\/ADKq_NYkHQ5YJVs2z9oJEM2R3reNl0bdAZa8my4nRwebHQrxVYDjShChEjQZFhUzaFHfbT9lk6Kpj0qq8IS_NRcKXiCE9KoGWZuKry7USK842X7iN1vYSrV03vPuG9QAuMJn2iTuFvnLx4RvT1mRL44=s0-d-e1-ft#https:\/\/www.santafe.gob.ar\/noticias\/recursos\/fotos\/2024\/09\/2024-09-23NID_281268O_3.jpeg\"><\/p>\n\n\n\n<p><strong>Edificio sustentable<\/strong><br>El establecimiento educativo cuenta con cuatro aulas interconectadas con ba\u00f1os privados, pensadas para salas de 3, 4 y 5 a\u00f1os; y todos los espacios de aprendizaje se caracterizan por la flexibilidad, dado que podr\u00e1n integrarse o segregarse seg\u00fan las necesidades. Adem\u00e1s el edificio contar\u00e1 con paneles solares fotovoltaicos, agua caliente por calefones solares, recuperaci\u00f3n de agua de lluvia para uso sanitario y sistema constructivo en seco.<\/p>\n\n\n\n<p>Por su parte, el intendente Mat\u00edas Chale, reconoci\u00f3 que \u201ceste jard\u00edn tiene mucha tecnolog\u00eda, reutiliza el agua de lluvia, tiene equipamiento solar y mucha iluminaci\u00f3n propia, contando con distintas caracter\u00edsticas que lo hacen sostenible y amigable con el medio ambiente adem\u00e1s de lo pedag\u00f3gico\u201d por eso, se\u00f1al\u00f3 que \u201cvamos a seguir trabajando con la Provincia para que toda la comunidad educativa de Ca\u00f1ada de G\u00f3mez se beneficie con infraestructura educativa\u201d.<\/p>\n\n\n\n<p>Por \u00faltimo, el senador por el departamento Iriondo, Hugo Rasetto, destac\u00f3 \u201cla actitud de la Provincia y la Municipalidad de llevar adelante una batalla a brazo partido para jerarquizar cada lugar\u201d y asegur\u00f3 que \u201clo que garantiza que nuestros ni\u00f1os tengan futuro, m\u00e1s all\u00e1 de los m\u00e9todos, los espacios, es el afecto y la pasi\u00f3n con que nuestros docentes les dan todo para asegurar ese futuro\u201d.<\/p>\n\n\n\n<figure class=\"wp-block-image\"><img decoding=\"async\" src=\"https:\/\/ci3.googleusercontent.com\/meips\/ADKq_NYCwtTZbemD8vi08SK3rL_PyjOi6Vvak_alYuq_oOtkye3GUWBZWXFd15eIoDe2RWzEu_hisb9GRmIDu7EfnQ8kCG55bH_B-56ZNrr68TZ8kPpexRuNV7I1vpWOKyQ4gTK7RXai7LmwkmBbkRk=s0-d-e1-ft#https:\/\/www.santafe.gob.ar\/noticias\/recursos\/fotos\/2024\/09\/2024-09-23NID_281268O_4.jpeg\" alt=\"\"\/><\/figure>\n","protected":false},"excerpt":{"rendered":"<p>Pullaro en Ca\u00f1ada de G\u00f3mez: \u201cEstamos invirtiendo lo que tenemos que invertir\u201d<\/p>\n","protected":false},"author":1,"featured_media":44106,"comment_status":"open","ping_status":"open","sticky":false,"template":"","format":"image","meta":{"_jetpack_memberships_contains_paid_content":false,"footnotes":"","jetpack_publicize_message":"","jetpack_publicize_feature_enabled":true,"jetpack_social_post_already_shared":true,"jetpack_social_options":{"image_generator_settings":{"template":"highway","default_image_id":0,"enabled":false},"version":2}},"categories":[8,1,2,7,3],"tags":[420,15,2846],"class_list":["post-44105","post","type-post","status-publish","format-image","has-post-thumbnail","hentry","category-deliberando","category-diario-armstrong","category-locales","category-politica","category-region","tag-canada-de-gomez","tag-en","tag-pullaro","post_format-post-format-image"],"jetpack_publicize_connections":[],"jetpack_featured_media_url":"https:\/\/armstrongyregion.com.ar\/diario\/wp-content\/uploads\/2024\/09\/pullaro-canada-23-4-24.jpg","jetpack_shortlink":"https:\/\/wp.me\/p62QDO-btn","jetpack_sharing_enabled":true,"amp_enabled":true,"_links":{"self":[{"href":"https:\/\/armstrongyregion.com.ar\/diario\/wp-json\/wp\/v2\/posts\/44105","targetHints":{"allow":["GET"]}}],"collection":[{"href":"https:\/\/armstrongyregion.com.ar\/diario\/wp-json\/wp\/v2\/posts"}],"about":[{"href":"https:\/\/armstrongyregion.com.ar\/diario\/wp-json\/wp\/v2\/types\/post"}],"author":[{"embeddable":true,"href":"https:\/\/armstrongyregion.com.ar\/diario\/wp-json\/wp\/v2\/users\/1"}],"replies":[{"embeddable":true,"href":"https:\/\/armstrongyregion.com.ar\/diario\/wp-json\/wp\/v2\/comments?post=44105"}],"version-history":[{"count":1,"href":"https:\/\/armstrongyregion.com.ar\/diario\/wp-json\/wp\/v2\/posts\/44105\/revisions"}],"predecessor-version":[{"id":44107,"href":"https:\/\/armstrongyregion.com.ar\/diario\/wp-json\/wp\/v2\/posts\/44105\/revisions\/44107"}],"wp:featuredmedia":[{"embeddable":true,"href":"https:\/\/armstrongyregion.com.ar\/diario\/wp-json\/wp\/v2\/media\/44106"}],"wp:attachment":[{"href":"https:\/\/armstrongyregion.com.ar\/diario\/wp-json\/wp\/v2\/media?parent=44105"}],"wp:term":[{"taxonomy":"category","embeddable":true,"href":"https:\/\/armstrongyregion.com.ar\/diario\/wp-json\/wp\/v2\/categories?post=44105"},{"taxonomy":"post_tag","embeddable":true,"href":"https:\/\/armstrongyregion.com.ar\/diario\/wp-json\/wp\/v2\/tags?post=44105"}],"curies":[{"name":"wp","href":"https:\/\/api.w.org\/{rel}","templated":true}]}}