{"id":44088,"date":"2024-09-22T00:45:30","date_gmt":"2024-09-22T00:45:30","guid":{"rendered":"https:\/\/armstrongyregion.com.ar\/diario\/?p=44088"},"modified":"2024-10-10T04:53:27","modified_gmt":"2024-10-10T04:53:27","slug":"guillermo-moreno-visito-la-ciudad-de-armstrong","status":"publish","type":"post","link":"https:\/\/armstrongyregion.com.ar\/diario\/guillermo-moreno-visito-la-ciudad-de-armstrong\/","title":{"rendered":"Guillermo Moreno visit\u00f3 la ciudad de Armstrong."},"content":{"rendered":"\n<figure class=\"wp-block-image size-full\"><a href=\"http:\/\/armstrongyregion.com.ar\/diario\/wp-content\/uploads\/2024\/09\/GUILLE-MORENO-1-.jpg\"><img loading=\"lazy\" decoding=\"async\" width=\"600\" height=\"582\" src=\"http:\/\/armstrongyregion.com.ar\/diario\/wp-content\/uploads\/2024\/09\/GUILLE-MORENO-1-.jpg\" alt=\"\" class=\"wp-image-44089\" srcset=\"https:\/\/armstrongyregion.com.ar\/diario\/wp-content\/uploads\/2024\/09\/GUILLE-MORENO-1-.jpg 600w, https:\/\/armstrongyregion.com.ar\/diario\/wp-content\/uploads\/2024\/09\/GUILLE-MORENO-1--300x291.jpg 300w\" sizes=\"auto, (max-width: 600px) 100vw, 600px\" \/><\/a><\/figure>\n\n\n\n<p><strong>El ex secretario de comercio de la naci\u00f3n, Guillermo Moreno, estuvo en nuestra ciudad invitado por la Unidad B\u00e1sica Juan Domingo Per\u00f3n.<\/strong><\/p>\n\n\n\n<figure class=\"wp-block-image size-full\"><a href=\"http:\/\/armstrongyregion.com.ar\/diario\/wp-content\/uploads\/2024\/09\/GUILLE-MORENO-3-.jpg\"><img loading=\"lazy\" decoding=\"async\" width=\"512\" height=\"384\" src=\"http:\/\/armstrongyregion.com.ar\/diario\/wp-content\/uploads\/2024\/09\/GUILLE-MORENO-3-.jpg\" alt=\"\" class=\"wp-image-44090\" srcset=\"https:\/\/armstrongyregion.com.ar\/diario\/wp-content\/uploads\/2024\/09\/GUILLE-MORENO-3-.jpg 512w, https:\/\/armstrongyregion.com.ar\/diario\/wp-content\/uploads\/2024\/09\/GUILLE-MORENO-3--300x225.jpg 300w\" sizes=\"auto, (max-width: 512px) 100vw, 512px\" \/><\/a><\/figure>\n\n\n\n<p><strong>Sobre el mensaje que le trasmite a los presentes manifest\u00f3<\/strong>: \u201cNos venimos a reunir con los compa\u00f1eros para reorganizar la causa. La misma tiene distintos componentes, primero reorganizar el Movimiento Nacional Justicialista en sus distintas ramas, despu\u00e9s conformar lo que nosotros entendemos que tiene que terminar siendo la oferta electoral en t\u00e9rminos de la Confederaci\u00f3n Justicialista. Tenemos que tener una herramienta que nos permita presentarnos a elecciones. En el Movimiento Peronista, debemos juntar todas las corrientes que llevan nuestro pensamiento en esa Confederaci\u00f3n\u201d.<\/p>\n\n\n\n<p><\/p>\n\n\n\n<figure class=\"wp-block-image size-large\"><a href=\"http:\/\/armstrongyregion.com.ar\/diario\/wp-content\/uploads\/2024\/09\/GUILLE-MORENO-4-scaled.jpg\"><img loading=\"lazy\" decoding=\"async\" width=\"1024\" height=\"720\" src=\"http:\/\/armstrongyregion.com.ar\/diario\/wp-content\/uploads\/2024\/09\/GUILLE-MORENO-4-1024x720.jpg\" alt=\"\" class=\"wp-image-44091\" srcset=\"https:\/\/armstrongyregion.com.ar\/diario\/wp-content\/uploads\/2024\/09\/GUILLE-MORENO-4-1024x720.jpg 1024w, https:\/\/armstrongyregion.com.ar\/diario\/wp-content\/uploads\/2024\/09\/GUILLE-MORENO-4-300x211.jpg 300w, https:\/\/armstrongyregion.com.ar\/diario\/wp-content\/uploads\/2024\/09\/GUILLE-MORENO-4-768x540.jpg 768w, https:\/\/armstrongyregion.com.ar\/diario\/wp-content\/uploads\/2024\/09\/GUILLE-MORENO-4-1536x1080.jpg 1536w, https:\/\/armstrongyregion.com.ar\/diario\/wp-content\/uploads\/2024\/09\/GUILLE-MORENO-4-2048x1440.jpg 2048w\" sizes=\"auto, (max-width: 1024px) 100vw, 1024px\" \/><\/a><\/figure>\n\n\n\n<p><strong>M\u00e1s adelante Moreno manifest\u00f3<\/strong>: \u201cDebemos decirle al pueblo peronista que ya estamos en condiciones porque tenemos un plan de gobierno y dentro del mismo el plan econ\u00f3mico\u201d.<\/p>\n\n\n\n<figure class=\"wp-block-image size-large\"><a href=\"http:\/\/armstrongyregion.com.ar\/diario\/wp-content\/uploads\/2024\/09\/GUILLE.MORENO-55-scaled.jpg\"><img loading=\"lazy\" decoding=\"async\" width=\"2560\" height=\"2052\" src=\"https:\/\/i0.wp.com\/armstrongyregion.com.ar\/diario\/wp-content\/uploads\/2024\/09\/GUILLE.MORENO-55-scaled.jpg?fit=800%2C641&amp;ssl=1\" alt=\"\" class=\"wp-image-44092\" srcset=\"https:\/\/armstrongyregion.com.ar\/diario\/wp-content\/uploads\/2024\/09\/GUILLE.MORENO-55-scaled.jpg 2560w, https:\/\/armstrongyregion.com.ar\/diario\/wp-content\/uploads\/2024\/09\/GUILLE.MORENO-55-300x241.jpg 300w, https:\/\/armstrongyregion.com.ar\/diario\/wp-content\/uploads\/2024\/09\/GUILLE.MORENO-55-1024x821.jpg 1024w, https:\/\/armstrongyregion.com.ar\/diario\/wp-content\/uploads\/2024\/09\/GUILLE.MORENO-55-768x616.jpg 768w, https:\/\/armstrongyregion.com.ar\/diario\/wp-content\/uploads\/2024\/09\/GUILLE.MORENO-55-1536x1231.jpg 1536w, https:\/\/armstrongyregion.com.ar\/diario\/wp-content\/uploads\/2024\/09\/GUILLE.MORENO-55-2048x1642.jpg 2048w\" sizes=\"auto, (max-width: 2560px) 100vw, 2560px\" \/><\/a><\/figure>\n\n\n\n<p><strong>Tambi\u00e9n le consultamos al dirigente peronista sobre qu\u00e9 papel juega la ex presidente Cristina Kirchner<\/strong>: \u201cEn realidad es una compa\u00f1era, en el peronismo no sobra nadie y las mejores decisiones son grupales, tiene su lugar, siempre que entendamos que es una construcci\u00f3n colectiva\u201d.<\/p>\n\n\n\n<figure class=\"wp-block-image size-full\"><a href=\"http:\/\/armstrongyregion.com.ar\/diario\/wp-content\/uploads\/2024\/09\/GUILLE-MORENO-44.jpg\"><img loading=\"lazy\" decoding=\"async\" width=\"504\" height=\"378\" src=\"http:\/\/armstrongyregion.com.ar\/diario\/wp-content\/uploads\/2024\/09\/GUILLE-MORENO-44.jpg\" alt=\"\" class=\"wp-image-44093\" srcset=\"https:\/\/armstrongyregion.com.ar\/diario\/wp-content\/uploads\/2024\/09\/GUILLE-MORENO-44.jpg 504w, https:\/\/armstrongyregion.com.ar\/diario\/wp-content\/uploads\/2024\/09\/GUILLE-MORENO-44-300x225.jpg 300w\" sizes=\"auto, (max-width: 504px) 100vw, 504px\" \/><\/a><\/figure>\n\n\n\n<p><strong>Tambi\u00e9n abordamos con Moreno el tema del peronismo a nivel nacional a lo que nos respondi\u00f3<\/strong>: \u201cCiertamente el peronismo est\u00e1 sobrellevando el sayo del \u00faltimo gobierno que no fue peronista. Alberto Fern\u00e1ndez dijo todo el tiempo que era socialdem\u00f3crata, lamentablemente sab\u00edamos que iba a fracasar, no lo dijimos ahora, lo dijimos cuando Cristina lo eligi\u00f3, bueno, a lo hecho pecho\u201d.<\/p>\n\n\n\n<p><strong>Prosigui\u00f3 diciendo<\/strong>: \u201cAhora el&nbsp; Peronismo est\u00e1 en condiciones de volver a ser la soluci\u00f3n de la Argentina y la presencia en este sal\u00f3n lo demuestra, este es el camino que est\u00e1 haciendo el Peronismo en Santa F\u00e9, iniciando una larga marcha, pero yendo por los distritos, ya llegaremos a Rosario, y a Santa F\u00e9 capital\u201d.<\/p>\n\n\n\n<p><strong>Moreno remarc\u00f3<\/strong> \u201cHoy estamos comenzando el camino de reconstrucci\u00f3n de la causa del Movimiento Nacional Justicialista y siempre una larga marcha comienza con los primeros pasos y estos son los que estamos dando hoy aqu\u00ed. Ya se va a armar la caravana triunfal del peronismo a lo largo y lo ancho de Santa Fe y hay que recuperar esta provincia\u201d.<\/p>\n\n\n\n<p>Fuente: Graciela De la Casa.<\/p>\n","protected":false},"excerpt":{"rendered":"<p>Guillermo Moreno visit\u00f3 la ciudad de Armstrong.<\/p>\n","protected":false},"author":1,"featured_media":44089,"comment_status":"open","ping_status":"open","sticky":false,"template":"","format":"image","meta":{"_jetpack_memberships_contains_paid_content":false,"footnotes":"","jetpack_publicize_message":"","jetpack_publicize_feature_enabled":true,"jetpack_social_post_already_shared":true,"jetpack_social_options":{"image_generator_settings":{"template":"highway","default_image_id":0,"enabled":false},"version":2}},"categories":[8,1,2,7,3],"tags":[20,8646,19,10721,11050,31,8777,210],"class_list":["post-44088","post","type-post","status-publish","format-image","has-post-thumbnail","hentry","category-deliberando","category-diario-armstrong","category-locales","category-politica","category-region","tag-armstrong","tag-ciudad-2","tag-de","tag-diario-armstrong-region","tag-guillermo-moreno","tag-la","tag-lic-graciela-de-la-casa","tag-visito","post_format-post-format-image"],"jetpack_publicize_connections":[],"jetpack_featured_media_url":"https:\/\/armstrongyregion.com.ar\/diario\/wp-content\/uploads\/2024\/09\/GUILLE-MORENO-1-.jpg","jetpack_shortlink":"https:\/\/wp.me\/p62QDO-bt6","jetpack_sharing_enabled":true,"amp_enabled":true,"_links":{"self":[{"href":"https:\/\/armstrongyregion.com.ar\/diario\/wp-json\/wp\/v2\/posts\/44088","targetHints":{"allow":["GET"]}}],"collection":[{"href":"https:\/\/armstrongyregion.com.ar\/diario\/wp-json\/wp\/v2\/posts"}],"about":[{"href":"https:\/\/armstrongyregion.com.ar\/diario\/wp-json\/wp\/v2\/types\/post"}],"author":[{"embeddable":true,"href":"https:\/\/armstrongyregion.com.ar\/diario\/wp-json\/wp\/v2\/users\/1"}],"replies":[{"embeddable":true,"href":"https:\/\/armstrongyregion.com.ar\/diario\/wp-json\/wp\/v2\/comments?post=44088"}],"version-history":[{"count":2,"href":"https:\/\/armstrongyregion.com.ar\/diario\/wp-json\/wp\/v2\/posts\/44088\/revisions"}],"predecessor-version":[{"id":44305,"href":"https:\/\/armstrongyregion.com.ar\/diario\/wp-json\/wp\/v2\/posts\/44088\/revisions\/44305"}],"wp:featuredmedia":[{"embeddable":true,"href":"https:\/\/armstrongyregion.com.ar\/diario\/wp-json\/wp\/v2\/media\/44089"}],"wp:attachment":[{"href":"https:\/\/armstrongyregion.com.ar\/diario\/wp-json\/wp\/v2\/media?parent=44088"}],"wp:term":[{"taxonomy":"category","embeddable":true,"href":"https:\/\/armstrongyregion.com.ar\/diario\/wp-json\/wp\/v2\/categories?post=44088"},{"taxonomy":"post_tag","embeddable":true,"href":"https:\/\/armstrongyregion.com.ar\/diario\/wp-json\/wp\/v2\/tags?post=44088"}],"curies":[{"name":"wp","href":"https:\/\/api.w.org\/{rel}","templated":true}]}}