{"id":44085,"date":"2024-09-21T23:33:15","date_gmt":"2024-09-21T23:33:15","guid":{"rendered":"https:\/\/armstrongyregion.com.ar\/diario\/?p=44085"},"modified":"2024-10-10T04:54:07","modified_gmt":"2024-10-10T04:54:07","slug":"semana-de-la-movilidad-sustentable","status":"publish","type":"post","link":"https:\/\/armstrongyregion.com.ar\/diario\/semana-de-la-movilidad-sustentable\/","title":{"rendered":"Semana de la movilidad sustentable."},"content":{"rendered":"\n<figure class=\"wp-block-image size-full\"><a href=\"http:\/\/armstrongyregion.com.ar\/diario\/wp-content\/uploads\/2024\/09\/Movilidad-sustentable.jpg\"><img loading=\"lazy\" decoding=\"async\" width=\"800\" height=\"639\" src=\"http:\/\/armstrongyregion.com.ar\/diario\/wp-content\/uploads\/2024\/09\/Movilidad-sustentable.jpg\" alt=\"\" class=\"wp-image-44086\" srcset=\"https:\/\/armstrongyregion.com.ar\/diario\/wp-content\/uploads\/2024\/09\/Movilidad-sustentable.jpg 800w, https:\/\/armstrongyregion.com.ar\/diario\/wp-content\/uploads\/2024\/09\/Movilidad-sustentable-300x240.jpg 300w, https:\/\/armstrongyregion.com.ar\/diario\/wp-content\/uploads\/2024\/09\/Movilidad-sustentable-768x613.jpg 768w\" sizes=\"auto, (max-width: 800px) 100vw, 800px\" \/><\/a><\/figure>\n\n\n\n<p>Del 16 al 22 de septiembre se propone la semana de la movilidad sustentable, que tiene como<br>objetivo concientizar sobre la importancia de la movilidad sustentable y el uso equitativo del espacio<br>p\u00fablico, promoviendo la convivencia, la seguridad vial y la calidad de vida.<br>Algunos consejos: En trayectos de corta y mediana distancia us\u00e1 bici con casco; Si plane\u00e1s moverte a<br>pocas cuadras, caminar es una buena opci\u00f3n; Us\u00e1 el auto lo justo y necesario, es uno de los<br>principales emisores de gases contaminantes.<br>La Provincia de Santa Fe sancion\u00f3 la Ley N\u00b0 13857 de pol\u00edtica de Movilidad Sustentable a partir de la<br>cual el Concejo Municipal de Armstrong sancion\u00f3 la Ordenanza N\u00b0 1622 donde se designa al d\u00eda 22<br>de septiembre de cada a\u00f1o como jornada denominada \u201cD\u00eda Mundial sin Autos y sin Motos\u201d, con la<br>finalidad de promover y visibilizar la \u201cMovilidad Activa\u201d como acci\u00f3n clim\u00e1tica.<br>Son objetivos de dicha Ordenanza: Instar a la disminuci\u00f3n de la utilizaci\u00f3n de veh\u00edculos particulares;<br>Fomentar la caminabilidad y ciclabilidad; Propender a la reducci\u00f3n de las emisiones de gases de<br>efecto invernadero y la contaminaci\u00f3n ambiental de fuentes m\u00f3viles, los niveles de ruido y la<br>contaminaci\u00f3n sonora, entre otros.<br>Por su parte, la Municipalidad de Armstrong lanz\u00f3 una campa\u00f1a de difusi\u00f3n, informaci\u00f3n y<br>comunicaci\u00f3n e invita a asistir en bicicleta o caminando al parque Bracito Fuerte el domingo 22 de<br>septiembre, en el marco de las actividades previstas por la llegada de la primavera.<br>Estamos todos convocados a construir una movilidad m\u00e1s inclusiva y segura.<\/p>\n\n\n\n<p>Lic. Graciela De la Casa.<\/p>\n","protected":false},"excerpt":{"rendered":"<p>Semana de la movilidad sustentable.<\/p>\n","protected":false},"author":1,"featured_media":44086,"comment_status":"open","ping_status":"open","sticky":false,"template":"","format":"image","meta":{"_jetpack_memberships_contains_paid_content":false,"footnotes":"","jetpack_publicize_message":"","jetpack_publicize_feature_enabled":true,"jetpack_social_post_already_shared":true,"jetpack_social_options":{"image_generator_settings":{"template":"highway","default_image_id":0,"enabled":false},"version":2}},"categories":[8,1,2,7,3],"tags":[19,10721,31,8777,11064,919,8523],"class_list":["post-44085","post","type-post","status-publish","format-image","has-post-thumbnail","hentry","category-deliberando","category-diario-armstrong","category-locales","category-politica","category-region","tag-de","tag-diario-armstrong-region","tag-la","tag-lic-graciela-de-la-casa","tag-movilidad","tag-semana","tag-sustentable","post_format-post-format-image"],"jetpack_publicize_connections":[],"jetpack_featured_media_url":"https:\/\/armstrongyregion.com.ar\/diario\/wp-content\/uploads\/2024\/09\/Movilidad-sustentable.jpg","jetpack_shortlink":"https:\/\/wp.me\/p62QDO-bt3","jetpack_sharing_enabled":true,"amp_enabled":true,"_links":{"self":[{"href":"https:\/\/armstrongyregion.com.ar\/diario\/wp-json\/wp\/v2\/posts\/44085","targetHints":{"allow":["GET"]}}],"collection":[{"href":"https:\/\/armstrongyregion.com.ar\/diario\/wp-json\/wp\/v2\/posts"}],"about":[{"href":"https:\/\/armstrongyregion.com.ar\/diario\/wp-json\/wp\/v2\/types\/post"}],"author":[{"embeddable":true,"href":"https:\/\/armstrongyregion.com.ar\/diario\/wp-json\/wp\/v2\/users\/1"}],"replies":[{"embeddable":true,"href":"https:\/\/armstrongyregion.com.ar\/diario\/wp-json\/wp\/v2\/comments?post=44085"}],"version-history":[{"count":2,"href":"https:\/\/armstrongyregion.com.ar\/diario\/wp-json\/wp\/v2\/posts\/44085\/revisions"}],"predecessor-version":[{"id":44306,"href":"https:\/\/armstrongyregion.com.ar\/diario\/wp-json\/wp\/v2\/posts\/44085\/revisions\/44306"}],"wp:featuredmedia":[{"embeddable":true,"href":"https:\/\/armstrongyregion.com.ar\/diario\/wp-json\/wp\/v2\/media\/44086"}],"wp:attachment":[{"href":"https:\/\/armstrongyregion.com.ar\/diario\/wp-json\/wp\/v2\/media?parent=44085"}],"wp:term":[{"taxonomy":"category","embeddable":true,"href":"https:\/\/armstrongyregion.com.ar\/diario\/wp-json\/wp\/v2\/categories?post=44085"},{"taxonomy":"post_tag","embeddable":true,"href":"https:\/\/armstrongyregion.com.ar\/diario\/wp-json\/wp\/v2\/tags?post=44085"}],"curies":[{"name":"wp","href":"https:\/\/api.w.org\/{rel}","templated":true}]}}