{"id":44073,"date":"2024-09-20T19:21:42","date_gmt":"2024-09-20T19:21:42","guid":{"rendered":"https:\/\/armstrongyregion.com.ar\/diario\/?p=44073"},"modified":"2024-09-20T20:02:09","modified_gmt":"2024-09-20T20:02:09","slug":"el-intendendente-guillermo-luzzi-firmo-un-convenio","status":"publish","type":"post","link":"https:\/\/armstrongyregion.com.ar\/diario\/el-intendendente-guillermo-luzzi-firmo-un-convenio\/","title":{"rendered":"El Intendendente Luzzi firm\u00f3 un convenio para llevar adelante el \u00abPrograma Nueva Oportunidad Construyendo Comunidad\u00bb."},"content":{"rendered":"\n<p><\/p>\n\n\n\n<figure class=\"wp-block-image size-full\"><a href=\"http:\/\/armstrongyregion.com.ar\/diario\/wp-content\/uploads\/2024\/09\/luzzi-convenio-1-.jpg\"><img loading=\"lazy\" decoding=\"async\" width=\"615\" height=\"328\" src=\"http:\/\/armstrongyregion.com.ar\/diario\/wp-content\/uploads\/2024\/09\/luzzi-convenio-1-.jpg\" alt=\"\" class=\"wp-image-44074\" srcset=\"https:\/\/armstrongyregion.com.ar\/diario\/wp-content\/uploads\/2024\/09\/luzzi-convenio-1-.jpg 615w, https:\/\/armstrongyregion.com.ar\/diario\/wp-content\/uploads\/2024\/09\/luzzi-convenio-1--300x160.jpg 300w\" sizes=\"auto, (max-width: 615px) 100vw, 615px\" \/><\/a><\/figure>\n\n\n\n<p>El Intendente Guillermo Luzzi en representaci\u00f3n de la Municipalidad de Armstrong firm\u00f3 un<br>convenio con el Ministerio de Igualdad y Desarrollo Humano de la Provincia de Santa Fe para llevar<br>adelante el \u201cPrograma Nueva Oportunidad Construyendo Comunidad\u201d.<\/p>\n\n\n\n<figure class=\"wp-block-image size-full\"><a href=\"http:\/\/armstrongyregion.com.ar\/diario\/wp-content\/uploads\/2024\/09\/luzzi-convenio-2-.jpg\"><img loading=\"lazy\" decoding=\"async\" width=\"800\" height=\"531\" src=\"http:\/\/armstrongyregion.com.ar\/diario\/wp-content\/uploads\/2024\/09\/luzzi-convenio-2-.jpg\" alt=\"\" class=\"wp-image-44075\" srcset=\"https:\/\/armstrongyregion.com.ar\/diario\/wp-content\/uploads\/2024\/09\/luzzi-convenio-2-.jpg 800w, https:\/\/armstrongyregion.com.ar\/diario\/wp-content\/uploads\/2024\/09\/luzzi-convenio-2--300x199.jpg 300w, https:\/\/armstrongyregion.com.ar\/diario\/wp-content\/uploads\/2024\/09\/luzzi-convenio-2--768x510.jpg 768w\" sizes=\"auto, (max-width: 800px) 100vw, 800px\" \/><\/a><\/figure>\n\n\n\n<p><br>En un contexto marcado por la profundizaci\u00f3n de la violencia territorial el programa pretende<br>reconstruir un sistema de cuidados y acompa\u00f1amiento de las juventudes en situaciones de<br>vulnerabilidad y criticidad social.<br>Apunta a fortalecer sus v\u00ednculos, con sus barrios y la ciudad a fin de afianzar los lazos de convivencia<br>e impulsar sus protagonismos.<br>Dirigido a adolescentes y j\u00f3venes de entre 12 y 35 a\u00f1os. El Nueva Oportunidad pretende acompa\u00f1ar<br>espacios grupales de formaci\u00f3n, intercambio y discusi\u00f3n, adem\u00e1s de abordar sus problemas sociales.<br>La tarea de esta pol\u00edtica p\u00fablica es realizar un abordaje integral y territorial de las juventudes que<br>posibilite recuperar sus historias y trayectorias, desplegar otras posibilidades que permitan construir<br>proyectos que contengan horizontes que no rivalicen con sus vidas. Para ello se requiere de un<br>acompa\u00f1amiento que contemple sus inquietudes, demandas e intereses.<br>Se trata de habilitar espacios entre acompa\u00f1antes y acompa\u00f1ados\/as, que construya comunidad. En<br>este sentido, los\/as acompa\u00f1antes ser\u00e1n una pieza fundamental para la generaci\u00f3n de terceros<br>tiempos en tanto instancias de encuentro, discusi\u00f3n, debate, intercambio y reflexi\u00f3n sobre su<br>participaci\u00f3n en los talleres.<br>Se propone trabajar en instancias de talleres (trayectos pedag\u00f3gicos) integrados por talleristas y<br>acompa\u00f1antes. Estos espacios de grupalidad tienen como principal objetivo generar lazos<br>comunitarios y sentido de pertenencia.<br>A modo de asignaci\u00f3n econ\u00f3mica el Programa contempla: Beca-Incentivo, de car\u00e1cter mensual y<br>personal a los j\u00f3venes de entre 16 y 35 a\u00f1os que participen del programa; Para los adolescentes de<br>entre 12 y 15 a\u00f1os el programa estipula incentivos no econ\u00f3micos, entre otros.<\/p>\n","protected":false},"excerpt":{"rendered":"<p>convenio con el Ministerio de Igualdad y Desarrollo Humano de la Provincia de Santa Fe para llevar<br \/>\nadelante el \u201cPrograma Nueva Oportunidad Construyendo Comunidad\u201d.<\/p>\n","protected":false},"author":1,"featured_media":44074,"comment_status":"open","ping_status":"open","sticky":false,"template":"","format":"image","meta":{"_jetpack_memberships_contains_paid_content":false,"footnotes":"","jetpack_publicize_message":"","jetpack_publicize_feature_enabled":true,"jetpack_social_post_already_shared":true,"jetpack_social_options":{"image_generator_settings":{"template":"highway","default_image_id":0,"enabled":false},"version":2}},"categories":[8,1,2,7,3],"tags":[1081,10721,16,2376,10050,8503,8777,192],"class_list":["post-44073","post","type-post","status-publish","format-image","has-post-thumbnail","hentry","category-deliberando","category-diario-armstrong","category-locales","category-politica","category-region","tag-convenio","tag-diario-armstrong-region","tag-el","tag-firmo","tag-guillermo-luzzi","tag-intendente-2","tag-lic-graciela-de-la-casa","tag-un","post_format-post-format-image"],"jetpack_publicize_connections":[],"jetpack_featured_media_url":"https:\/\/armstrongyregion.com.ar\/diario\/wp-content\/uploads\/2024\/09\/luzzi-convenio-1-.jpg","jetpack_shortlink":"https:\/\/wp.me\/p62QDO-bsR","jetpack_sharing_enabled":true,"amp_enabled":true,"_links":{"self":[{"href":"https:\/\/armstrongyregion.com.ar\/diario\/wp-json\/wp\/v2\/posts\/44073","targetHints":{"allow":["GET"]}}],"collection":[{"href":"https:\/\/armstrongyregion.com.ar\/diario\/wp-json\/wp\/v2\/posts"}],"about":[{"href":"https:\/\/armstrongyregion.com.ar\/diario\/wp-json\/wp\/v2\/types\/post"}],"author":[{"embeddable":true,"href":"https:\/\/armstrongyregion.com.ar\/diario\/wp-json\/wp\/v2\/users\/1"}],"replies":[{"embeddable":true,"href":"https:\/\/armstrongyregion.com.ar\/diario\/wp-json\/wp\/v2\/comments?post=44073"}],"version-history":[{"count":2,"href":"https:\/\/armstrongyregion.com.ar\/diario\/wp-json\/wp\/v2\/posts\/44073\/revisions"}],"predecessor-version":[{"id":44083,"href":"https:\/\/armstrongyregion.com.ar\/diario\/wp-json\/wp\/v2\/posts\/44073\/revisions\/44083"}],"wp:featuredmedia":[{"embeddable":true,"href":"https:\/\/armstrongyregion.com.ar\/diario\/wp-json\/wp\/v2\/media\/44074"}],"wp:attachment":[{"href":"https:\/\/armstrongyregion.com.ar\/diario\/wp-json\/wp\/v2\/media?parent=44073"}],"wp:term":[{"taxonomy":"category","embeddable":true,"href":"https:\/\/armstrongyregion.com.ar\/diario\/wp-json\/wp\/v2\/categories?post=44073"},{"taxonomy":"post_tag","embeddable":true,"href":"https:\/\/armstrongyregion.com.ar\/diario\/wp-json\/wp\/v2\/tags?post=44073"}],"curies":[{"name":"wp","href":"https:\/\/api.w.org\/{rel}","templated":true}]}}