{"id":44068,"date":"2024-09-20T00:41:24","date_gmt":"2024-09-20T00:41:24","guid":{"rendered":"https:\/\/armstrongyregion.com.ar\/diario\/?p=44068"},"modified":"2024-09-20T00:41:27","modified_gmt":"2024-09-20T00:41:27","slug":"se-presento-el-programa-provincial-formar-potenciando-deportistas","status":"publish","type":"post","link":"https:\/\/armstrongyregion.com.ar\/diario\/se-presento-el-programa-provincial-formar-potenciando-deportistas\/","title":{"rendered":"Se present\u00f3 el programa provincial Formar + Potenciando Deportistas."},"content":{"rendered":"\n<figure class=\"wp-block-image size-full\"><a href=\"http:\/\/armstrongyregion.com.ar\/diario\/wp-content\/uploads\/2024\/09\/potenciar-mas-1.jpg\"><img loading=\"lazy\" decoding=\"async\" width=\"640\" height=\"427\" src=\"http:\/\/armstrongyregion.com.ar\/diario\/wp-content\/uploads\/2024\/09\/potenciar-mas-1.jpg\" alt=\"\" class=\"wp-image-44069\" srcset=\"https:\/\/armstrongyregion.com.ar\/diario\/wp-content\/uploads\/2024\/09\/potenciar-mas-1.jpg 640w, https:\/\/armstrongyregion.com.ar\/diario\/wp-content\/uploads\/2024\/09\/potenciar-mas-1-300x200.jpg 300w\" sizes=\"auto, (max-width: 640px) 100vw, 640px\" \/><\/a><\/figure>\n\n\n\n<p>Este mi\u00e9rcoles 18, en el sal\u00f3n Delmo Dar\u00f3 se realiz\u00f3 la presentaci\u00f3n del Centro de Evaluaciones<br>M\u00e9dico Deportivas (CEMEDEP) \u201cFormar + Potenciando Deportistas\u201d, dependiente de la Secretar\u00eda de<br>Deportes del Ministerio de Igualdad y Desarrollo Humano.<\/p>\n\n\n\n<figure class=\"wp-block-image size-full\"><a href=\"http:\/\/armstrongyregion.com.ar\/diario\/wp-content\/uploads\/2024\/09\/potenciar-mas-2-.jpg\"><img loading=\"lazy\" decoding=\"async\" width=\"640\" height=\"427\" src=\"http:\/\/armstrongyregion.com.ar\/diario\/wp-content\/uploads\/2024\/09\/potenciar-mas-2-.jpg\" alt=\"\" class=\"wp-image-44070\" srcset=\"https:\/\/armstrongyregion.com.ar\/diario\/wp-content\/uploads\/2024\/09\/potenciar-mas-2-.jpg 640w, https:\/\/armstrongyregion.com.ar\/diario\/wp-content\/uploads\/2024\/09\/potenciar-mas-2--300x200.jpg 300w\" sizes=\"auto, (max-width: 640px) 100vw, 640px\" \/><\/a><\/figure>\n\n\n\n<p><br>La misma estuvo destinada a dirigentes deportivos, licenciados y profesores de Educaci\u00f3n F\u00edsica,<br>entrenadores, deportistas, padres y profesionales de la salud con orientaci\u00f3n deportiva.<br>La ministra Victoria Tejeda oportunamente destac\u00f3 que \u201cnosotros en la Secretar\u00eda de Deportes<br>contamos con recursos humanos muy importantes, que forman parte del Centro de Evaluaciones<br>M\u00e9dico Deportivas y que era una oportunidad que pod\u00edan aprovechar solo los que viv\u00edan en la<br>ciudad de Santa Fe y lo que hoy estamos haciendo aqu\u00ed es que todos los santafesinos tengan la<br>posibilidad de contar con estos recursos\u201d.<\/p>\n\n\n\n<figure class=\"wp-block-image size-full\"><a href=\"http:\/\/armstrongyregion.com.ar\/diario\/wp-content\/uploads\/2024\/09\/potenciar-mas-3-.jpg\"><img loading=\"lazy\" decoding=\"async\" width=\"640\" height=\"427\" src=\"http:\/\/armstrongyregion.com.ar\/diario\/wp-content\/uploads\/2024\/09\/potenciar-mas-3-.jpg\" alt=\"\" class=\"wp-image-44071\" srcset=\"https:\/\/armstrongyregion.com.ar\/diario\/wp-content\/uploads\/2024\/09\/potenciar-mas-3-.jpg 640w, https:\/\/armstrongyregion.com.ar\/diario\/wp-content\/uploads\/2024\/09\/potenciar-mas-3--300x200.jpg 300w\" sizes=\"auto, (max-width: 640px) 100vw, 640px\" \/><\/a><\/figure>\n\n\n\n<p><br>\u201cEsta iniciativa la llevamos adelante siguiendo las indicaciones del gobernador, Maximiliano Pullaro,<br>que desde el inicio de la gesti\u00f3n nos pidi\u00f3 que llevemos el Estado a todas las localidades de nuestra<br>provincia\u201d, a\u00f1adi\u00f3.<br>Las disertaciones estuvieron a cargo de profesionales que integran el equipo: kinesi\u00f3logos del<br>deporte, metod\u00f3logo, psic\u00f3logo del deporte, nutricionistas deportivos quienes llegaron<br>acompa\u00f1ados por la Subsecretaria de Deportes Federados de la Provincia de Santa Fe Prof. Silvina<br>Rodr\u00edguez Mes\u00f3n quien est\u00e1 a cargo del mediano y alto rendimiento.<br>El Centro de Evaluaciones M\u00e9dico Deportivas (CeMeDep) contribuye desde las ciencias del ejercicio<br>al desarrollo del deporte de alto rendimiento, asesorando a entrenadores y evaluando a atletas,<br>protegiendo la salud y potenciando el rendimiento.<br>Este programa est\u00e1 disponible para todos los deportistas a trav\u00e9s de los Clubes, dirigentes,<br>profesores y para aquellos que lo hacen individualmente y\/o amateur de las diferentes disciplinas.<\/p>\n","protected":false},"excerpt":{"rendered":"<p>Se present\u00f3 el programa provincial Formar + Potenciando Deportistas.<\/p>\n","protected":false},"author":1,"featured_media":44069,"comment_status":"open","ping_status":"open","sticky":false,"template":"","format":"image","meta":{"_jetpack_memberships_contains_paid_content":false,"footnotes":"","jetpack_publicize_message":"","jetpack_publicize_feature_enabled":true,"jetpack_social_post_already_shared":true,"jetpack_social_options":{"image_generator_settings":{"template":"highway","default_image_id":0,"enabled":false},"version":2}},"categories":[8,1,2,7,3],"tags":[11063,10721,8777,11049,11062,582],"class_list":["post-44068","post","type-post","status-publish","format-image","has-post-thumbnail","hentry","category-deliberando","category-diario-armstrong","category-locales","category-politica","category-region","tag-deportistas","tag-diario-armstrong-region","tag-lic-graciela-de-la-casa","tag-potenciando","tag-potenciar-formar","tag-programa","post_format-post-format-image"],"jetpack_publicize_connections":[],"jetpack_featured_media_url":"https:\/\/armstrongyregion.com.ar\/diario\/wp-content\/uploads\/2024\/09\/potenciar-mas-1.jpg","jetpack_shortlink":"https:\/\/wp.me\/p62QDO-bsM","jetpack_sharing_enabled":true,"amp_enabled":true,"_links":{"self":[{"href":"https:\/\/armstrongyregion.com.ar\/diario\/wp-json\/wp\/v2\/posts\/44068","targetHints":{"allow":["GET"]}}],"collection":[{"href":"https:\/\/armstrongyregion.com.ar\/diario\/wp-json\/wp\/v2\/posts"}],"about":[{"href":"https:\/\/armstrongyregion.com.ar\/diario\/wp-json\/wp\/v2\/types\/post"}],"author":[{"embeddable":true,"href":"https:\/\/armstrongyregion.com.ar\/diario\/wp-json\/wp\/v2\/users\/1"}],"replies":[{"embeddable":true,"href":"https:\/\/armstrongyregion.com.ar\/diario\/wp-json\/wp\/v2\/comments?post=44068"}],"version-history":[{"count":1,"href":"https:\/\/armstrongyregion.com.ar\/diario\/wp-json\/wp\/v2\/posts\/44068\/revisions"}],"predecessor-version":[{"id":44072,"href":"https:\/\/armstrongyregion.com.ar\/diario\/wp-json\/wp\/v2\/posts\/44068\/revisions\/44072"}],"wp:featuredmedia":[{"embeddable":true,"href":"https:\/\/armstrongyregion.com.ar\/diario\/wp-json\/wp\/v2\/media\/44069"}],"wp:attachment":[{"href":"https:\/\/armstrongyregion.com.ar\/diario\/wp-json\/wp\/v2\/media?parent=44068"}],"wp:term":[{"taxonomy":"category","embeddable":true,"href":"https:\/\/armstrongyregion.com.ar\/diario\/wp-json\/wp\/v2\/categories?post=44068"},{"taxonomy":"post_tag","embeddable":true,"href":"https:\/\/armstrongyregion.com.ar\/diario\/wp-json\/wp\/v2\/tags?post=44068"}],"curies":[{"name":"wp","href":"https:\/\/api.w.org\/{rel}","templated":true}]}}