{"id":44065,"date":"2024-09-20T00:17:47","date_gmt":"2024-09-20T00:17:47","guid":{"rendered":"https:\/\/armstrongyregion.com.ar\/diario\/?p=44065"},"modified":"2024-10-10T04:54:49","modified_gmt":"2024-10-10T04:54:49","slug":"renovacion-por-armstrong-solicito-relevamiento-de-rampas-y-presento-un-proyecto-destinado-a-ninos-de-educacion-primaria","status":"publish","type":"post","link":"https:\/\/armstrongyregion.com.ar\/diario\/renovacion-por-armstrong-solicito-relevamiento-de-rampas-y-presento-un-proyecto-destinado-a-ninos-de-educacion-primaria\/","title":{"rendered":"Renovaci\u00f3n por Armstrong solicit\u00f3 relevamiento de rampas y present\u00f3 un proyecto destinado a ni\u00f1os de educaci\u00f3n primaria."},"content":{"rendered":"\n<figure class=\"wp-block-image size-full\"><a href=\"http:\/\/armstrongyregion.com.ar\/diario\/wp-content\/uploads\/2024\/08\/Emiliano-Gramigna-15-8-24-.jpg\"><img loading=\"lazy\" decoding=\"async\" width=\"756\" height=\"666\" src=\"http:\/\/armstrongyregion.com.ar\/diario\/wp-content\/uploads\/2024\/08\/Emiliano-Gramigna-15-8-24-.jpg\" alt=\"\" class=\"wp-image-43750\" srcset=\"https:\/\/armstrongyregion.com.ar\/diario\/wp-content\/uploads\/2024\/08\/Emiliano-Gramigna-15-8-24-.jpg 756w, https:\/\/armstrongyregion.com.ar\/diario\/wp-content\/uploads\/2024\/08\/Emiliano-Gramigna-15-8-24--300x264.jpg 300w\" sizes=\"auto, (max-width: 756px) 100vw, 756px\" \/><\/a><\/figure>\n\n\n\n<p>El concejal Emiliano Gramigna, de Renovacion por Armstrong, inform\u00f3 sobre proyectos presentados por su bloque.<br>El edil comenz\u00f3 detallando: \u201cPresentamos dos proyectos uno es una minuta de comunicaci\u00f3n en la que solicitamos que se haga un relevamiento de la rampas que hoy existen en la ciudad, que est\u00e1n en las esquinas en la parte del ejido urbano tambi\u00e9n en los lugares p\u00fablicos, como escuelas e instituciones. La finalidad de este pedido es ver la correcta utilizaci\u00f3n de las mismas y en caso que no est\u00e9n en condiciones que sean reparadas y donde no haya realizarlas.\u201d<\/p>\n\n\n\n<p><br>El otro tema presentado es un proyecto de ordenanza para la creaci\u00f3n de un PROGRAMA \u201cEL CONCEJO VA A TU ESCUELA\u201d. La idea es que el legislativo pueda acercarse a la instituci\u00f3n escolar y trabajar sobre todo en la escuela primaria donde se haga una relaci\u00f3n entre el concejo y las instituciones educativas para poder contar la actividad legislativa que tenemos. Formar e informar sobre c\u00f3mo se tratan los temas, como se hace una ordenanza, como son las sesiones, es decir que tanto los chicos como los j\u00f3venes sepan c\u00f3mo funciona el estado con sus tres poderes\u00bb<\/p>\n\n\n\n<p><br>Luego a\u00f1adi\u00f3: \u00abDespu\u00e9s de ver c\u00f3mo fue la p\u00e9sima sesi\u00f3n que hubo en diputados la semana pasada en la que se aprob\u00f3 la reforma previsional totalmente viciada y sin ning\u00fan tipo de apego al reglamento vigente y que no tenemos que naturalizar eso. La \u00fanica forma es que quienes estamos hoy en la funci\u00f3n p\u00fablica, cualquier estamento sea, debi\u00e9ramos darle la informaci\u00f3n a los chicos y que ellos puedan<br>en su momento aplicarlo en su vida pol\u00edtica eligiendo o siendo elegidos que reciban esa informaci\u00f3n desde chicos.\u201d<\/p>\n\n\n\n<p>Fuente: Lic. Graciela De la Casa.<\/p>\n","protected":false},"excerpt":{"rendered":"<p>Renovaci\u00f3n por Armstrong solicit\u00f3 relevamiento de rampas y present\u00f3 un proyecto destinado a ni\u00f1os de educaci\u00f3n primaria.<\/p>\n","protected":false},"author":1,"featured_media":43750,"comment_status":"open","ping_status":"open","sticky":false,"template":"","format":"image","meta":{"_jetpack_memberships_contains_paid_content":false,"footnotes":"","jetpack_publicize_message":"","jetpack_publicize_feature_enabled":true,"jetpack_social_post_already_shared":true,"jetpack_social_options":{"image_generator_settings":{"template":"highway","default_image_id":0,"enabled":false},"version":2}},"categories":[8,1,2,7,3],"tags":[33,19,11060,10721,11061,8777,8748,639,11059,4403,9298,2732],"class_list":["post-44065","post","type-post","status-publish","format-image","has-post-thumbnail","hentry","category-deliberando","category-diario-armstrong","category-locales","category-politica","category-region","tag-a","tag-de","tag-destinado","tag-diario-armstrong-region","tag-escuelas-primarias","tag-lic-graciela-de-la-casa","tag-ninos-2","tag-proyecto","tag-rampas","tag-relevamiento","tag-renovacion-por-armstrong","tag-solicito","post_format-post-format-image"],"jetpack_publicize_connections":[],"jetpack_featured_media_url":"https:\/\/armstrongyregion.com.ar\/diario\/wp-content\/uploads\/2024\/08\/Emiliano-Gramigna-15-8-24-.jpg","jetpack_shortlink":"https:\/\/wp.me\/p62QDO-bsJ","jetpack_sharing_enabled":true,"amp_enabled":true,"_links":{"self":[{"href":"https:\/\/armstrongyregion.com.ar\/diario\/wp-json\/wp\/v2\/posts\/44065","targetHints":{"allow":["GET"]}}],"collection":[{"href":"https:\/\/armstrongyregion.com.ar\/diario\/wp-json\/wp\/v2\/posts"}],"about":[{"href":"https:\/\/armstrongyregion.com.ar\/diario\/wp-json\/wp\/v2\/types\/post"}],"author":[{"embeddable":true,"href":"https:\/\/armstrongyregion.com.ar\/diario\/wp-json\/wp\/v2\/users\/1"}],"replies":[{"embeddable":true,"href":"https:\/\/armstrongyregion.com.ar\/diario\/wp-json\/wp\/v2\/comments?post=44065"}],"version-history":[{"count":2,"href":"https:\/\/armstrongyregion.com.ar\/diario\/wp-json\/wp\/v2\/posts\/44065\/revisions"}],"predecessor-version":[{"id":44307,"href":"https:\/\/armstrongyregion.com.ar\/diario\/wp-json\/wp\/v2\/posts\/44065\/revisions\/44307"}],"wp:featuredmedia":[{"embeddable":true,"href":"https:\/\/armstrongyregion.com.ar\/diario\/wp-json\/wp\/v2\/media\/43750"}],"wp:attachment":[{"href":"https:\/\/armstrongyregion.com.ar\/diario\/wp-json\/wp\/v2\/media?parent=44065"}],"wp:term":[{"taxonomy":"category","embeddable":true,"href":"https:\/\/armstrongyregion.com.ar\/diario\/wp-json\/wp\/v2\/categories?post=44065"},{"taxonomy":"post_tag","embeddable":true,"href":"https:\/\/armstrongyregion.com.ar\/diario\/wp-json\/wp\/v2\/tags?post=44065"}],"curies":[{"name":"wp","href":"https:\/\/api.w.org\/{rel}","templated":true}]}}