{"id":44063,"date":"2024-09-19T23:49:12","date_gmt":"2024-09-19T23:49:12","guid":{"rendered":"https:\/\/armstrongyregion.com.ar\/diario\/?p=44063"},"modified":"2024-10-10T04:55:34","modified_gmt":"2024-10-10T04:55:34","slug":"campana-de-concientizacion-en-el-dia-nacional-de-la-conciencia-ambiental","status":"publish","type":"post","link":"https:\/\/armstrongyregion.com.ar\/diario\/campana-de-concientizacion-en-el-dia-nacional-de-la-conciencia-ambiental\/","title":{"rendered":"Campa\u00f1a de Concientizaci\u00f3n en el \u201cD\u00eda Nacional de la Conciencia Ambiental\u00bb"},"content":{"rendered":"\n<p><\/p>\n\n\n\n<figure class=\"wp-block-image size-full\"><a href=\"http:\/\/armstrongyregion.com.ar\/diario\/wp-content\/uploads\/2024\/06\/Carla-Revigliono-19-06-24-.jpg\"><img loading=\"lazy\" decoding=\"async\" width=\"742\" height=\"591\" src=\"http:\/\/armstrongyregion.com.ar\/diario\/wp-content\/uploads\/2024\/06\/Carla-Revigliono-19-06-24-.jpg\" alt=\"\" class=\"wp-image-43189\" srcset=\"https:\/\/armstrongyregion.com.ar\/diario\/wp-content\/uploads\/2024\/06\/Carla-Revigliono-19-06-24-.jpg 742w, https:\/\/armstrongyregion.com.ar\/diario\/wp-content\/uploads\/2024\/06\/Carla-Revigliono-19-06-24--300x239.jpg 300w\" sizes=\"auto, (max-width: 742px) 100vw, 742px\" \/><\/a><\/figure>\n\n\n\n<p><strong>La concejala del bloque Unidos, Carla Revigliono dio los detalles del proyecto presentado por su sector en el Concejo Deliberante de nuestra ciudad. Dijo<\/strong>: \u201cHemos presentado un proyecto donde proponemos una campa\u00f1a de concientizaci\u00f3n ambiental. Se lo proponemos al departamento ejecutivo municipal para que lleve adelante acciones para seguir generando conciencia sobre la importancia del cuidado del medio ambiente\u201d.<\/p>\n\n\n\n<p>\u201cSe viene llevando adelante cada a\u00f1o \u2013 <strong>prosigui\u00f3 diciendo la edila<\/strong> \u2013 diferentes campa\u00f1as como por ejemplo la de descacharrizaci\u00f3n, la prevenci\u00f3n contra el dengue, las eco botellas en las escuelas, los recipientes para las pilas, a prop\u00f3sito sobre este tema estuvimos charlando con la gente que trabaja en la planta de reciclaje, la posibilidad de incorporar tambi\u00e9n un recipiente exclusivo para pilas. Por lo pronto lo que se est\u00e1 haciendo es solicitar que se separe las pilas en botellas y llevarlas a los &nbsp;Minions y queden separadas del resto.\u201d<\/p>\n\n\n\n<p><strong>M\u00e1s adelante ampli\u00f3 el concepto al decir:<\/strong> \u201cDe esta manera llevar adelante en coincidencia con el D\u00eda Nacional de la Conciencia Ambiental que es el pr\u00f3ximo 27 de setiembre, una campa\u00f1a de concientizaci\u00f3n y se comunique por los distintos medios informativos, redes sociales, y charlas fundamentalmente con los estudiantes que saben tener interesantes iniciativas con respecto al cuidado ambiental.\u201d<\/p>\n\n\n\n<p>Fuente: Lic. Graciela De la Casa.<\/p>\n","protected":false},"excerpt":{"rendered":"<p>Campa\u00f1a de Concientizaci\u00f3n en el \u201cD\u00eda Nacional de la Conciencia Ambiental\u00bb<\/p>\n","protected":false},"author":1,"featured_media":43189,"comment_status":"open","ping_status":"open","sticky":false,"template":"","format":"image","meta":{"_jetpack_memberships_contains_paid_content":false,"footnotes":"","jetpack_publicize_message":"","jetpack_publicize_feature_enabled":true,"jetpack_social_post_already_shared":true,"jetpack_social_options":{"image_generator_settings":{"template":"highway","default_image_id":0,"enabled":false},"version":2}},"categories":[8,1,2,7,3],"tags":[11058,9425,9924,8777,1448],"class_list":["post-44063","post","type-post","status-publish","format-image","has-post-thumbnail","hentry","category-deliberando","category-diario-armstrong","category-locales","category-politica","category-region","tag-campana-de-concientizacion","tag-carla-revigliono","tag-diario-armstrong-y-region-2","tag-lic-graciela-de-la-casa","tag-unidos","post_format-post-format-image"],"jetpack_publicize_connections":[],"jetpack_featured_media_url":"https:\/\/armstrongyregion.com.ar\/diario\/wp-content\/uploads\/2024\/06\/Carla-Revigliono-19-06-24-.jpg","jetpack_shortlink":"https:\/\/wp.me\/p62QDO-bsH","jetpack_sharing_enabled":true,"amp_enabled":true,"_links":{"self":[{"href":"https:\/\/armstrongyregion.com.ar\/diario\/wp-json\/wp\/v2\/posts\/44063","targetHints":{"allow":["GET"]}}],"collection":[{"href":"https:\/\/armstrongyregion.com.ar\/diario\/wp-json\/wp\/v2\/posts"}],"about":[{"href":"https:\/\/armstrongyregion.com.ar\/diario\/wp-json\/wp\/v2\/types\/post"}],"author":[{"embeddable":true,"href":"https:\/\/armstrongyregion.com.ar\/diario\/wp-json\/wp\/v2\/users\/1"}],"replies":[{"embeddable":true,"href":"https:\/\/armstrongyregion.com.ar\/diario\/wp-json\/wp\/v2\/comments?post=44063"}],"version-history":[{"count":3,"href":"https:\/\/armstrongyregion.com.ar\/diario\/wp-json\/wp\/v2\/posts\/44063\/revisions"}],"predecessor-version":[{"id":44308,"href":"https:\/\/armstrongyregion.com.ar\/diario\/wp-json\/wp\/v2\/posts\/44063\/revisions\/44308"}],"wp:featuredmedia":[{"embeddable":true,"href":"https:\/\/armstrongyregion.com.ar\/diario\/wp-json\/wp\/v2\/media\/43189"}],"wp:attachment":[{"href":"https:\/\/armstrongyregion.com.ar\/diario\/wp-json\/wp\/v2\/media?parent=44063"}],"wp:term":[{"taxonomy":"category","embeddable":true,"href":"https:\/\/armstrongyregion.com.ar\/diario\/wp-json\/wp\/v2\/categories?post=44063"},{"taxonomy":"post_tag","embeddable":true,"href":"https:\/\/armstrongyregion.com.ar\/diario\/wp-json\/wp\/v2\/tags?post=44063"}],"curies":[{"name":"wp","href":"https:\/\/api.w.org\/{rel}","templated":true}]}}