{"id":44060,"date":"2024-09-19T23:27:54","date_gmt":"2024-09-19T23:27:54","guid":{"rendered":"https:\/\/armstrongyregion.com.ar\/diario\/?p=44060"},"modified":"2024-09-19T23:27:57","modified_gmt":"2024-09-19T23:27:57","slug":"programa-1000-aulas-educacion-puso-en-ejecucion-las-primeras-250-aulas","status":"publish","type":"post","link":"https:\/\/armstrongyregion.com.ar\/diario\/programa-1000-aulas-educacion-puso-en-ejecucion-las-primeras-250-aulas\/","title":{"rendered":"Programa 1000 Aulas: Educaci\u00f3n puso en ejecuci\u00f3n las primeras 250 aulas."},"content":{"rendered":"\n<figure class=\"wp-block-image size-full\"><a href=\"http:\/\/armstrongyregion.com.ar\/diario\/wp-content\/uploads\/2024\/09\/aulas-belgrano-.jpg\"><img loading=\"lazy\" decoding=\"async\" width=\"800\" height=\"533\" src=\"http:\/\/armstrongyregion.com.ar\/diario\/wp-content\/uploads\/2024\/09\/aulas-belgrano-.jpg\" alt=\"\" class=\"wp-image-44061\" srcset=\"https:\/\/armstrongyregion.com.ar\/diario\/wp-content\/uploads\/2024\/09\/aulas-belgrano-.jpg 800w, https:\/\/armstrongyregion.com.ar\/diario\/wp-content\/uploads\/2024\/09\/aulas-belgrano--300x200.jpg 300w, https:\/\/armstrongyregion.com.ar\/diario\/wp-content\/uploads\/2024\/09\/aulas-belgrano--768x512.jpg 768w\" sizes=\"auto, (max-width: 800px) 100vw, 800px\" \/><\/a><\/figure>\n\n\n\n<h2 class=\"wp-block-heading\">En un acto realizado en Casa de Gobierno, se firmaron convenios para la construcci\u00f3n de 47 aulas en 45 localidades santafesinas. Cada aula demand\u00f3 una inversi\u00f3n de $ 48 millones. La inversi\u00f3n total para las 250 aulas fue de $ 10.000 millones. \u201cHoy completamos el mandato que nos puso el Gobernador, y la meta es llegar a 400 aulas\u201d, afirm\u00f3 el ministro Goity.<\/h2>\n\n\n\n<p>A partir del programa 1000 Aulas, el Ministerio de Educaci\u00f3n de la Provincia puso en ejecuci\u00f3n las primeras 250 aulas previstas para el a\u00f1o 2024. En ese marco, este jueves el titular de la cartera educativa, Jos\u00e9 Goity, encabez\u00f3 un acto en el Sal\u00f3n Blanco de la Casa de Gobierno de Santa Fe en el que se firmaron convenios para la construcci\u00f3n de 47 aulas en 45 localidades de la provincia que demandan una inversi\u00f3n de $ 48 millones por aula, mientras que la inversi\u00f3n total asignada para este a\u00f1o fue de $ 10.000 millones.<\/p>\n\n\n\n<p>A los convenios ya firmados para la construcci\u00f3n de 34, 78 y 47 aulas en localidades de toda la provincia se les suman 3 grandes licitaciones que est\u00e1n en marcha para 25 nuevas aulas en Santa Fe y Santo Tom\u00e9, 45 en Rosario y Villa Gobernador G\u00e1lvez y 25 en Venado Tuerto. En ese marco, Goity destac\u00f3: \u201cNos propusimos tener un plan de infraestructura acorde a las necesidades y lo estamos haciendo\u201d. \u201cHoy completamos el mandato que nos puso el gobernador Maximiliano Pullaro, el gobierno y la sociedad de completar 250 aulas en un a\u00f1o\u201d, recalc\u00f3 el ministro, quien agreg\u00f3: \u201cTodas las aulas est\u00e1n en ejecuci\u00f3n y vamos a llegar a fin de a\u00f1o y al principio del ciclo lectivo con cada una de las aulas habilitadas, trabajando con el mobiliario correspondiente\u201d.<\/p>\n\n\n\n<p>Del acto participaron adem\u00e1s, los ministros de Gobierno e Innovaci\u00f3n P\u00fablica, Fabi\u00e1n Bastia; de Econom\u00eda, Pablo Olivares; de Cultura, Susana Rueda; las secretarias de Coordinaci\u00f3n y Gesti\u00f3n de Recursos, Mar\u00eda Mart\u00edn; de Educaci\u00f3n, Carolina Piedrabuena; de Gesti\u00f3n Territorial y Educativa, Daiana Gallo Ambrosis; el secretario general de la Gobernaci\u00f3n, Juan Cruz C\u00e1ndido; el presidente provisional del Senado, Felipe Michlig; dem\u00e1s legisladores, supervisores, personal directivo y docentes.<\/p>\n\n\n\n<figure class=\"wp-block-image\"><img decoding=\"async\" src=\"https:\/\/ci3.googleusercontent.com\/meips\/ADKq_NYCE94tm-j2Z5plYkc_LAd5XFQb2ZFVBp2mu4vGeyoDVA0Wxwg5C1WD1lvXd0QTKI0OkQb3HSJMcRyq7hsXELyCT5PHcF19VoKGDpiBNF5BYFpyFIzMiV-YrokqNSdXlS2kzhkHE8_SdUq3TB4=s0-d-e1-ft#https:\/\/www.santafe.gov.ar\/noticias\/recursos\/fotos\/2024\/09\/2024-09-19NID_281238O_2.jpeg\" alt=\"\"\/><\/figure>\n\n\n\n<p><strong>Calidad educativa para la posteridad<\/strong><br>Bastia, asegur\u00f3 que \u201choy es un d\u00eda hist\u00f3rico porque se van dando distintas acciones que tienen que ver con cambiar y transformar la provincia y estar cumpliendo con la palabra, entendiendo a la educaci\u00f3n como un valor fundamental\u201d. El ministro Olivares, remarc\u00f3 la importancia de tener aulas en condiciones: \u201cSon espacios donde los ni\u00f1os aprenden a moverse, a encontrar el sentido de las cosas como lo da la cultura, pero tambi\u00e9n se aprende a compartir, a tolerar, a escuchar al otro, a autocontrolarse y a soportar a veces que otro piense distinto para encontrar una verdad que est\u00e9 en el camino\u201d.<\/p>\n\n\n\n<p>Por \u00faltimo, la secretaria Mart\u00edn expres\u00f3 que \u201choy firmamos estos co-convenios que nos permiten alcanzar ese objetivo que nos hab\u00edamos trazado de 250 aulas en construcci\u00f3n para el a\u00f1o que viene y lo hicimos con la convicci\u00f3n de que mejor infraestructura son mejores aprendizajes\u201d.<\/p>\n\n\n\n<figure class=\"wp-block-image\"><img decoding=\"async\" src=\"https:\/\/ci3.googleusercontent.com\/meips\/ADKq_NbMpHJthpY1lS1-bI1GiCh-4b1BJFZuvpPbrwbWej0rub_IRy9npqPy6GkjD7tJiBMzCrU1vVHVbhx9FKEaWlXaCCdOvYxKSrOZP7eOz5Cf15wxQribxTNhUmbS_9xaIkNbP58oFxUPV0win50=s0-d-e1-ft#https:\/\/www.santafe.gov.ar\/noticias\/recursos\/fotos\/2024\/09\/2024-09-19NID_281238O_3.jpeg\" alt=\"\"\/><\/figure>\n\n\n\n<p><strong>Las 43 localidades beneficiadas<\/strong><br>En el departamento San Jer\u00f3nimo, escuelas de D\u00edaz y Loma Alta tendr\u00e1n 1 nueva aula cada una. En San Justo se har\u00e1 un aula para Marcelino Escalada, otra para Videla y otra para Pedro G. Cello. En Iriondo, Serodino (1) y Totoras (1). En Belgrano, Tortugas y Las Rosas, un aula para cada una. En General L\u00f3pez, una aula nueva para Amen\u00e1bar y otra para Sancti Spiritu. En San Crist\u00f3bal, las localidades de Arruf\u00f3, Constanza, y \u00d1anducita tendr\u00e1n un aula cada una. En La Capital, las beneficiadas son escuelas de Nelson (1), Sauce Viejo (1) y Campo Andino (1). En tanto, en 9 de Julio, habr\u00e1 nuevas aulas en Tostado y Logro\u00f1o, una para cada localidad. En San Lorenzo, Rold\u00e1n tendr\u00e1 dos aulas, una para San Lorenzo y otra para Timb\u00faes y en Caseros, una nueva aula para Chab\u00e1s, San Jos\u00e9 de la Esquina (1) y Arequito (1). En Las Colonias habr\u00e1 nuevas aulas en Progreso (1) y en San Jer\u00f3nimo del Sauce (1). El Castellanos, en Sunchales (1) Tacurales (1) y Clucellas (1). En Rosario, se suman nuevas aulas en Arroyo Seco (1) y Uranga (1).<\/p>\n\n\n\n<p>En General Obligado, Villa Ocampo tendr\u00e1 dos nuevas aulas. Asimismo, en San Mart\u00edn habr\u00e1 una nueva aula en San Mart\u00edn de las Escobas y otra en el Tr\u00e9bol. En San Javier se suman aulas en escuelas de Cacique Aracaiquin (1) y Colonia Dur\u00e1n (1). En Vera habr\u00e1 nuevas aulas en Vera (1), La Gallareta (1) y Tartagal (1). En Constituci\u00f3n habr\u00e1 nuevas aulas en escuelas de Juncal (1), Empalme Villa Constituci\u00f3n (1) y en Villa Constituci\u00f3n (1).<\/p>\n\n\n\n<p>Finalmente Garay sumar\u00e1 nuevas aulas en escuelas de Helvecia (1) y Colonia Masc\u00edas (1).<\/p>\n","protected":false},"excerpt":{"rendered":"<p>Programa 1000 Aulas: Educaci\u00f3n puso en ejecuci\u00f3n las primeras 250 aulas<\/p>\n","protected":false},"author":1,"featured_media":44061,"comment_status":"open","ping_status":"open","sticky":false,"template":"","format":"image","meta":{"_jetpack_memberships_contains_paid_content":false,"footnotes":"","jetpack_publicize_message":"","jetpack_publicize_feature_enabled":true,"jetpack_social_post_already_shared":true,"jetpack_social_options":{"image_generator_settings":{"template":"highway","default_image_id":0,"enabled":false},"version":2}},"categories":[8,1,2,7,3],"tags":[11057,5030,8777,582],"class_list":["post-44060","post","type-post","status-publish","format-image","has-post-thumbnail","hentry","category-deliberando","category-diario-armstrong","category-locales","category-politica","category-region","tag-1000-aulas","tag-diario-armstrong","tag-lic-graciela-de-la-casa","tag-programa","post_format-post-format-image"],"jetpack_publicize_connections":[],"jetpack_featured_media_url":"https:\/\/armstrongyregion.com.ar\/diario\/wp-content\/uploads\/2024\/09\/aulas-belgrano-.jpg","jetpack_shortlink":"https:\/\/wp.me\/p62QDO-bsE","jetpack_sharing_enabled":true,"amp_enabled":true,"_links":{"self":[{"href":"https:\/\/armstrongyregion.com.ar\/diario\/wp-json\/wp\/v2\/posts\/44060","targetHints":{"allow":["GET"]}}],"collection":[{"href":"https:\/\/armstrongyregion.com.ar\/diario\/wp-json\/wp\/v2\/posts"}],"about":[{"href":"https:\/\/armstrongyregion.com.ar\/diario\/wp-json\/wp\/v2\/types\/post"}],"author":[{"embeddable":true,"href":"https:\/\/armstrongyregion.com.ar\/diario\/wp-json\/wp\/v2\/users\/1"}],"replies":[{"embeddable":true,"href":"https:\/\/armstrongyregion.com.ar\/diario\/wp-json\/wp\/v2\/comments?post=44060"}],"version-history":[{"count":1,"href":"https:\/\/armstrongyregion.com.ar\/diario\/wp-json\/wp\/v2\/posts\/44060\/revisions"}],"predecessor-version":[{"id":44062,"href":"https:\/\/armstrongyregion.com.ar\/diario\/wp-json\/wp\/v2\/posts\/44060\/revisions\/44062"}],"wp:featuredmedia":[{"embeddable":true,"href":"https:\/\/armstrongyregion.com.ar\/diario\/wp-json\/wp\/v2\/media\/44061"}],"wp:attachment":[{"href":"https:\/\/armstrongyregion.com.ar\/diario\/wp-json\/wp\/v2\/media?parent=44060"}],"wp:term":[{"taxonomy":"category","embeddable":true,"href":"https:\/\/armstrongyregion.com.ar\/diario\/wp-json\/wp\/v2\/categories?post=44060"},{"taxonomy":"post_tag","embeddable":true,"href":"https:\/\/armstrongyregion.com.ar\/diario\/wp-json\/wp\/v2\/tags?post=44060"}],"curies":[{"name":"wp","href":"https:\/\/api.w.org\/{rel}","templated":true}]}}