{"id":44056,"date":"2024-09-19T23:22:34","date_gmt":"2024-09-19T23:22:34","guid":{"rendered":"https:\/\/armstrongyregion.com.ar\/diario\/?p=44056"},"modified":"2024-09-19T23:22:37","modified_gmt":"2024-09-19T23:22:37","slug":"recibi-la-primavera-con-la-muni","status":"publish","type":"post","link":"https:\/\/armstrongyregion.com.ar\/diario\/recibi-la-primavera-con-la-muni\/","title":{"rendered":"Recib\u00ed la primavera con la muni."},"content":{"rendered":"\n<figure class=\"wp-block-image size-full\"><a href=\"http:\/\/armstrongyregion.com.ar\/diario\/wp-content\/uploads\/2024\/09\/primavera-muni.jpg\"><img loading=\"lazy\" decoding=\"async\" width=\"800\" height=\"643\" src=\"http:\/\/armstrongyregion.com.ar\/diario\/wp-content\/uploads\/2024\/09\/primavera-muni.jpg\" alt=\"\" class=\"wp-image-44057\" srcset=\"https:\/\/armstrongyregion.com.ar\/diario\/wp-content\/uploads\/2024\/09\/primavera-muni.jpg 800w, https:\/\/armstrongyregion.com.ar\/diario\/wp-content\/uploads\/2024\/09\/primavera-muni-300x241.jpg 300w, https:\/\/armstrongyregion.com.ar\/diario\/wp-content\/uploads\/2024\/09\/primavera-muni-768x617.jpg 768w\" sizes=\"auto, (max-width: 800px) 100vw, 800px\" \/><\/a><\/figure>\n\n\n\n<p>Municipalidad de Armstrong los invita a recibir la primavera con mucha alegr\u00eda y muchas actividades<br>destinadas a todas las familias, que se realizar\u00e1n durante los d\u00edas 20, 21 y 22 de septiembre, seg\u00fan<br>este detalle:<br>Viernes 20: de 8 a 14 hs. Jornada de canje en Plazoleta Santa Rita. Recibimos material reciclable:<br>cart\u00f3n, revistas, diarios, papeles, botellas, envases de vidrio, tapitas, envases, bolsas y recipientes de<br>pl\u00e1stico, ecobotellas, latas de aluminio, latas de conserva, residuos electr\u00f3nicos y el\u00e9ctricos, aceite<br>vegetal usado, pilas. Se entregar\u00e1n semillas, plantines y abono org\u00e1nico.<br>S\u00e1bado 21: Desde las 15 hs. en el parque Bracito Fuerte. Feria Sabores y Colores Locales, DJ Gamal,<br>m\u00fasica en vivo con Noelia Cencha, juegos inflables para los m\u00e1s chicos, y buffet a cargo del Centro<br>de Estudiantes terciarios.<br>Domingo 22: 15 hs. tambi\u00e9n en el Bracito Fuerte. Celebramos el \u201cD\u00eda Mundial sin auto!!\u201d por eso te<br>invitamos a llegar al lugar caminando o en bicicleta. Estar\u00e1n los emprendedores de Sabores y Colores<br>Locales, DJ Gamal, la voz de Andrea Piancatelli con un mix de rock nacional de los 80 y 90. Buffet<br>atendido por Centro de Estudiantes secundarios<br>Programa \u201cYo me Comprometo\u201d. Armstrong Ciudad Educadora.<\/p>\n","protected":false},"excerpt":{"rendered":"<p>Recib\u00ed la primavera con la muni.<\/p>\n","protected":false},"author":1,"featured_media":44057,"comment_status":"open","ping_status":"open","sticky":false,"template":"","format":"image","meta":{"_jetpack_memberships_contains_paid_content":false,"footnotes":"","jetpack_publicize_message":"","jetpack_publicize_feature_enabled":true,"jetpack_social_post_already_shared":true,"jetpack_social_options":{"image_generator_settings":{"template":"highway","default_image_id":0,"enabled":false},"version":2}},"categories":[8,1,2,7,3],"tags":[100,10721,31,8777,11056,2793],"class_list":["post-44056","post","type-post","status-publish","format-image","has-post-thumbnail","hentry","category-deliberando","category-diario-armstrong","category-locales","category-politica","category-region","tag-con","tag-diario-armstrong-region","tag-la","tag-lic-graciela-de-la-casa","tag-muni","tag-primavera","post_format-post-format-image"],"jetpack_publicize_connections":[],"jetpack_featured_media_url":"https:\/\/armstrongyregion.com.ar\/diario\/wp-content\/uploads\/2024\/09\/primavera-muni.jpg","jetpack_shortlink":"https:\/\/wp.me\/p62QDO-bsA","jetpack_sharing_enabled":true,"amp_enabled":true,"_links":{"self":[{"href":"https:\/\/armstrongyregion.com.ar\/diario\/wp-json\/wp\/v2\/posts\/44056","targetHints":{"allow":["GET"]}}],"collection":[{"href":"https:\/\/armstrongyregion.com.ar\/diario\/wp-json\/wp\/v2\/posts"}],"about":[{"href":"https:\/\/armstrongyregion.com.ar\/diario\/wp-json\/wp\/v2\/types\/post"}],"author":[{"embeddable":true,"href":"https:\/\/armstrongyregion.com.ar\/diario\/wp-json\/wp\/v2\/users\/1"}],"replies":[{"embeddable":true,"href":"https:\/\/armstrongyregion.com.ar\/diario\/wp-json\/wp\/v2\/comments?post=44056"}],"version-history":[{"count":1,"href":"https:\/\/armstrongyregion.com.ar\/diario\/wp-json\/wp\/v2\/posts\/44056\/revisions"}],"predecessor-version":[{"id":44058,"href":"https:\/\/armstrongyregion.com.ar\/diario\/wp-json\/wp\/v2\/posts\/44056\/revisions\/44058"}],"wp:featuredmedia":[{"embeddable":true,"href":"https:\/\/armstrongyregion.com.ar\/diario\/wp-json\/wp\/v2\/media\/44057"}],"wp:attachment":[{"href":"https:\/\/armstrongyregion.com.ar\/diario\/wp-json\/wp\/v2\/media?parent=44056"}],"wp:term":[{"taxonomy":"category","embeddable":true,"href":"https:\/\/armstrongyregion.com.ar\/diario\/wp-json\/wp\/v2\/categories?post=44056"},{"taxonomy":"post_tag","embeddable":true,"href":"https:\/\/armstrongyregion.com.ar\/diario\/wp-json\/wp\/v2\/tags?post=44056"}],"curies":[{"name":"wp","href":"https:\/\/api.w.org\/{rel}","templated":true}]}}