{"id":44047,"date":"2024-09-18T15:34:27","date_gmt":"2024-09-18T15:34:27","guid":{"rendered":"https:\/\/armstrongyregion.com.ar\/diario\/?p=44047"},"modified":"2024-09-18T15:34:30","modified_gmt":"2024-09-18T15:34:30","slug":"proyecto-para-la-creacion-de-la-semana-de-la-movilidad-sustentable","status":"publish","type":"post","link":"https:\/\/armstrongyregion.com.ar\/diario\/proyecto-para-la-creacion-de-la-semana-de-la-movilidad-sustentable\/","title":{"rendered":"Proyecto para la creaci\u00f3n de la \u201cSemana de la movilidad sustentable\u201d."},"content":{"rendered":"\n<figure class=\"wp-block-image size-full\"><a href=\"http:\/\/armstrongyregion.com.ar\/diario\/wp-content\/uploads\/2024\/05\/NOELIA-GARCIA-4-5-24-.jpg\"><img loading=\"lazy\" decoding=\"async\" width=\"378\" height=\"504\" src=\"http:\/\/armstrongyregion.com.ar\/diario\/wp-content\/uploads\/2024\/05\/NOELIA-GARCIA-4-5-24-.jpg\" alt=\"\" class=\"wp-image-42679\" srcset=\"https:\/\/armstrongyregion.com.ar\/diario\/wp-content\/uploads\/2024\/05\/NOELIA-GARCIA-4-5-24-.jpg 378w, https:\/\/armstrongyregion.com.ar\/diario\/wp-content\/uploads\/2024\/05\/NOELIA-GARCIA-4-5-24--225x300.jpg 225w\" sizes=\"auto, (max-width: 378px) 100vw, 378px\" \/><\/a><\/figure>\n\n\n\n<p><strong>El mismo fue presentado por el Bloque Unidos y su integrante Noelia Garc\u00eda dio los detalles del proyecto:<\/strong> \u201cEn la provincia ya se est\u00e1n llevando adelante actividades de este tipo, por ello nos pareci\u00f3  importante, lo trabajamos en comisi\u00f3n y en esta sesi\u00f3n fue aprobado por todos los bloques. Se trata de una semana donde se realizan actividades de \u00edndole informativo de c\u00f3mo llevar adelante esta <strong>SEMANA DE MOVILIDAD SUSTENTABLE URBANA<\/strong>,\u00a0 en nuestra ciudad. Esto ya se puso en marcha y se extender\u00e1 hasta el 22.\u201d<\/p>\n\n\n\n<p><strong>La concejala tambi\u00e9n agreg\u00f3:<\/strong> \u201cComo propuesta de parte del municipio, se propuso que el d\u00eda 22 de septiembre de cada a\u00f1o se lleve a cabo una actividad para que todos los habitantes de nuestra ciudad realicen actividades en forma activa y dejen los veh\u00edculos en sus hogares, para destacar se puede vivir  sin motos y autos en la v\u00eda p\u00fablica. El prop\u00f3sito es que este domingo vayan a los parques y espacios verdes que tiene nuestra ciudad de manera activa.\u201d<\/p>\n","protected":false},"excerpt":{"rendered":"<p>Proyecto para la creaci\u00f3n de la \u201cSemana de la movilidad sustentable\u201d.<\/p>\n","protected":false},"author":1,"featured_media":42679,"comment_status":"open","ping_status":"open","sticky":false,"template":"","format":"image","meta":{"_jetpack_memberships_contains_paid_content":false,"footnotes":"","jetpack_publicize_message":"","jetpack_publicize_feature_enabled":true,"jetpack_social_post_already_shared":true,"jetpack_social_options":{"image_generator_settings":{"template":"highway","default_image_id":0,"enabled":false},"version":2}},"categories":[6,8,1,2,7,3],"tags":[2032,19,10721,31,8777,11054,81,639,919],"class_list":["post-44047","post","type-post","status-publish","format-image","has-post-thumbnail","hentry","category-cultura-entretenimiento","category-deliberando","category-diario-armstrong","category-locales","category-politica","category-region","tag-creacion","tag-de","tag-diario-armstrong-region","tag-la","tag-lic-graciela-de-la-casa","tag-movilidad-sustentable","tag-para","tag-proyecto","tag-semana","post_format-post-format-image"],"jetpack_publicize_connections":[],"jetpack_featured_media_url":"https:\/\/armstrongyregion.com.ar\/diario\/wp-content\/uploads\/2024\/05\/NOELIA-GARCIA-4-5-24-.jpg","jetpack_shortlink":"https:\/\/wp.me\/p62QDO-bsr","jetpack_sharing_enabled":true,"amp_enabled":true,"_links":{"self":[{"href":"https:\/\/armstrongyregion.com.ar\/diario\/wp-json\/wp\/v2\/posts\/44047","targetHints":{"allow":["GET"]}}],"collection":[{"href":"https:\/\/armstrongyregion.com.ar\/diario\/wp-json\/wp\/v2\/posts"}],"about":[{"href":"https:\/\/armstrongyregion.com.ar\/diario\/wp-json\/wp\/v2\/types\/post"}],"author":[{"embeddable":true,"href":"https:\/\/armstrongyregion.com.ar\/diario\/wp-json\/wp\/v2\/users\/1"}],"replies":[{"embeddable":true,"href":"https:\/\/armstrongyregion.com.ar\/diario\/wp-json\/wp\/v2\/comments?post=44047"}],"version-history":[{"count":1,"href":"https:\/\/armstrongyregion.com.ar\/diario\/wp-json\/wp\/v2\/posts\/44047\/revisions"}],"predecessor-version":[{"id":44048,"href":"https:\/\/armstrongyregion.com.ar\/diario\/wp-json\/wp\/v2\/posts\/44047\/revisions\/44048"}],"wp:featuredmedia":[{"embeddable":true,"href":"https:\/\/armstrongyregion.com.ar\/diario\/wp-json\/wp\/v2\/media\/42679"}],"wp:attachment":[{"href":"https:\/\/armstrongyregion.com.ar\/diario\/wp-json\/wp\/v2\/media?parent=44047"}],"wp:term":[{"taxonomy":"category","embeddable":true,"href":"https:\/\/armstrongyregion.com.ar\/diario\/wp-json\/wp\/v2\/categories?post=44047"},{"taxonomy":"post_tag","embeddable":true,"href":"https:\/\/armstrongyregion.com.ar\/diario\/wp-json\/wp\/v2\/tags?post=44047"}],"curies":[{"name":"wp","href":"https:\/\/api.w.org\/{rel}","templated":true}]}}