{"id":44045,"date":"2024-09-18T14:54:47","date_gmt":"2024-09-18T14:54:47","guid":{"rendered":"https:\/\/armstrongyregion.com.ar\/diario\/?p=44045"},"modified":"2024-10-10T04:56:33","modified_gmt":"2024-10-10T04:56:33","slug":"resumen-de-la-ultima-sesion-del-concejo-deliberante-de-nuestra-ciudad","status":"publish","type":"post","link":"https:\/\/armstrongyregion.com.ar\/diario\/resumen-de-la-ultima-sesion-del-concejo-deliberante-de-nuestra-ciudad\/","title":{"rendered":"Resumen de la \u00faltima sesi\u00f3n del Concejo Deliberante de nuestra ciudad."},"content":{"rendered":"\n<figure class=\"wp-block-image size-full\"><a href=\"http:\/\/armstrongyregion.com.ar\/diario\/wp-content\/uploads\/2024\/07\/Prof.Ale-Pertusati-.jpg\"><img loading=\"lazy\" decoding=\"async\" width=\"756\" height=\"598\" src=\"http:\/\/armstrongyregion.com.ar\/diario\/wp-content\/uploads\/2024\/07\/Prof.Ale-Pertusati-.jpg\" alt=\"\" class=\"wp-image-43340\" srcset=\"https:\/\/armstrongyregion.com.ar\/diario\/wp-content\/uploads\/2024\/07\/Prof.Ale-Pertusati-.jpg 756w, https:\/\/armstrongyregion.com.ar\/diario\/wp-content\/uploads\/2024\/07\/Prof.Ale-Pertusati--300x237.jpg 300w\" sizes=\"auto, (max-width: 756px) 100vw, 756px\" \/><\/a><\/figure>\n\n\n\n<p><strong>El presidente del cuerpo deliberativo local, Alejandro Pertusati, <\/strong><strong>brind\u00f3 detalles de algunos de los temas tratados.<\/strong><\/p>\n\n\n\n<p><strong>Uno de ellos fue el proyecto de ordenanza para la venta de bienes de propiedad municipal. Hizo esta referencia<\/strong>: \u201cCumpliendo con la ley el municipio para poder acceder a la venta de bienes municipales tiene que solicitar el permiso al concejo municipal. En este caso ante la necesidad de renovar el parque automotor se ponen a la venta algunos veh\u00edculos, que son cuatro, solicita permiso para la venta de una Kangoo 2008, una pala Massey Ferguson modelo 96, un acoplado y un tractor modelo 63, que el municipio ya no le est\u00e1 dando uso y lo recaudado se destinar\u00e1 a la reinversi\u00f3n de nuevos veh\u00edculos\u201d.<\/p>\n\n\n\n<p><strong>Sobre <\/strong><strong>c\u00f3mo ser\u00e1 el sistema para los interesados el edil dijo que:<\/strong> \u201cSer\u00e1 a trav\u00e9s de un concurso de precios, normalmente esto se hace mediante la ley vigente. Ante la solicitud de que sean conocidos los precios y recaudaci\u00f3n por la venta y el destino del dinero es que se pas\u00f3 a comisi\u00f3n y all\u00ed veremos si se agrega ese art\u00edculo y de esta manera se enviar\u00e1 al municipio\u201d.<\/p>\n\n\n\n<p><strong>Con respecto a una resoluci\u00f3n enviada desde el Concejo de Ca\u00f1ada de G\u00f3mez, Pertusati explic\u00f3<\/strong>: \u201cEst\u00e1 relacionada con los aumentos de la tarifa de Aguas Santafesinas donde se solicita que se siga implementando el arancel de casos sociales. Nosotros en comisi\u00f3n tenemos el plan de mejoras de la Cooperativa que ingres\u00f3 hace unos d\u00edas al Concejo, donde se consideran ya los casos sociales en sus tarifas como proveedor de nuestro sistema de agua, por ello queremos transmitir esa tranquilidad a quienes abonan su factura dentro de esta franja\u201d.<\/p>\n\n\n\n<p>Lic. Graciela De la Casa.<\/p>\n","protected":false},"excerpt":{"rendered":"<p>Resumen de la \u00faltima sesi\u00f3n del Concejo Deliberante de nuestra ciudad.<\/p>\n","protected":false},"author":1,"featured_media":43340,"comment_status":"open","ping_status":"open","sticky":false,"template":"","format":"image","meta":{"_jetpack_memberships_contains_paid_content":false,"footnotes":"","jetpack_publicize_message":"","jetpack_publicize_feature_enabled":true,"jetpack_social_post_already_shared":true,"jetpack_social_options":{"image_generator_settings":{"template":"highway","default_image_id":0,"enabled":false},"version":2}},"categories":[8,1,2,7,3],"tags":[868,5030,8777,10971,2903,11053],"class_list":["post-44045","post","type-post","status-publish","format-image","has-post-thumbnail","hentry","category-deliberando","category-diario-armstrong","category-locales","category-politica","category-region","tag-concejo","tag-diario-armstrong","tag-lic-graciela-de-la-casa","tag-prof-alejandro-pertusati","tag-resumen","tag-ultima-sesion","post_format-post-format-image"],"jetpack_publicize_connections":[],"jetpack_featured_media_url":"https:\/\/armstrongyregion.com.ar\/diario\/wp-content\/uploads\/2024\/07\/Prof.Ale-Pertusati-.jpg","jetpack_shortlink":"https:\/\/wp.me\/p62QDO-bsp","jetpack_sharing_enabled":true,"amp_enabled":true,"_links":{"self":[{"href":"https:\/\/armstrongyregion.com.ar\/diario\/wp-json\/wp\/v2\/posts\/44045","targetHints":{"allow":["GET"]}}],"collection":[{"href":"https:\/\/armstrongyregion.com.ar\/diario\/wp-json\/wp\/v2\/posts"}],"about":[{"href":"https:\/\/armstrongyregion.com.ar\/diario\/wp-json\/wp\/v2\/types\/post"}],"author":[{"embeddable":true,"href":"https:\/\/armstrongyregion.com.ar\/diario\/wp-json\/wp\/v2\/users\/1"}],"replies":[{"embeddable":true,"href":"https:\/\/armstrongyregion.com.ar\/diario\/wp-json\/wp\/v2\/comments?post=44045"}],"version-history":[{"count":2,"href":"https:\/\/armstrongyregion.com.ar\/diario\/wp-json\/wp\/v2\/posts\/44045\/revisions"}],"predecessor-version":[{"id":44309,"href":"https:\/\/armstrongyregion.com.ar\/diario\/wp-json\/wp\/v2\/posts\/44045\/revisions\/44309"}],"wp:featuredmedia":[{"embeddable":true,"href":"https:\/\/armstrongyregion.com.ar\/diario\/wp-json\/wp\/v2\/media\/43340"}],"wp:attachment":[{"href":"https:\/\/armstrongyregion.com.ar\/diario\/wp-json\/wp\/v2\/media?parent=44045"}],"wp:term":[{"taxonomy":"category","embeddable":true,"href":"https:\/\/armstrongyregion.com.ar\/diario\/wp-json\/wp\/v2\/categories?post=44045"},{"taxonomy":"post_tag","embeddable":true,"href":"https:\/\/armstrongyregion.com.ar\/diario\/wp-json\/wp\/v2\/tags?post=44045"}],"curies":[{"name":"wp","href":"https:\/\/api.w.org\/{rel}","templated":true}]}}