{"id":44037,"date":"2024-09-18T02:20:40","date_gmt":"2024-09-18T02:20:40","guid":{"rendered":"https:\/\/armstrongyregion.com.ar\/diario\/?p=44037"},"modified":"2024-09-18T02:24:34","modified_gmt":"2024-09-18T02:24:34","slug":"deliberando-reforma-jubilatoria-proyectos-concejo-deliberante-de-armstrong-y-ruta-178","status":"publish","type":"post","link":"https:\/\/armstrongyregion.com.ar\/diario\/deliberando-reforma-jubilatoria-proyectos-concejo-deliberante-de-armstrong-y-ruta-178\/","title":{"rendered":"Deliberando: Reforma Jubilatoria, Proyectos Concejo Deliberante de Armstrong y Ruta 178."},"content":{"rendered":"\n<figure class=\"wp-block-image size-full\"><a href=\"http:\/\/armstrongyregion.com.ar\/diario\/wp-content\/uploads\/2024\/09\/Deliberando-17-9-24.jpg\"><img loading=\"lazy\" decoding=\"async\" width=\"360\" height=\"360\" src=\"http:\/\/armstrongyregion.com.ar\/diario\/wp-content\/uploads\/2024\/09\/Deliberando-17-9-24.jpg\" alt=\"\" class=\"wp-image-44038\" srcset=\"https:\/\/armstrongyregion.com.ar\/diario\/wp-content\/uploads\/2024\/09\/Deliberando-17-9-24.jpg 360w, https:\/\/armstrongyregion.com.ar\/diario\/wp-content\/uploads\/2024\/09\/Deliberando-17-9-24-300x300.jpg 300w, https:\/\/armstrongyregion.com.ar\/diario\/wp-content\/uploads\/2024\/09\/Deliberando-17-9-24-150x150.jpg 150w\" sizes=\"auto, (max-width: 360px) 100vw, 360px\" \/><\/a><\/figure>\n\n\n\n<p>Hoy, analizaremos dos temas que han generado gran debate en el departamento Belgrano: la pol\u00e9mica reforma jubilatoria y la acci\u00f3n del ex senador Alberto Crossetti en la ruta 178. <\/p>\n\n\n\n<p>Comenzaremos con la reforma jubilatoria. Para analizar su impacto en el departamento Belgrano, nos acompa\u00f1a Ariel Sola, delegado de Amsafe, quien evaluar\u00e1 c\u00f3mo afecta esta nueva ley a los docentes de la regi\u00f3n.  Y qu\u00e9 medidas se est\u00e1n tomando para mitigar los efectos negativos.<\/p>\n\n\n\n<p>El Concejal de Renovacion por Armstrong, Emiliano Gramigna, reflexionar\u00e1 sobre su adhesi\u00f3n al reclamo docente y de empleados del sector p\u00fablico por la reforma jubilatoria, tambi\u00e9n informar\u00e1 sobre proyectos presentados por su bloque. Declaraciones de los concejales dentro del recinto y declaraciones para los medios de comunicaci\u00f3n.<\/p>\n\n\n\n<p> Luego, nos centraremos en la acci\u00f3n de Alberto Crossetti en la ruta 178 la cual tuvo efectos positivos y cr\u00edticas descarnadas.  Para debatir sobre este tema, contamos con la presencia del protagonista y ex-senador.  No se pierdan esta edici\u00f3n especial de \u00abDELIBERANDO\u00bb. Con la Conducci\u00f3n de Lic. Graciela de la Casa- Oscar Crispino. Martes 21hs por Cable Imagen Armstrong.<\/p>\n\n\n\n<p>Reiteraciones Mi\u00e9rcoles 13,30hs y Domingos 12hs.<\/p>\n","protected":false},"excerpt":{"rendered":"<p>Deliberando: Reforma Jubilatoria, Proyectos Concejo Deliberante de Armstrong y  Ruta 178.<\/p>\n","protected":false},"author":1,"featured_media":44039,"comment_status":"open","ping_status":"open","sticky":false,"template":"","format":"image","meta":{"_jetpack_memberships_contains_paid_content":false,"footnotes":"","jetpack_publicize_message":"","jetpack_publicize_feature_enabled":true,"jetpack_social_post_already_shared":true,"jetpack_social_options":{"image_generator_settings":{"template":"highway","default_image_id":0,"enabled":false},"version":2}},"categories":[8,1,2,7,3],"tags":[44,10721,8777,11052,11051,9182],"class_list":["post-44037","post","type-post","status-publish","format-image","has-post-thumbnail","hentry","category-deliberando","category-diario-armstrong","category-locales","category-politica","category-region","tag-deliberando-2","tag-diario-armstrong-region","tag-lic-graciela-de-la-casa","tag-proyecto-de-concejales","tag-reforma-jubilatoria","tag-ruta-178","post_format-post-format-image"],"jetpack_publicize_connections":[],"jetpack_featured_media_url":"https:\/\/armstrongyregion.com.ar\/diario\/wp-content\/uploads\/2024\/09\/Deliberando-17-9-24-1.jpg","jetpack_shortlink":"https:\/\/wp.me\/p62QDO-bsh","jetpack_sharing_enabled":true,"amp_enabled":true,"_links":{"self":[{"href":"https:\/\/armstrongyregion.com.ar\/diario\/wp-json\/wp\/v2\/posts\/44037","targetHints":{"allow":["GET"]}}],"collection":[{"href":"https:\/\/armstrongyregion.com.ar\/diario\/wp-json\/wp\/v2\/posts"}],"about":[{"href":"https:\/\/armstrongyregion.com.ar\/diario\/wp-json\/wp\/v2\/types\/post"}],"author":[{"embeddable":true,"href":"https:\/\/armstrongyregion.com.ar\/diario\/wp-json\/wp\/v2\/users\/1"}],"replies":[{"embeddable":true,"href":"https:\/\/armstrongyregion.com.ar\/diario\/wp-json\/wp\/v2\/comments?post=44037"}],"version-history":[{"count":3,"href":"https:\/\/armstrongyregion.com.ar\/diario\/wp-json\/wp\/v2\/posts\/44037\/revisions"}],"predecessor-version":[{"id":44042,"href":"https:\/\/armstrongyregion.com.ar\/diario\/wp-json\/wp\/v2\/posts\/44037\/revisions\/44042"}],"wp:featuredmedia":[{"embeddable":true,"href":"https:\/\/armstrongyregion.com.ar\/diario\/wp-json\/wp\/v2\/media\/44039"}],"wp:attachment":[{"href":"https:\/\/armstrongyregion.com.ar\/diario\/wp-json\/wp\/v2\/media?parent=44037"}],"wp:term":[{"taxonomy":"category","embeddable":true,"href":"https:\/\/armstrongyregion.com.ar\/diario\/wp-json\/wp\/v2\/categories?post=44037"},{"taxonomy":"post_tag","embeddable":true,"href":"https:\/\/armstrongyregion.com.ar\/diario\/wp-json\/wp\/v2\/tags?post=44037"}],"curies":[{"name":"wp","href":"https:\/\/api.w.org\/{rel}","templated":true}]}}