{"id":44031,"date":"2024-09-17T15:48:37","date_gmt":"2024-09-17T15:48:37","guid":{"rendered":"https:\/\/armstrongyregion.com.ar\/diario\/?p=44031"},"modified":"2024-09-17T15:48:39","modified_gmt":"2024-09-17T15:48:39","slug":"jornada-formar-potenciando-deportistas","status":"publish","type":"post","link":"https:\/\/armstrongyregion.com.ar\/diario\/jornada-formar-potenciando-deportistas\/","title":{"rendered":"Jornada \u201cFormar + Potenciando Deportistas\u201d."},"content":{"rendered":"\n<figure class=\"wp-block-image size-full\"><a href=\"http:\/\/armstrongyregion.com.ar\/diario\/wp-content\/uploads\/2024\/09\/Armstrong-Deportes.jpg\"><img loading=\"lazy\" decoding=\"async\" width=\"800\" height=\"800\" src=\"http:\/\/armstrongyregion.com.ar\/diario\/wp-content\/uploads\/2024\/09\/Armstrong-Deportes.jpg\" alt=\"\" class=\"wp-image-44032\" srcset=\"https:\/\/armstrongyregion.com.ar\/diario\/wp-content\/uploads\/2024\/09\/Armstrong-Deportes.jpg 800w, https:\/\/armstrongyregion.com.ar\/diario\/wp-content\/uploads\/2024\/09\/Armstrong-Deportes-300x300.jpg 300w, https:\/\/armstrongyregion.com.ar\/diario\/wp-content\/uploads\/2024\/09\/Armstrong-Deportes-150x150.jpg 150w, https:\/\/armstrongyregion.com.ar\/diario\/wp-content\/uploads\/2024\/09\/Armstrong-Deportes-768x768.jpg 768w\" sizes=\"auto, (max-width: 800px) 100vw, 800px\" \/><\/a><\/figure>\n\n\n\n<p>El Gobierno de la Provincia de Santa Fe mediante la Municipalidad de Armstrong invita a participar<br>de la Jornada \u00abFORMAR+ POTENCIANDO DEPORTISTAS, dependiente de la<br>Secretar\u00eda de Deportes del Ministerio de Igualdad y Desarrollo Humano.<br>La misma se realizar\u00e1 el mi\u00e9rcoles 18 de septiembre a las 19 hs. en el sal\u00f3n auditorio<br>Delmo Dar\u00f3.<br>Est\u00e1 destinada a profesionales y dirigentes del \u00e1mbito deportivo, profesores de<br>Educaci\u00f3n F\u00edsica, equipos interdisciplinarios de federaciones, asociaciones, clubes,<br>RRHH relacionados con la docencia en deportes federados, deportistas, etc.<br>Los temas a tratar son Presentaci\u00f3n de los objetivos y alcances del Centro de<br>Mediciones Deportivas (CEMEDEP), trabajo en equipo con las instituciones,<br>evaluaciones funcionales de deportistas de mediano y alto rendimiento, criterios para el<br>diagn\u00f3stico preventivo de lesiones, composici\u00f3n corporal, nutrici\u00f3n e hidrataci\u00f3n en<br>deportistas.<\/p>\n","protected":false},"excerpt":{"rendered":"<p>Jornada \u201cFormar + Potenciando Deportistas\u201d.<\/p>\n","protected":false},"author":1,"featured_media":44032,"comment_status":"open","ping_status":"open","sticky":false,"template":"","format":"image","meta":{"_jetpack_memberships_contains_paid_content":false,"footnotes":"","jetpack_publicize_message":"","jetpack_publicize_feature_enabled":true,"jetpack_social_post_already_shared":true,"jetpack_social_options":{"image_generator_settings":{"template":"highway","default_image_id":0,"enabled":false},"version":2}},"categories":[6,8,1,2,7,3],"tags":[9280,5030,11048,1291,8777,11049],"class_list":["post-44031","post","type-post","status-publish","format-image","has-post-thumbnail","hentry","category-cultura-entretenimiento","category-deliberando","category-diario-armstrong","category-locales","category-politica","category-region","tag-deportes-2","tag-diario-armstrong","tag-formar","tag-jornada","tag-lic-graciela-de-la-casa","tag-potenciando","post_format-post-format-image"],"jetpack_publicize_connections":[],"jetpack_featured_media_url":"https:\/\/armstrongyregion.com.ar\/diario\/wp-content\/uploads\/2024\/09\/Armstrong-Deportes.jpg","jetpack_shortlink":"https:\/\/wp.me\/p62QDO-bsb","jetpack_sharing_enabled":true,"amp_enabled":true,"_links":{"self":[{"href":"https:\/\/armstrongyregion.com.ar\/diario\/wp-json\/wp\/v2\/posts\/44031","targetHints":{"allow":["GET"]}}],"collection":[{"href":"https:\/\/armstrongyregion.com.ar\/diario\/wp-json\/wp\/v2\/posts"}],"about":[{"href":"https:\/\/armstrongyregion.com.ar\/diario\/wp-json\/wp\/v2\/types\/post"}],"author":[{"embeddable":true,"href":"https:\/\/armstrongyregion.com.ar\/diario\/wp-json\/wp\/v2\/users\/1"}],"replies":[{"embeddable":true,"href":"https:\/\/armstrongyregion.com.ar\/diario\/wp-json\/wp\/v2\/comments?post=44031"}],"version-history":[{"count":1,"href":"https:\/\/armstrongyregion.com.ar\/diario\/wp-json\/wp\/v2\/posts\/44031\/revisions"}],"predecessor-version":[{"id":44033,"href":"https:\/\/armstrongyregion.com.ar\/diario\/wp-json\/wp\/v2\/posts\/44031\/revisions\/44033"}],"wp:featuredmedia":[{"embeddable":true,"href":"https:\/\/armstrongyregion.com.ar\/diario\/wp-json\/wp\/v2\/media\/44032"}],"wp:attachment":[{"href":"https:\/\/armstrongyregion.com.ar\/diario\/wp-json\/wp\/v2\/media?parent=44031"}],"wp:term":[{"taxonomy":"category","embeddable":true,"href":"https:\/\/armstrongyregion.com.ar\/diario\/wp-json\/wp\/v2\/categories?post=44031"},{"taxonomy":"post_tag","embeddable":true,"href":"https:\/\/armstrongyregion.com.ar\/diario\/wp-json\/wp\/v2\/tags?post=44031"}],"curies":[{"name":"wp","href":"https:\/\/api.w.org\/{rel}","templated":true}]}}