{"id":44015,"date":"2024-09-17T02:03:44","date_gmt":"2024-09-17T02:03:44","guid":{"rendered":"https:\/\/armstrongyregion.com.ar\/diario\/?p=44015"},"modified":"2024-09-17T02:03:45","modified_gmt":"2024-09-17T02:03:45","slug":"armstrong-informe-area-de-orden-publico-16-09-2024","status":"publish","type":"post","link":"https:\/\/armstrongyregion.com.ar\/diario\/armstrong-informe-area-de-orden-publico-16-09-2024\/","title":{"rendered":"Armstrong. Informe \u00c1rea de Orden P\u00fablico 16\/09\/2024."},"content":{"rendered":"\n<figure class=\"wp-block-image size-full\"><a href=\"http:\/\/armstrongyregion.com.ar\/diario\/wp-content\/uploads\/2024\/09\/area-orden-publico-1-.jpg\"><img loading=\"lazy\" decoding=\"async\" width=\"640\" height=\"457\" src=\"http:\/\/armstrongyregion.com.ar\/diario\/wp-content\/uploads\/2024\/09\/area-orden-publico-1-.jpg\" alt=\"\" class=\"wp-image-44016\" srcset=\"https:\/\/armstrongyregion.com.ar\/diario\/wp-content\/uploads\/2024\/09\/area-orden-publico-1-.jpg 640w, https:\/\/armstrongyregion.com.ar\/diario\/wp-content\/uploads\/2024\/09\/area-orden-publico-1--300x214.jpg 300w\" sizes=\"auto, (max-width: 640px) 100vw, 640px\" \/><\/a><\/figure>\n\n\n\n<p>El \u00c1rea de Orden P\u00fablico de la Municipalidad de Armstrong inform\u00f3 que en el transcurso de la<br>\u00faltima semana se procedi\u00f3 a realizar recorridos en coordinaci\u00f3n con Polic\u00eda y central de monitoreo<br>para acciones de prevenci\u00f3n de faltas y delitos, con presencia efectiva en barrio FoNaVi Sur<br>incluyendo plaza Nona Rocha.<\/p>\n\n\n\n<figure class=\"wp-block-image size-full\"><a href=\"http:\/\/armstrongyregion.com.ar\/diario\/wp-content\/uploads\/2024\/09\/area-orden-publico-2-.jpg\"><img loading=\"lazy\" decoding=\"async\" width=\"736\" height=\"414\" src=\"http:\/\/armstrongyregion.com.ar\/diario\/wp-content\/uploads\/2024\/09\/area-orden-publico-2-.jpg\" alt=\"\" class=\"wp-image-44017\" srcset=\"https:\/\/armstrongyregion.com.ar\/diario\/wp-content\/uploads\/2024\/09\/area-orden-publico-2-.jpg 736w, https:\/\/armstrongyregion.com.ar\/diario\/wp-content\/uploads\/2024\/09\/area-orden-publico-2--300x169.jpg 300w\" sizes=\"auto, (max-width: 736px) 100vw, 736px\" \/><\/a><\/figure>\n\n\n\n<p><br>Estos recorridos con presencia preventiva se extienden en horas de la madrugada a Plaza San<br>Mart\u00edn, edificio municipal, parroquia Nuestra Se\u00f1ora de la Merced y Estaci\u00f3n M\u00e1s. Tambi\u00e9n se<br>realiza un recorrido por Jard\u00edn 84, Promoci\u00f3n Comunitaria, v\u00edas del ferrocarril y cancha de bochas, y<br>en zona norte, se hace recorridos por Fonavi Norte, Plaza 5 de Junio, calles Lisandro de la Torre y<br>Castellanos, con entrevistas a los vecinos.<br>Con presencia policial preventiva se procedi\u00f3 al secuestro de una motocicleta conducida por un<br>menor de edad, sin licencia habilitante. Interviene el Juzgado Municipal de Faltas.<br>Se realiz\u00f3 control vehicular en Ruta 9 y calle Paraguay, y operativos de control en conjunto con la<br>Agencia Provincial de Seguridad Vial, Polic\u00eda de Seguridad Vial, Comisar\u00eda Tercera y agentes de<br>Tr\u00e1nsito, consistente en alcoholemias, fiscalizaci\u00f3n de documentaci\u00f3n obligatoria para circular,<br>excesos de pasajeros, uso de dispositivos de seguridad, etc., en Ruta Nacional N\u00b0 178 km. 167,<br>rotonda de rutas 9 y 178 hacia el norte, con servicio de gr\u00faa disponible, con el siguiente resultado:<br>Secuestro de 9 veh\u00edculos: 3 autom\u00f3viles, 2 motocicletas, 1 alcoholemia positiva, 3 retenciones de<br>licencia de conducir, falta de seguro obligatorio, revisi\u00f3n t\u00e9cnica obligatoria y luces.<\/p>\n","protected":false},"excerpt":{"rendered":"<p>Armstrong. Informe \u00c1rea de Orden P\u00fablico 16\/09\/2024.<\/p>\n","protected":false},"author":1,"featured_media":44016,"comment_status":"open","ping_status":"open","sticky":false,"template":"","format":"image","meta":{"_jetpack_memberships_contains_paid_content":false,"footnotes":"","jetpack_publicize_message":"","jetpack_publicize_feature_enabled":true,"jetpack_social_post_already_shared":true,"jetpack_social_options":{"image_generator_settings":{"template":"highway","default_image_id":0,"enabled":false},"version":2}},"categories":[8,1,2,7,3],"tags":[19,10721,8653,8777,1570,8773],"class_list":["post-44015","post","type-post","status-publish","format-image","has-post-thumbnail","hentry","category-deliberando","category-diario-armstrong","category-locales","category-politica","category-region","tag-de","tag-diario-armstrong-region","tag-informe-2","tag-lic-graciela-de-la-casa","tag-orden","tag-publico-3","post_format-post-format-image"],"jetpack_publicize_connections":[],"jetpack_featured_media_url":"https:\/\/armstrongyregion.com.ar\/diario\/wp-content\/uploads\/2024\/09\/area-orden-publico-1-.jpg","jetpack_shortlink":"https:\/\/wp.me\/p62QDO-brV","jetpack_sharing_enabled":true,"amp_enabled":true,"_links":{"self":[{"href":"https:\/\/armstrongyregion.com.ar\/diario\/wp-json\/wp\/v2\/posts\/44015","targetHints":{"allow":["GET"]}}],"collection":[{"href":"https:\/\/armstrongyregion.com.ar\/diario\/wp-json\/wp\/v2\/posts"}],"about":[{"href":"https:\/\/armstrongyregion.com.ar\/diario\/wp-json\/wp\/v2\/types\/post"}],"author":[{"embeddable":true,"href":"https:\/\/armstrongyregion.com.ar\/diario\/wp-json\/wp\/v2\/users\/1"}],"replies":[{"embeddable":true,"href":"https:\/\/armstrongyregion.com.ar\/diario\/wp-json\/wp\/v2\/comments?post=44015"}],"version-history":[{"count":1,"href":"https:\/\/armstrongyregion.com.ar\/diario\/wp-json\/wp\/v2\/posts\/44015\/revisions"}],"predecessor-version":[{"id":44018,"href":"https:\/\/armstrongyregion.com.ar\/diario\/wp-json\/wp\/v2\/posts\/44015\/revisions\/44018"}],"wp:featuredmedia":[{"embeddable":true,"href":"https:\/\/armstrongyregion.com.ar\/diario\/wp-json\/wp\/v2\/media\/44016"}],"wp:attachment":[{"href":"https:\/\/armstrongyregion.com.ar\/diario\/wp-json\/wp\/v2\/media?parent=44015"}],"wp:term":[{"taxonomy":"category","embeddable":true,"href":"https:\/\/armstrongyregion.com.ar\/diario\/wp-json\/wp\/v2\/categories?post=44015"},{"taxonomy":"post_tag","embeddable":true,"href":"https:\/\/armstrongyregion.com.ar\/diario\/wp-json\/wp\/v2\/tags?post=44015"}],"curies":[{"name":"wp","href":"https:\/\/api.w.org\/{rel}","templated":true}]}}