{"id":44011,"date":"2024-09-17T01:58:36","date_gmt":"2024-09-17T01:58:36","guid":{"rendered":"https:\/\/armstrongyregion.com.ar\/diario\/?p=44011"},"modified":"2024-09-17T01:58:37","modified_gmt":"2024-09-17T01:58:37","slug":"alerta-alimentaria-sobre-lotes-de-leche-en-polvo-freska-leche","status":"publish","type":"post","link":"https:\/\/armstrongyregion.com.ar\/diario\/alerta-alimentaria-sobre-lotes-de-leche-en-polvo-freska-leche\/","title":{"rendered":"Alerta Alimentaria sobre lotes de leche en polvo \u00abFreska Leche\u00bb."},"content":{"rendered":"\n<figure class=\"wp-block-image size-full\"><a href=\"http:\/\/armstrongyregion.com.ar\/diario\/wp-content\/uploads\/2024\/09\/leche-alerta-16-09-24.jpg\"><img loading=\"lazy\" decoding=\"async\" width=\"540\" height=\"283\" src=\"http:\/\/armstrongyregion.com.ar\/diario\/wp-content\/uploads\/2024\/09\/leche-alerta-16-09-24.jpg\" alt=\"\" class=\"wp-image-44012\" srcset=\"https:\/\/armstrongyregion.com.ar\/diario\/wp-content\/uploads\/2024\/09\/leche-alerta-16-09-24.jpg 540w, https:\/\/armstrongyregion.com.ar\/diario\/wp-content\/uploads\/2024\/09\/leche-alerta-16-09-24-300x157.jpg 300w\" sizes=\"auto, (max-width: 540px) 100vw, 540px\" \/><\/a><\/figure>\n\n\n\n<p>La Agencia Santafesina de Seguridad Alimentaria (Assal) emiti\u00f3 un alerta alimentaria de lotes de<br>leche en polvo entera instant\u00e1nea fortificada con vitamina A y D de la marca Freska Leche. Prohibi\u00f3<br>la tenencia, el fraccionamiento, el transporte la comercializaci\u00f3n y exposici\u00f3n en todo el territorio<br>nacional.<\/p>\n\n\n\n<figure class=\"wp-block-image size-full\"><a href=\"http:\/\/armstrongyregion.com.ar\/diario\/wp-content\/uploads\/2024\/09\/alerta-leche-16-9-24-b.jpg\"><img loading=\"lazy\" decoding=\"async\" width=\"540\" height=\"283\" src=\"http:\/\/armstrongyregion.com.ar\/diario\/wp-content\/uploads\/2024\/09\/alerta-leche-16-9-24-b.jpg\" alt=\"\" class=\"wp-image-44013\" srcset=\"https:\/\/armstrongyregion.com.ar\/diario\/wp-content\/uploads\/2024\/09\/alerta-leche-16-9-24-b.jpg 540w, https:\/\/armstrongyregion.com.ar\/diario\/wp-content\/uploads\/2024\/09\/alerta-leche-16-9-24-b-300x157.jpg 300w\" sizes=\"auto, (max-width: 540px) 100vw, 540px\" \/><\/a><\/figure>\n\n\n\n<p><br>El Ministerio de Salud de la Provincia, a trav\u00e9s de la Agencia Santafesina de Seguridad Alimentaria<br>(Assal), prohibi\u00f3 el fraccionamiento, tenencia, transporte, comercializaci\u00f3n y exposici\u00f3n en todo el<br>territorio nacional de nuevos lotes del producto Leche en polvo entera instant\u00e1nea fortificada con<br>vitamina A y D marca Freska Leche.<br>El motivo es que se constat\u00f3 la existencia de lotes adulterados por lo cual no es un alimento<br>genuino.<br>Por ese motivo se precisa la informaci\u00f3n de cada uno de ellos para alertar a la poblaci\u00f3n:<br>Denominaci\u00f3n de venta: Leche en polvo entera instant\u00e1nea fortificada con vitamina A y D.<br>Marca: Freska Leche.<br>RNE N\u00ba: 025-08002320-3-7.<br>RNPA N\u00ba: 025-08002320-3-7\/053.<br>Lote: 060524.<br>Vencimiento: 06MAY25.<br>Raz\u00f3n social: Industrias Alimenticias La Blanquita SRL.<br>Domicilio: Ruta N\u00b0 32 Km 31, Viale, Entre R\u00edos.<br>La Assal es la agencia que verifica que los alimentos cumplan con la legislaci\u00f3n vigente; que los<br>r\u00f3tulos cuenten con toda la informaci\u00f3n obligatoria, y que esa informaci\u00f3n sea cierta y correcta, a fin<br>de brindar herramientas a los consumidores de alimentos garantizando la salud de todos.<\/p>\n","protected":false},"excerpt":{"rendered":"<p>Alerta Alimentaria sobre lotes de leche en polvo \u00abFreska Leche\u00bb.<\/p>\n","protected":false},"author":1,"featured_media":44012,"comment_status":"open","ping_status":"open","sticky":false,"template":"","format":"image","meta":{"_jetpack_memberships_contains_paid_content":false,"footnotes":"","jetpack_publicize_message":"","jetpack_publicize_feature_enabled":true,"jetpack_social_post_already_shared":true,"jetpack_social_options":{"image_generator_settings":{"template":"highway","default_image_id":0,"enabled":false},"version":2}},"categories":[8,1,2,7,3],"tags":[2892,5030,11041,8777,11040],"class_list":["post-44011","post","type-post","status-publish","format-image","has-post-thumbnail","hentry","category-deliberando","category-diario-armstrong","category-locales","category-politica","category-region","tag-alerta-alimentaria","tag-diario-armstrong","tag-freska-leche","tag-lic-graciela-de-la-casa","tag-lotes-de-leche","post_format-post-format-image"],"jetpack_publicize_connections":[],"jetpack_featured_media_url":"https:\/\/armstrongyregion.com.ar\/diario\/wp-content\/uploads\/2024\/09\/leche-alerta-16-09-24.jpg","jetpack_shortlink":"https:\/\/wp.me\/p62QDO-brR","jetpack_sharing_enabled":true,"amp_enabled":true,"_links":{"self":[{"href":"https:\/\/armstrongyregion.com.ar\/diario\/wp-json\/wp\/v2\/posts\/44011","targetHints":{"allow":["GET"]}}],"collection":[{"href":"https:\/\/armstrongyregion.com.ar\/diario\/wp-json\/wp\/v2\/posts"}],"about":[{"href":"https:\/\/armstrongyregion.com.ar\/diario\/wp-json\/wp\/v2\/types\/post"}],"author":[{"embeddable":true,"href":"https:\/\/armstrongyregion.com.ar\/diario\/wp-json\/wp\/v2\/users\/1"}],"replies":[{"embeddable":true,"href":"https:\/\/armstrongyregion.com.ar\/diario\/wp-json\/wp\/v2\/comments?post=44011"}],"version-history":[{"count":1,"href":"https:\/\/armstrongyregion.com.ar\/diario\/wp-json\/wp\/v2\/posts\/44011\/revisions"}],"predecessor-version":[{"id":44014,"href":"https:\/\/armstrongyregion.com.ar\/diario\/wp-json\/wp\/v2\/posts\/44011\/revisions\/44014"}],"wp:featuredmedia":[{"embeddable":true,"href":"https:\/\/armstrongyregion.com.ar\/diario\/wp-json\/wp\/v2\/media\/44012"}],"wp:attachment":[{"href":"https:\/\/armstrongyregion.com.ar\/diario\/wp-json\/wp\/v2\/media?parent=44011"}],"wp:term":[{"taxonomy":"category","embeddable":true,"href":"https:\/\/armstrongyregion.com.ar\/diario\/wp-json\/wp\/v2\/categories?post=44011"},{"taxonomy":"post_tag","embeddable":true,"href":"https:\/\/armstrongyregion.com.ar\/diario\/wp-json\/wp\/v2\/tags?post=44011"}],"curies":[{"name":"wp","href":"https:\/\/api.w.org\/{rel}","templated":true}]}}