{"id":44008,"date":"2024-09-15T00:35:54","date_gmt":"2024-09-15T00:35:54","guid":{"rendered":"https:\/\/armstrongyregion.com.ar\/diario\/?p=44008"},"modified":"2024-09-15T00:35:57","modified_gmt":"2024-09-15T00:35:57","slug":"grave-accidente-en-el-centro-de-las-parejas","status":"publish","type":"post","link":"https:\/\/armstrongyregion.com.ar\/diario\/grave-accidente-en-el-centro-de-las-parejas\/","title":{"rendered":"Grave accidente en el centro de Las Parejas."},"content":{"rendered":"\n<figure class=\"wp-block-image size-full\"><a href=\"http:\/\/armstrongyregion.com.ar\/diario\/wp-content\/uploads\/2024\/09\/MOVIL-POLICIAL-SEPTIEMBRE-1-1280x640-1.jpg\"><img loading=\"lazy\" decoding=\"async\" width=\"768\" height=\"384\" src=\"http:\/\/armstrongyregion.com.ar\/diario\/wp-content\/uploads\/2024\/09\/MOVIL-POLICIAL-SEPTIEMBRE-1-1280x640-1.jpg\" alt=\"\" class=\"wp-image-44009\" srcset=\"https:\/\/armstrongyregion.com.ar\/diario\/wp-content\/uploads\/2024\/09\/MOVIL-POLICIAL-SEPTIEMBRE-1-1280x640-1.jpg 768w, https:\/\/armstrongyregion.com.ar\/diario\/wp-content\/uploads\/2024\/09\/MOVIL-POLICIAL-SEPTIEMBRE-1-1280x640-1-300x150.jpg 300w\" sizes=\"auto, (max-width: 768px) 100vw, 768px\" \/><\/a><\/figure>\n\n\n\n<h2 class=\"wp-block-heading\">Este accidente ocurri\u00f3 hoy s\u00e1bado a las 6 hs. aproximadamente, en la intersecci\u00f3n de avenida 21 y calle 20, frente a reloj.<\/h2>\n\n\n\n<p>El parte policial sostiene que: \u201cSomos comisionado a dicha a intersecci\u00f3n debido a un siniestro vial. Arribado al lugar podemos constatar que se hab\u00eda producido un accidente de tr\u00e1nsito por cuestiones que tratan de establecer, donde tuvo como involucrada una motocicleta Guerrero Trip 125 cc, color blanco, con dos femeninas a bordo. Las mismas, v\u00edctimas de este accidente, M.A.M. de 18 a\u00f1os, domiciliada en la ciudad de Armstrong y L.M.R, de 24 a\u00f1os, con domicilio en Las Parejas, fueron trasladas a un nosocomio de la ciudad de Rosario debido a las lesiones recibidas.<\/p>\n\n\n\n<p> Es dable mencionar que se puso en conocimiento al fiscal en turno, el Dr. Tosco, tanto como al m\u00e9dico de polic\u00eda en turno, el Dr. Buz\u00f3n Rodrigo. Interviene UFI Ca\u00f1ada de G\u00f3mez. \u00a0<\/p>\n\n\n\n<p>Fuente: Radio Las Parejas-<\/p>\n\n\n\n<p><\/p>\n","protected":false},"excerpt":{"rendered":"<p>Grave accidente en el centro de Las Parejas.<\/p>\n","protected":false},"author":1,"featured_media":44009,"comment_status":"open","ping_status":"open","sticky":false,"template":"","format":"image","meta":{"_jetpack_memberships_contains_paid_content":false,"footnotes":"","jetpack_publicize_message":"","jetpack_publicize_feature_enabled":true,"jetpack_social_post_already_shared":true,"jetpack_social_options":{"image_generator_settings":{"template":"highway","default_image_id":0,"enabled":false},"version":2}},"categories":[8,1,2,7,3],"tags":[694,21,19,5030,16,1866,509,8777],"class_list":["post-44008","post","type-post","status-publish","format-image","has-post-thumbnail","hentry","category-deliberando","category-diario-armstrong","category-locales","category-politica","category-region","tag-accidente","tag-centro","tag-de","tag-diario-armstrong","tag-el","tag-grave","tag-las-parejas","tag-lic-graciela-de-la-casa","post_format-post-format-image"],"jetpack_publicize_connections":[],"jetpack_featured_media_url":"https:\/\/armstrongyregion.com.ar\/diario\/wp-content\/uploads\/2024\/09\/MOVIL-POLICIAL-SEPTIEMBRE-1-1280x640-1.jpg","jetpack_shortlink":"https:\/\/wp.me\/p62QDO-brO","jetpack_sharing_enabled":true,"amp_enabled":true,"_links":{"self":[{"href":"https:\/\/armstrongyregion.com.ar\/diario\/wp-json\/wp\/v2\/posts\/44008","targetHints":{"allow":["GET"]}}],"collection":[{"href":"https:\/\/armstrongyregion.com.ar\/diario\/wp-json\/wp\/v2\/posts"}],"about":[{"href":"https:\/\/armstrongyregion.com.ar\/diario\/wp-json\/wp\/v2\/types\/post"}],"author":[{"embeddable":true,"href":"https:\/\/armstrongyregion.com.ar\/diario\/wp-json\/wp\/v2\/users\/1"}],"replies":[{"embeddable":true,"href":"https:\/\/armstrongyregion.com.ar\/diario\/wp-json\/wp\/v2\/comments?post=44008"}],"version-history":[{"count":1,"href":"https:\/\/armstrongyregion.com.ar\/diario\/wp-json\/wp\/v2\/posts\/44008\/revisions"}],"predecessor-version":[{"id":44010,"href":"https:\/\/armstrongyregion.com.ar\/diario\/wp-json\/wp\/v2\/posts\/44008\/revisions\/44010"}],"wp:featuredmedia":[{"embeddable":true,"href":"https:\/\/armstrongyregion.com.ar\/diario\/wp-json\/wp\/v2\/media\/44009"}],"wp:attachment":[{"href":"https:\/\/armstrongyregion.com.ar\/diario\/wp-json\/wp\/v2\/media?parent=44008"}],"wp:term":[{"taxonomy":"category","embeddable":true,"href":"https:\/\/armstrongyregion.com.ar\/diario\/wp-json\/wp\/v2\/categories?post=44008"},{"taxonomy":"post_tag","embeddable":true,"href":"https:\/\/armstrongyregion.com.ar\/diario\/wp-json\/wp\/v2\/tags?post=44008"}],"curies":[{"name":"wp","href":"https:\/\/api.w.org\/{rel}","templated":true}]}}