{"id":43998,"date":"2024-09-13T00:40:50","date_gmt":"2024-09-13T00:40:50","guid":{"rendered":"https:\/\/armstrongyregion.com.ar\/diario\/?p=43998"},"modified":"2024-09-13T00:40:51","modified_gmt":"2024-09-13T00:40:51","slug":"san-genaro-encuentro-de-concejales-peronistas-impulsan-una-agenda-regional","status":"publish","type":"post","link":"https:\/\/armstrongyregion.com.ar\/diario\/san-genaro-encuentro-de-concejales-peronistas-impulsan-una-agenda-regional\/","title":{"rendered":"San Genaro: encuentro de concejales peronistas. Impulsan una agenda regional."},"content":{"rendered":"\n<figure class=\"wp-block-image size-full\"><a href=\"http:\/\/armstrongyregion.com.ar\/diario\/wp-content\/uploads\/2024\/09\/concejales-peronistas-.jpg\"><img loading=\"lazy\" decoding=\"async\" width=\"645\" height=\"395\" src=\"http:\/\/armstrongyregion.com.ar\/diario\/wp-content\/uploads\/2024\/09\/concejales-peronistas-.jpg\" alt=\"\" class=\"wp-image-43999\" srcset=\"https:\/\/armstrongyregion.com.ar\/diario\/wp-content\/uploads\/2024\/09\/concejales-peronistas-.jpg 645w, https:\/\/armstrongyregion.com.ar\/diario\/wp-content\/uploads\/2024\/09\/concejales-peronistas--300x184.jpg 300w\" sizes=\"auto, (max-width: 645px) 100vw, 645px\" \/><\/a><\/figure>\n\n\n\n<h2 class=\"wp-block-heading\">Con el objetivo de fortalecer la representaci\u00f3n y construir proyectos colectivos, ediles justicialistas de seis ciudades de la regi\u00f3n se reunieron para intercambiar ideas y definir una agenda de trabajo com\u00fan.<\/h2>\n\n\n\n<p>El pasado viernes 6 de septiembre, la ciudad de San Genaro fue sede de un importante encuentro interdepartamental de concejales peronistas de distintas ciudades de la regi\u00f3n. La reuni\u00f3n tuvo como prop\u00f3sito principal intercambiar propuestas y fortalecer una visi\u00f3n integral que abarque tanto a sus comunidades locales como a la Provincia de Santa Fe en su conjunto.<\/p>\n\n\n\n<p>Seg\u00fan expresaron los participantes, la convocatoria surgi\u00f3 de la necesidad de crear un espacio de trabajo colectivo que permita abordar temas comunes.\u00a0<em>\u201cLa idea de la convocatoria surge de la necesidad de establecer un espacio en com\u00fan con la finalidad de abordar colectivamente asuntos que sean de nuestra competencia e inter\u00e9s\u201d,<\/em>\u00a0comentaron los ediles al t\u00e9rmino del encuentro. Adem\u00e1s, destacaron que el objetivo es canalizar relaciones con otros \u00f3rganos provinciales y nacionales para potenciar el trabajo a nivel local y regional.<\/p>\n\n\n\n<p>En el c\u00f3nclave participaron Mar\u00eda Florencia Baldani y Bruno Fermani, concejales de San Genaro; Mart\u00edn Blanco y Marcos Di Santo, de Las Rosas; Jesica Ledesma, de El Tr\u00e9bol; Sergio Balbi, de Sastre; Elian Griva y Georgina Dottori, de Totoras y Luz Marina Fischer, de Armstrong.&nbsp;<\/p>\n\n\n\n<p>Durante la jornada, se plante\u00f3 la necesidad de continuar con estos encuentros y extender la invitaci\u00f3n a otros concejales de la provincia, con el fin de construir una agenda en com\u00fan que fomente el desarrollo social, pol\u00edtico y econ\u00f3mico de la regi\u00f3n.<\/p>\n\n\n\n<p><strong>Fuente:&nbsp;<a href=\"https:\/\/politicadesantafe.com\/lo-que-dejo-el-encuentro-interdepartamental-de-concejales-del-pj-en-san-genaro\/\" rel=\"noreferrer noopener\" target=\"_blank\">Pol\u00edtica de Santa Fe<\/a><\/strong><\/p>\n","protected":false},"excerpt":{"rendered":"<p>San Genaro: encuentro de concejales peronistas. Impulsan una agenda regional.<\/p>\n","protected":false},"author":1,"featured_media":43999,"comment_status":"open","ping_status":"open","sticky":false,"template":"","format":"image","meta":{"_jetpack_memberships_contains_paid_content":false,"footnotes":"","jetpack_publicize_message":"","jetpack_publicize_feature_enabled":true,"jetpack_social_post_already_shared":true,"jetpack_social_options":{"image_generator_settings":{"template":"highway","default_image_id":0,"enabled":false},"version":2}},"categories":[8,1,2,7,3],"tags":[2506,8830,5030,63,8777,11036,246,10477],"class_list":["post-43998","post","type-post","status-publish","format-image","has-post-thumbnail","hentry","category-deliberando","category-diario-armstrong","category-locales","category-politica","category-region","tag-agenda","tag-concejales-2","tag-diario-armstrong","tag-encuentro","tag-lic-graciela-de-la-casa","tag-peronistas","tag-regional","tag-san-genaro-2","post_format-post-format-image"],"jetpack_publicize_connections":[],"jetpack_featured_media_url":"https:\/\/armstrongyregion.com.ar\/diario\/wp-content\/uploads\/2024\/09\/concejales-peronistas-.jpg","jetpack_shortlink":"https:\/\/wp.me\/p62QDO-brE","jetpack_sharing_enabled":true,"amp_enabled":true,"_links":{"self":[{"href":"https:\/\/armstrongyregion.com.ar\/diario\/wp-json\/wp\/v2\/posts\/43998","targetHints":{"allow":["GET"]}}],"collection":[{"href":"https:\/\/armstrongyregion.com.ar\/diario\/wp-json\/wp\/v2\/posts"}],"about":[{"href":"https:\/\/armstrongyregion.com.ar\/diario\/wp-json\/wp\/v2\/types\/post"}],"author":[{"embeddable":true,"href":"https:\/\/armstrongyregion.com.ar\/diario\/wp-json\/wp\/v2\/users\/1"}],"replies":[{"embeddable":true,"href":"https:\/\/armstrongyregion.com.ar\/diario\/wp-json\/wp\/v2\/comments?post=43998"}],"version-history":[{"count":1,"href":"https:\/\/armstrongyregion.com.ar\/diario\/wp-json\/wp\/v2\/posts\/43998\/revisions"}],"predecessor-version":[{"id":44000,"href":"https:\/\/armstrongyregion.com.ar\/diario\/wp-json\/wp\/v2\/posts\/43998\/revisions\/44000"}],"wp:featuredmedia":[{"embeddable":true,"href":"https:\/\/armstrongyregion.com.ar\/diario\/wp-json\/wp\/v2\/media\/43999"}],"wp:attachment":[{"href":"https:\/\/armstrongyregion.com.ar\/diario\/wp-json\/wp\/v2\/media?parent=43998"}],"wp:term":[{"taxonomy":"category","embeddable":true,"href":"https:\/\/armstrongyregion.com.ar\/diario\/wp-json\/wp\/v2\/categories?post=43998"},{"taxonomy":"post_tag","embeddable":true,"href":"https:\/\/armstrongyregion.com.ar\/diario\/wp-json\/wp\/v2\/tags?post=43998"}],"curies":[{"name":"wp","href":"https:\/\/api.w.org\/{rel}","templated":true}]}}