{"id":4399,"date":"2015-10-03T11:31:42","date_gmt":"2015-10-03T11:31:42","guid":{"rendered":"https:\/\/armstrongyregion.com.ar\/diario\/?p=4399"},"modified":"2015-10-03T11:33:22","modified_gmt":"2015-10-03T11:33:22","slug":"hallaron-una-mujer-sin-vida-en-su-vivienda","status":"publish","type":"post","link":"https:\/\/armstrongyregion.com.ar\/diario\/hallaron-una-mujer-sin-vida-en-su-vivienda\/","title":{"rendered":"Las Rosas: Hallaron una mujer sin vida en su vivienda"},"content":{"rendered":"<p><a href=\"http:\/\/armstrongyregion.com.ar\/diario\/wp-content\/uploads\/2015\/10\/fallecida-calleBelgrano.jpg\"><img loading=\"lazy\" decoding=\"async\" class=\"alignnone size-medium wp-image-4400\" src=\"http:\/\/armstrongyregion.com.ar\/diario\/wp-content\/uploads\/2015\/10\/fallecida-calleBelgrano-300x169.jpg\" alt=\"fallecida-calleBelgrano\" width=\"300\" height=\"169\" srcset=\"https:\/\/armstrongyregion.com.ar\/diario\/wp-content\/uploads\/2015\/10\/fallecida-calleBelgrano-300x169.jpg 300w, https:\/\/armstrongyregion.com.ar\/diario\/wp-content\/uploads\/2015\/10\/fallecida-calleBelgrano-1024x576.jpg 1024w, https:\/\/armstrongyregion.com.ar\/diario\/wp-content\/uploads\/2015\/10\/fallecida-calleBelgrano.jpg 1600w\" sizes=\"auto, (max-width: 300px) 100vw, 300px\" \/><\/a>\u00a0Aproximadamente a las \u00a021\u00a0horas de la noche de ayer, familiares de una se\u00f1ora de aproximadamente 80 a\u00f1os comunicaron a las autoridades que hac\u00eda unos d\u00edas no la ve\u00edan y que viv\u00eda sola en calle Belgrano al 800 (vereda impar), de la ciudad de Las Rosas. Acudieron al lugar bomberos y polic\u00eda, hall\u00e1ndola ya fallecida. Las causas que motivaron el deceso deben ser determinadas.<\/p>\n","protected":false},"excerpt":{"rendered":"<p>\u00a0Aproximadamente a las \u00a021\u00a0horas de la noche de ayer, familiares de una se\u00f1ora de aproximadamente 80 a\u00f1os comunicaron a las autoridades que hac\u00eda unos d\u00edas no la ve\u00edan y que viv\u00eda sola en calle Belgrano al 800 (vereda impar), de la ciudad de Las Rosas. Acudieron al lugar bomberos y polic\u00eda, hall\u00e1ndola ya fallecida. Las <a href=\"https:\/\/armstrongyregion.com.ar\/diario\/hallaron-una-mujer-sin-vida-en-su-vivienda\/\" title=\"Read more\" >&#8230;<\/a><\/p>\n","protected":false},"author":2,"featured_media":4400,"comment_status":"open","ping_status":"open","sticky":false,"template":"","format":"standard","meta":{"_jetpack_memberships_contains_paid_content":false,"footnotes":"","jetpack_publicize_message":"","jetpack_publicize_feature_enabled":true,"jetpack_social_post_already_shared":false,"jetpack_social_options":{"image_generator_settings":{"template":"highway","default_image_id":0,"enabled":false},"version":2}},"categories":[9,1,2852,3],"tags":[1990,2888,352,2887,2889,1180],"class_list":["post-4399","post","type-post","status-publish","format-standard","has-post-thumbnail","hentry","category-contacto","category-diario-armstrong","category-policiales","category-region","tag-las-rosas","tag-anciana","tag-bomberos","tag-determinacion","tag-fallecida","tag-muerte"],"jetpack_publicize_connections":[],"jetpack_featured_media_url":"https:\/\/armstrongyregion.com.ar\/diario\/wp-content\/uploads\/2015\/10\/fallecida-calleBelgrano.jpg","jetpack_shortlink":"https:\/\/wp.me\/p62QDO-18X","jetpack_sharing_enabled":true,"amp_enabled":true,"_links":{"self":[{"href":"https:\/\/armstrongyregion.com.ar\/diario\/wp-json\/wp\/v2\/posts\/4399","targetHints":{"allow":["GET"]}}],"collection":[{"href":"https:\/\/armstrongyregion.com.ar\/diario\/wp-json\/wp\/v2\/posts"}],"about":[{"href":"https:\/\/armstrongyregion.com.ar\/diario\/wp-json\/wp\/v2\/types\/post"}],"author":[{"embeddable":true,"href":"https:\/\/armstrongyregion.com.ar\/diario\/wp-json\/wp\/v2\/users\/2"}],"replies":[{"embeddable":true,"href":"https:\/\/armstrongyregion.com.ar\/diario\/wp-json\/wp\/v2\/comments?post=4399"}],"version-history":[{"count":0,"href":"https:\/\/armstrongyregion.com.ar\/diario\/wp-json\/wp\/v2\/posts\/4399\/revisions"}],"wp:featuredmedia":[{"embeddable":true,"href":"https:\/\/armstrongyregion.com.ar\/diario\/wp-json\/wp\/v2\/media\/4400"}],"wp:attachment":[{"href":"https:\/\/armstrongyregion.com.ar\/diario\/wp-json\/wp\/v2\/media?parent=4399"}],"wp:term":[{"taxonomy":"category","embeddable":true,"href":"https:\/\/armstrongyregion.com.ar\/diario\/wp-json\/wp\/v2\/categories?post=4399"},{"taxonomy":"post_tag","embeddable":true,"href":"https:\/\/armstrongyregion.com.ar\/diario\/wp-json\/wp\/v2\/tags?post=4399"}],"curies":[{"name":"wp","href":"https:\/\/api.w.org\/{rel}","templated":true}]}}