{"id":43989,"date":"2024-09-12T23:06:14","date_gmt":"2024-09-12T23:06:14","guid":{"rendered":"https:\/\/armstrongyregion.com.ar\/diario\/?p=43989"},"modified":"2024-09-12T23:06:16","modified_gmt":"2024-09-12T23:06:16","slug":"reforma-previsional-el-ejecutivo-confirmo-la-inmediata-promulgacion-y-defendio-el-operativo-de-seguridad-en-la-legislatura","status":"publish","type":"post","link":"https:\/\/armstrongyregion.com.ar\/diario\/reforma-previsional-el-ejecutivo-confirmo-la-inmediata-promulgacion-y-defendio-el-operativo-de-seguridad-en-la-legislatura\/","title":{"rendered":"Reforma previsional: el Ejecutivo confirm\u00f3 la inmediata promulgaci\u00f3n y defendi\u00f3 el operativo de seguridad en la Legislatura."},"content":{"rendered":"\n<figure class=\"wp-block-image size-full\"><a href=\"http:\/\/armstrongyregion.com.ar\/diario\/wp-content\/uploads\/2024\/09\/diputadxs.jpg_1756841869.jpg\"><img loading=\"lazy\" decoding=\"async\" width=\"800\" height=\"450\" src=\"http:\/\/armstrongyregion.com.ar\/diario\/wp-content\/uploads\/2024\/09\/diputadxs.jpg_1756841869.jpg\" alt=\"\" class=\"wp-image-43990\" srcset=\"https:\/\/armstrongyregion.com.ar\/diario\/wp-content\/uploads\/2024\/09\/diputadxs.jpg_1756841869.jpg 800w, https:\/\/armstrongyregion.com.ar\/diario\/wp-content\/uploads\/2024\/09\/diputadxs.jpg_1756841869-300x169.jpg 300w, https:\/\/armstrongyregion.com.ar\/diario\/wp-content\/uploads\/2024\/09\/diputadxs.jpg_1756841869-768x432.jpg 768w\" sizes=\"auto, (max-width: 800px) 100vw, 800px\" \/><\/a><\/figure>\n\n\n\n<h2 class=\"wp-block-heading\">El ministro de Gobierno, Fabian Bastia, comunic\u00f3 que la resoluci\u00f3n con las modificaciones\u00a0se publica este viernes en el Bolet\u00edn Oficial. El titular de Justicia y Seguridad, Pablo Cococcioni, destac\u00f3 el accionar policial\u00a0ante la presencia de un \u201cpeque\u00f1o grupo de inadaptados\u201d en las manifestaciones desplagadas en la ciudad de Santa Fe<\/h2>\n\n\n\n<p>Funcionarios del Ejecutivo provincial respaldaron la<strong>&nbsp;aprobaci\u00f3n de la reforma previsional de Santa Fe&nbsp;<\/strong>en una jornada con incidentes frente a la Legislatura provincial. Primero, la vicegobernadora Gisela Scaglia destac\u00f3 el avance hacia una provincia \u201c<strong>sin d\u00e9ficit ni privilegios<\/strong>\u201d. Luego, el ministro de Justicia y Seguridad, Pablo Cococcioni, respald\u00f3 el operativo&nbsp;y&nbsp;<strong>destac\u00f3 el accionar policial<\/strong>&nbsp;ante la presencia de un \u201cpeque\u00f1o grupo de inadaptados\u201d. Por otra parte, el ministro de Gobierno Fabi\u00e1n Bastia confirm\u00f3 que&nbsp;la ley se promulga&nbsp;este mismo jueves&nbsp;y en las pr\u00f3ximas hora<strong>&nbsp;se publicar\u00e1 en el Bolet\u00edn Oficial<\/strong>.<\/p>\n\n\n\n<h2 class=\"wp-block-heading\">El operativo de seguridad<\/h2>\n\n\n\n<p><br><br>Cococcioni asever\u00f3 que fue \u201cun<strong>&nbsp;d\u00eda muy sensible para la institucionalidad de la provincia de Santa Fe<\/strong>\u201d y se\u00f1al\u00f3 que \u201c se mont\u00f3 un operativo policial en virtud de la existencia de posibles movilizaciones gremiales y de la ciudadan\u00eda en general, que<strong>&nbsp;en su mayor\u00eda se congregaron pac\u00edficamente<\/strong>\u201d.<\/p>\n\n\n\n<p>El funcionario asegur\u00f3 que \u201csin embargo, ha habido un peque\u00f1o grupo de inadaptados, que ha ejercido actos de violencia contra las personas, las instituciones, las<strong>&nbsp;instalaciones del edificio de la Legislatura y contra legisladores y personal policia<\/strong>l\u201d.<\/p>\n\n\n\n<p>Apunt\u00f3 que ante esta situaci\u00f3n \u201clas reservas del personal policial que estaban en las inmediaciones se aproximaron r\u00e1pidamente, e\u00a0<strong>intervinieron ejerciendo acciones de fuerza p\u00fablica<\/strong>, dentro del protocolo que indican los reglamentos, es decir empleando dispositivos de fuerza no letal\u201d.<\/p>\n\n\n\n<p>\u201cDe esta manera, se logr\u00f3 el objetivo que era<strong>&nbsp;restituir la normalidad de la Legislatura<\/strong>, desalojarla y controlar las inmediaciones. Y la sesi\u00f3n pudo terminar con normalidad\u201d, destac\u00f3 el ministro de Seguridad y a\u00f1adi\u00f3 que \u201ctodas las decisiones pasaron por m\u00ed, ninguna fue delegada a ninguna otra persona u organismo\u201d.<br><br>Cococcioni detall\u00f3 que resultaron heridos siete agentes de la Polic\u00eda de Santa Fe, 6 con contusiones de menor gravedad, con heridas leves, y el restante con<strong>&nbsp;herida de vidrio en un ojo<\/strong>.<\/p>\n\n\n\n<h2 class=\"wp-block-heading\"><br>El comunicado de Scaglia<\/h2>\n\n\n\n<p>La vicegobernadora Gisela Scaglia destac\u00f3 \u201cel compromiso de&nbsp;<strong>reducir el d\u00e9ficit y de tener un Estado eficiente<\/strong>\u201d de la gesti\u00f3n santafesina.<\/p>\n\n\n\n<p>\u201cSabemos que gobernar implica<strong>&nbsp;decidir sobre temas que hace a\u00f1os se dan por sentado sin cambios y sin discusiones<\/strong>. Son los nudos de los grandes problemas de la provincia que tenemos que resolver\u201d, expres\u00f3 Scaglia en sus redes sociales.<\/p>\n\n\n\n<p>Finalmente, dijo que \u201chay cuestiones que necesitan de discusiones dif\u00edciles, de solidaridad y de entender que los<strong>&nbsp;privilegios se terminan para todos<\/strong>\u201d.<\/p>\n\n\n\n<p>\u201cUn grupo de violentos hoy irrumpi\u00f3 en la Legislatura con la<strong>&nbsp;voluntad de frenar el debate legislativo<\/strong>. Ellos son los que se resisten a cambiar. Son los que quieren continuar con los privilegios, son los que no piensan en el futuro de la provincia\u201d, concluy\u00f3 Gisela Scaglia.<\/p>\n","protected":false},"excerpt":{"rendered":"<p>Reforma previsional: el Ejecutivo confirm\u00f3 la inmediata promulgaci\u00f3n y defendi\u00f3 el operativo de seguridad en la Legislatura.<\/p>\n","protected":false},"author":1,"featured_media":43990,"comment_status":"open","ping_status":"open","sticky":false,"template":"","format":"image","meta":{"_jetpack_memberships_contains_paid_content":false,"footnotes":"","jetpack_publicize_message":"","jetpack_publicize_feature_enabled":true,"jetpack_social_post_already_shared":true,"jetpack_social_options":{"image_generator_settings":{"template":"highway","default_image_id":0,"enabled":false},"version":2}},"categories":[8,1,2,7,3],"tags":[10721,357,10798,11016],"class_list":["post-43989","post","type-post","status-publish","format-image","has-post-thumbnail","hentry","category-deliberando","category-diario-armstrong","category-locales","category-politica","category-region","tag-diario-armstrong-region","tag-ejecutivo","tag-lic-graciela-de-la-casa-4","tag-reforma-previsional","post_format-post-format-image"],"jetpack_publicize_connections":[],"jetpack_featured_media_url":"https:\/\/armstrongyregion.com.ar\/diario\/wp-content\/uploads\/2024\/09\/diputadxs.jpg_1756841869.jpg","jetpack_shortlink":"https:\/\/wp.me\/p62QDO-brv","jetpack_sharing_enabled":true,"amp_enabled":true,"_links":{"self":[{"href":"https:\/\/armstrongyregion.com.ar\/diario\/wp-json\/wp\/v2\/posts\/43989","targetHints":{"allow":["GET"]}}],"collection":[{"href":"https:\/\/armstrongyregion.com.ar\/diario\/wp-json\/wp\/v2\/posts"}],"about":[{"href":"https:\/\/armstrongyregion.com.ar\/diario\/wp-json\/wp\/v2\/types\/post"}],"author":[{"embeddable":true,"href":"https:\/\/armstrongyregion.com.ar\/diario\/wp-json\/wp\/v2\/users\/1"}],"replies":[{"embeddable":true,"href":"https:\/\/armstrongyregion.com.ar\/diario\/wp-json\/wp\/v2\/comments?post=43989"}],"version-history":[{"count":1,"href":"https:\/\/armstrongyregion.com.ar\/diario\/wp-json\/wp\/v2\/posts\/43989\/revisions"}],"predecessor-version":[{"id":43991,"href":"https:\/\/armstrongyregion.com.ar\/diario\/wp-json\/wp\/v2\/posts\/43989\/revisions\/43991"}],"wp:featuredmedia":[{"embeddable":true,"href":"https:\/\/armstrongyregion.com.ar\/diario\/wp-json\/wp\/v2\/media\/43990"}],"wp:attachment":[{"href":"https:\/\/armstrongyregion.com.ar\/diario\/wp-json\/wp\/v2\/media?parent=43989"}],"wp:term":[{"taxonomy":"category","embeddable":true,"href":"https:\/\/armstrongyregion.com.ar\/diario\/wp-json\/wp\/v2\/categories?post=43989"},{"taxonomy":"post_tag","embeddable":true,"href":"https:\/\/armstrongyregion.com.ar\/diario\/wp-json\/wp\/v2\/tags?post=43989"}],"curies":[{"name":"wp","href":"https:\/\/api.w.org\/{rel}","templated":true}]}}