{"id":43986,"date":"2024-09-12T22:57:32","date_gmt":"2024-09-12T22:57:32","guid":{"rendered":"https:\/\/armstrongyregion.com.ar\/diario\/?p=43986"},"modified":"2024-09-12T22:57:34","modified_gmt":"2024-09-12T22:57:34","slug":"escandalo-en-la-legislatura-de-santa-fe-diputados-aprobo-la-reforma-jubilatoria-en-medio-de-incidentes","status":"publish","type":"post","link":"https:\/\/armstrongyregion.com.ar\/diario\/escandalo-en-la-legislatura-de-santa-fe-diputados-aprobo-la-reforma-jubilatoria-en-medio-de-incidentes\/","title":{"rendered":"Esc\u00e1ndalo en la Legislatura de Santa Fe: Diputados aprob\u00f3 la reforma jubilatoria en medio de incidentes."},"content":{"rendered":"\n<figure class=\"wp-block-image size-full\"><a href=\"http:\/\/armstrongyregion.com.ar\/diario\/wp-content\/uploads\/2024\/09\/legislatura1.jpg_1756841869.jpg\"><img loading=\"lazy\" decoding=\"async\" width=\"800\" height=\"450\" src=\"http:\/\/armstrongyregion.com.ar\/diario\/wp-content\/uploads\/2024\/09\/legislatura1.jpg_1756841869.jpg\" alt=\"\" class=\"wp-image-43987\" srcset=\"https:\/\/armstrongyregion.com.ar\/diario\/wp-content\/uploads\/2024\/09\/legislatura1.jpg_1756841869.jpg 800w, https:\/\/armstrongyregion.com.ar\/diario\/wp-content\/uploads\/2024\/09\/legislatura1.jpg_1756841869-300x169.jpg 300w, https:\/\/armstrongyregion.com.ar\/diario\/wp-content\/uploads\/2024\/09\/legislatura1.jpg_1756841869-768x432.jpg 768w\" sizes=\"auto, (max-width: 800px) 100vw, 800px\" \/><\/a><\/figure>\n\n\n\n<h2 class=\"wp-block-heading\">La sesi\u00f3n se inici\u00f3\u00a0en medio de la presi\u00f3n de manifestantes para ingresar al recinto, mientras la Polic\u00eda conten\u00eda la puerta principal para cortarles el paso. Una vez que la resistencia policial cedi\u00f3, los legisladores cortaron sus discursos y adelantaron la votaci\u00f3n para garantizar la sanci\u00f3n del proyecto oficialista. Luego, sigui\u00f3 la pol\u00e9mica con las exposiciones y se rechaz\u00f3 el pedido para repetir la votaci\u00f3n.<\/h2>\n\n\n\n<p><strong>La C\u00e1mara de Diputados de Santa Fe le dio sanci\u00f3n definitiva este jueves a la ley de emergencia y reforma previsional&nbsp;<\/strong>de la provincia en medio de una sesi\u00f3n pol\u00e9mica que incluy\u00f3 incidentes en el ingreso a la Legislatura, acusaciones cruzadas entre oficialismo y oposici\u00f3n y un cierre en el que se rechaz\u00f3 la posibilidad de repetir la votaci\u00f3n por irregular. Bloques opositores adelantaron que recurrir\u00e1n a la Justicia.&nbsp;<\/p>\n\n\n\n<p>El tratamiento comenz\u00f3 a las 11 en medio de&nbsp;<strong>un clima de suma tensi\u00f3n<\/strong>&nbsp;por la presencia de numerosos manifestantes que buscaban acceder al edificio y complicaron el acceso de los propios legisladores.&nbsp;<\/p>\n\n\n\n<p>La fuerza que hac\u00edan los manifestantes pertenecientes a diversos gremios estatales, de acuerdo a lo que informaron desde&nbsp;<em>De boca en boca<\/em>&nbsp;(Radio 2), era tal que, desde adentro se tuvo que&nbsp;<strong>reforzar la puerta con personal de seguridad<\/strong>&nbsp;a fin de que no puedan abrirla y entrar.&nbsp;<\/p>\n\n\n\n<p>Finalmente,&nbsp;de acuerdo a lo que inform\u00f3 la corresponsal en Santa Fe, Ivana Fux,&nbsp;en&nbsp;<em>De 12 a 14<\/em>&nbsp;(El Tres) este mediod\u00eda, la&nbsp;presi\u00f3n de los manifestantes hizo ceder la resistencia policial y, cuando comenzaron a ingresar al edificio legislativo, el diputado socialista Pablo Far\u00edas interrumpi\u00f3 el discurso de su par Juan Domingo Arga\u00f1araz y&nbsp;<strong>pidi\u00f3 que se adelante la votaci\u00f3n para garantizar su aprobaci\u00f3n<\/strong>.<\/p>\n\n\n\n<p>Finalmente<strong>, el proyecto se aprob\u00f3 en general con 23 votos a favor, 9 en contra y 11 abstenciones.<\/strong><\/p>\n\n\n\n<h2 class=\"wp-block-heading\">Fundamentos y exposiciones<\/h2>\n\n\n\n<p>Luego de la adelantada votaci\u00f3n comenz\u00f3 la&nbsp;<strong>exposici\u00f3n de los legisladores<\/strong>, tal como hab\u00eda ocurrido en la sesi\u00f3n de la semana pasada en la C\u00e1mara de Senadores cuando primero se vot\u00f3 y luego se fundamentaron las posiciones.&nbsp;<\/p>\n\n\n\n<p><strong>En la exposici\u00f3n hubo cr\u00edticas varias de los diputados opositores, entre ellos el exgobernador Omar Perotti quien denunci\u00f3 una \u00ab<\/strong>votaci\u00f3n&nbsp;irregular\u00bb. \u00abNo se termin\u00f3 de votar de manera particular. No se puede seguir hoy la sesi\u00f3n\u00bb, exigi\u00f3 el dirigente peronista.&nbsp;<\/p>\n\n\n\n<p>Desde el oficialismo aseguraron en cambio que \u00abel procedimiento fue perfectamente legal\u00bb ya que se decidi\u00f3 votar y no continuar con las palabras<strong>&nbsp;cuando rompieron la puerta de la Legilatura para \u00abno poner en riesgo la institucionalidad\u00bb<\/strong>. \u00abSe&nbsp;present\u00f3&nbsp;una moci\u00f3n para cerrar el debate y se vot\u00f3 para que luego&nbsp;contin\u00fae el debate\u00bb, explicaron.<\/p>\n\n\n\n<p>Por otra parte, la diputada\u00a0<a href=\"https:\/\/www.rosario3.com\/politica\/Amalia-Granata-pidio-la-nulidad-de-la-votacion-en-Diputados-y-cuestiono-con-dureza-al-oficialismo-20240912-0041.html\" target=\"_blank\" rel=\"noreferrer noopener\">Amalia Granata dijo que muchos de los que votaron \u00ablo hicieron<strong>\u00a0con la nariz tapada<\/strong>\u00ab<\/a>\u00a0y que\u00a0la Provincia \u00abmientras vota la emergencia previsional tiene recursos para la ampliaci\u00f3n presupuestaria de la Loter\u00eda de Santa Fe\u00bb.<\/p>\n\n\n\n<p>La diputada Lucila De Ponti cuestion\u00f3 la reforma previsional y a\u00f1adi\u00f3: \u00abParece que<strong>&nbsp;ajustar a los jubilados se puso de moda&nbsp;<\/strong>a ra\u00edz de lo que estamos viviendo a nivel nacional y en nuestra provincia, lo que nos lleva a una situaci\u00f3n insostenible\u00bb.<\/p>\n\n\n\n<p>\u00abLa reforma que se acaba de aprobar&nbsp;<strong>no es ninguna soluci\u00f3n porque propone insistir en el recorte de jubilaciones y salarios<\/strong>, muy lejos del sistema previsional justo y equitativo que necesitamos\u00bb, explic\u00f3.<\/p>\n\n\n\n<p>Por su parte, senador oficialista Felipe Michlig se refiri\u00f3 a los incidentes fuera de la Legislatura y explic\u00f3 que hubo \u00abmarchas y contramarchas en el operativo de seguridad\u00bb.<\/p>\n\n\n\n<p>\u00ab<strong>Llam\u00e9\u00a0personalmente al Ministro de Seguridad para pedirle fuerzas especiales\u201d<\/strong>, expres\u00f3 Michlig en di\u00e1logo con la prensa en Santa Fe.<\/p>\n\n\n\n<p>Ahora, el proyecto de reforma previsional\u00a0ser\u00e1 girado al Ejecutivo y, seg\u00fan trascendi\u00f3,\u00a0<strong>el pr\u00f3ximo viernes ya quedar\u00eda publicado en el Bolet\u00edn Oficial de la provincia y empezar\u00eda a tener vigencia la reforma.<\/strong><\/p>\n\n\n\n<p>Fuente: Rosario3.com<\/p>\n\n\n\n<p><\/p>\n","protected":false},"excerpt":{"rendered":"<p>Esc\u00e1ndalo en la Legislatura de Santa Fe: Diputados aprob\u00f3 la reforma jubilatoria en medio de incidentes.<\/p>\n","protected":false},"author":1,"featured_media":43987,"comment_status":"open","ping_status":"open","sticky":false,"template":"","format":"image","meta":{"_jetpack_memberships_contains_paid_content":false,"footnotes":"","jetpack_publicize_message":"","jetpack_publicize_feature_enabled":true,"jetpack_social_post_already_shared":true,"jetpack_social_options":{"image_generator_settings":{"template":"highway","default_image_id":0,"enabled":false},"version":2}},"categories":[8,1,2,7,3],"tags":[2460,10721,9626,15,11033,6245,31,3701,8777,4080,3381],"class_list":["post-43986","post","type-post","status-publish","format-image","has-post-thumbnail","hentry","category-deliberando","category-diario-armstrong","category-locales","category-politica","category-region","tag-aprobo","tag-diario-armstrong-region","tag-diputados-2","tag-en","tag-escandalo","tag-jubilatoria","tag-la","tag-legislatura","tag-lic-graciela-de-la-casa","tag-reforma","tag-santa-fe","post_format-post-format-image"],"jetpack_publicize_connections":[],"jetpack_featured_media_url":"https:\/\/armstrongyregion.com.ar\/diario\/wp-content\/uploads\/2024\/09\/legislatura1.jpg_1756841869.jpg","jetpack_shortlink":"https:\/\/wp.me\/p62QDO-brs","jetpack_sharing_enabled":true,"amp_enabled":true,"_links":{"self":[{"href":"https:\/\/armstrongyregion.com.ar\/diario\/wp-json\/wp\/v2\/posts\/43986","targetHints":{"allow":["GET"]}}],"collection":[{"href":"https:\/\/armstrongyregion.com.ar\/diario\/wp-json\/wp\/v2\/posts"}],"about":[{"href":"https:\/\/armstrongyregion.com.ar\/diario\/wp-json\/wp\/v2\/types\/post"}],"author":[{"embeddable":true,"href":"https:\/\/armstrongyregion.com.ar\/diario\/wp-json\/wp\/v2\/users\/1"}],"replies":[{"embeddable":true,"href":"https:\/\/armstrongyregion.com.ar\/diario\/wp-json\/wp\/v2\/comments?post=43986"}],"version-history":[{"count":1,"href":"https:\/\/armstrongyregion.com.ar\/diario\/wp-json\/wp\/v2\/posts\/43986\/revisions"}],"predecessor-version":[{"id":43988,"href":"https:\/\/armstrongyregion.com.ar\/diario\/wp-json\/wp\/v2\/posts\/43986\/revisions\/43988"}],"wp:featuredmedia":[{"embeddable":true,"href":"https:\/\/armstrongyregion.com.ar\/diario\/wp-json\/wp\/v2\/media\/43987"}],"wp:attachment":[{"href":"https:\/\/armstrongyregion.com.ar\/diario\/wp-json\/wp\/v2\/media?parent=43986"}],"wp:term":[{"taxonomy":"category","embeddable":true,"href":"https:\/\/armstrongyregion.com.ar\/diario\/wp-json\/wp\/v2\/categories?post=43986"},{"taxonomy":"post_tag","embeddable":true,"href":"https:\/\/armstrongyregion.com.ar\/diario\/wp-json\/wp\/v2\/tags?post=43986"}],"curies":[{"name":"wp","href":"https:\/\/api.w.org\/{rel}","templated":true}]}}