{"id":43971,"date":"2024-09-11T15:34:32","date_gmt":"2024-09-11T15:34:32","guid":{"rendered":"https:\/\/armstrongyregion.com.ar\/diario\/?p=43971"},"modified":"2024-10-10T05:13:15","modified_gmt":"2024-10-10T05:13:15","slug":"armstrong-intervenciones-artisticas-en-intertribus","status":"publish","type":"post","link":"https:\/\/armstrongyregion.com.ar\/diario\/armstrong-intervenciones-artisticas-en-intertribus\/","title":{"rendered":"Armstrong. Intervenciones art\u00edsticas en InterTribus."},"content":{"rendered":"\n<figure class=\"wp-block-image size-full\"><a href=\"http:\/\/armstrongyregion.com.ar\/diario\/wp-content\/uploads\/2024\/09\/Intertribus1.jpg\"><img loading=\"lazy\" decoding=\"async\" width=\"500\" height=\"375\" src=\"http:\/\/armstrongyregion.com.ar\/diario\/wp-content\/uploads\/2024\/09\/Intertribus1.jpg\" alt=\"\" class=\"wp-image-43972\" srcset=\"https:\/\/armstrongyregion.com.ar\/diario\/wp-content\/uploads\/2024\/09\/Intertribus1.jpg 500w, https:\/\/armstrongyregion.com.ar\/diario\/wp-content\/uploads\/2024\/09\/Intertribus1-300x225.jpg 300w\" sizes=\"auto, (max-width: 500px) 100vw, 500px\" \/><\/a><\/figure>\n\n\n\n<h2 class=\"wp-block-heading\"><strong>En el marco del proyecto InterTribus 2024 que lleva adelante la Escuela Superior de Comercio N\u00b0 51, existe un espacio dedicado a las producciones art\u00edsticas que tambi\u00e9n entran en competencia.<\/strong><\/h2>\n\n\n\n<figure class=\"wp-block-image size-full\"><a href=\"http:\/\/armstrongyregion.com.ar\/diario\/wp-content\/uploads\/2024\/09\/Intertribus2.jpg\"><img loading=\"lazy\" decoding=\"async\" width=\"500\" height=\"375\" src=\"http:\/\/armstrongyregion.com.ar\/diario\/wp-content\/uploads\/2024\/09\/Intertribus2.jpg\" alt=\"\" class=\"wp-image-43973\" srcset=\"https:\/\/armstrongyregion.com.ar\/diario\/wp-content\/uploads\/2024\/09\/Intertribus2.jpg 500w, https:\/\/armstrongyregion.com.ar\/diario\/wp-content\/uploads\/2024\/09\/Intertribus2-300x225.jpg 300w\" sizes=\"auto, (max-width: 500px) 100vw, 500px\" \/><\/a><\/figure>\n\n\n\n<p>Las tribus est\u00e1n conformadas por alumnos de 1\u00b0 a 5\u00b0 a\u00f1o.<\/p>\n\n\n\n<p>En esta edici\u00f3n, la propuesta es una intervenci\u00f3n art\u00edstica sobre un soporte de mapas que se encontraban en desuso bajo el nombre \u201c12 mapas, 12 artistas\u201d, tomando como referencia y\/o disparador a destacados artistas.<\/p>\n\n\n\n<figure class=\"wp-block-image size-full\"><a href=\"http:\/\/armstrongyregion.com.ar\/diario\/wp-content\/uploads\/2024\/09\/Intertribus3.jpg\"><img loading=\"lazy\" decoding=\"async\" width=\"640\" height=\"480\" src=\"http:\/\/armstrongyregion.com.ar\/diario\/wp-content\/uploads\/2024\/09\/Intertribus3.jpg\" alt=\"\" class=\"wp-image-43974\" srcset=\"https:\/\/armstrongyregion.com.ar\/diario\/wp-content\/uploads\/2024\/09\/Intertribus3.jpg 640w, https:\/\/armstrongyregion.com.ar\/diario\/wp-content\/uploads\/2024\/09\/Intertribus3-300x225.jpg 300w\" sizes=\"auto, (max-width: 640px) 100vw, 640px\" \/><\/a><\/figure>\n\n\n\n<p>Este proyecto de intervenci\u00f3n tiene varias etapas: Realizaci\u00f3n de bocetos; Intervenci\u00f3n sobre mapas; Audiovisuales explicando el proceso; Socializaci\u00f3n de las obras, debiendo elegir una instituci\u00f3n de Armstrong. La forma de trabajo era libre, pudiendo ser dibujo, pintura collage, etc.<\/p>\n\n\n\n<p>Para exponerlos, los alumnos han elegido distintas dependencias de la Municipalidad.&nbsp;<\/p>\n\n\n\n<p>Del 9 al 12 de septiembre inclusive en horario de atenci\u00f3n al p\u00fablico, los trabajos estar\u00e1n en el Museo Hist\u00f3rico Municipal donde la Tribu Toba eligi\u00f3 a Mar\u00eda Rend\u00f3n, artista mexicana, se caracteriza por un enfoque abstracto que explora una interacci\u00f3n entre lo natural y lo artificial, usando colores, formas y texturas que evocan tanto paisajes interiores como exteriores, los que captaron la atenci\u00f3n de los j\u00f3venes quienes optaron por seguir su estilo a la manera de ellos.<\/p>\n\n\n\n<p>Para realizar esos dise\u00f1os se inspiraron principalmente en la forma de los mapas a intervenir, agregaron papel de diario y lana, d\u00e1ndole la esencia de la artista elegida para crear esa sensaci\u00f3n de que la m\u00fasica nos conecta.<\/p>\n\n\n\n<p>Por otro lado, la Tribu Roja Comechingones prefiri\u00f3 exponer en el edificio municipal ubicado en calles San Mart\u00edn y Otto Bantle. Ellos se basaron en dos bocetos que representan la actitud, valent\u00eda y creencias de nuestros antepasados indios.&nbsp;<\/p>\n\n\n\n<p>Uno de ellos, Luyaba, se trata del l\u00edder de esta tribu, con mirada desafiante y cargado de plumas y collares caracter\u00edsticos de nuestras ra\u00edces. El segundo, ritual Miyuy, da un ejemplo de la ceremonia de agradecimiento y reverencia que realizamos al bautizar a nuestros nuevos hermanos comechingones, y para asegurar la abundancia para la tribu alabando a la Pachamama (la madre tierra), el inti (el sol), y la killa (la luna).<\/p>\n\n\n\n<p>Al pasar estos bocetos a los mapas los pintaron bas\u00e1ndose en la t\u00e9cnica de los artistas Sara Beetson y Ben Goss. Utilizaron acuarelas, bordado, recortes, sombras, acr\u00edlicos y marcadores.<\/p>\n\n\n\n<p>Lic. Graciela De la Casa.<\/p>\n","protected":false},"excerpt":{"rendered":"<p>Armstrong. Intervenciones art\u00edsticas en InterTribus.<\/p>\n","protected":false},"author":1,"featured_media":43972,"comment_status":"open","ping_status":"open","sticky":false,"template":"","format":"image","meta":{"_jetpack_memberships_contains_paid_content":false,"footnotes":"","jetpack_publicize_message":"","jetpack_publicize_feature_enabled":true,"jetpack_social_post_already_shared":true,"jetpack_social_options":{"image_generator_settings":{"template":"highway","default_image_id":0,"enabled":false},"version":2}},"categories":[8,1,2,7,3],"tags":[20,11028,11029,11027,8777],"class_list":["post-43971","post","type-post","status-publish","format-image","has-post-thumbnail","hentry","category-deliberando","category-diario-armstrong","category-locales","category-politica","category-region","tag-armstrong","tag-artisticas-2","tag-intertribus","tag-intervenciones","tag-lic-graciela-de-la-casa","post_format-post-format-image"],"jetpack_publicize_connections":[],"jetpack_featured_media_url":"https:\/\/armstrongyregion.com.ar\/diario\/wp-content\/uploads\/2024\/09\/Intertribus1.jpg","jetpack_shortlink":"https:\/\/wp.me\/p62QDO-brd","jetpack_sharing_enabled":true,"amp_enabled":true,"_links":{"self":[{"href":"https:\/\/armstrongyregion.com.ar\/diario\/wp-json\/wp\/v2\/posts\/43971","targetHints":{"allow":["GET"]}}],"collection":[{"href":"https:\/\/armstrongyregion.com.ar\/diario\/wp-json\/wp\/v2\/posts"}],"about":[{"href":"https:\/\/armstrongyregion.com.ar\/diario\/wp-json\/wp\/v2\/types\/post"}],"author":[{"embeddable":true,"href":"https:\/\/armstrongyregion.com.ar\/diario\/wp-json\/wp\/v2\/users\/1"}],"replies":[{"embeddable":true,"href":"https:\/\/armstrongyregion.com.ar\/diario\/wp-json\/wp\/v2\/comments?post=43971"}],"version-history":[{"count":2,"href":"https:\/\/armstrongyregion.com.ar\/diario\/wp-json\/wp\/v2\/posts\/43971\/revisions"}],"predecessor-version":[{"id":44310,"href":"https:\/\/armstrongyregion.com.ar\/diario\/wp-json\/wp\/v2\/posts\/43971\/revisions\/44310"}],"wp:featuredmedia":[{"embeddable":true,"href":"https:\/\/armstrongyregion.com.ar\/diario\/wp-json\/wp\/v2\/media\/43972"}],"wp:attachment":[{"href":"https:\/\/armstrongyregion.com.ar\/diario\/wp-json\/wp\/v2\/media?parent=43971"}],"wp:term":[{"taxonomy":"category","embeddable":true,"href":"https:\/\/armstrongyregion.com.ar\/diario\/wp-json\/wp\/v2\/categories?post=43971"},{"taxonomy":"post_tag","embeddable":true,"href":"https:\/\/armstrongyregion.com.ar\/diario\/wp-json\/wp\/v2\/tags?post=43971"}],"curies":[{"name":"wp","href":"https:\/\/api.w.org\/{rel}","templated":true}]}}