{"id":43968,"date":"2024-09-11T15:21:15","date_gmt":"2024-09-11T15:21:15","guid":{"rendered":"https:\/\/armstrongyregion.com.ar\/diario\/?p=43968"},"modified":"2024-09-11T15:21:17","modified_gmt":"2024-09-11T15:21:17","slug":"exitoso-encuentro-de-coros-en-la-parroquia-nuestra-sra-de-la-merced","status":"publish","type":"post","link":"https:\/\/armstrongyregion.com.ar\/diario\/exitoso-encuentro-de-coros-en-la-parroquia-nuestra-sra-de-la-merced\/","title":{"rendered":"Exitoso encuentro de coros\u00a0en la Parroquia Nuestra Sra. De la Merced."},"content":{"rendered":"\n<figure class=\"wp-block-image size-full\"><a href=\"http:\/\/armstrongyregion.com.ar\/diario\/wp-content\/uploads\/2024\/09\/encuentro-de-coros-1.jpg\"><img loading=\"lazy\" decoding=\"async\" width=\"727\" height=\"485\" src=\"http:\/\/armstrongyregion.com.ar\/diario\/wp-content\/uploads\/2024\/09\/encuentro-de-coros-1.jpg\" alt=\"\" class=\"wp-image-43969\" srcset=\"https:\/\/armstrongyregion.com.ar\/diario\/wp-content\/uploads\/2024\/09\/encuentro-de-coros-1.jpg 727w, https:\/\/armstrongyregion.com.ar\/diario\/wp-content\/uploads\/2024\/09\/encuentro-de-coros-1-300x200.jpg 300w\" sizes=\"auto, (max-width: 727px) 100vw, 727px\" \/><\/a><\/figure>\n\n\n\n<h2 class=\"wp-block-heading\"><strong>El pasado s\u00e1bado 7 de septiembre, en la Parroquia Nuestra Sra. De la Merced, se realiz\u00f3 el encuentro coral 2024 con la participaci\u00f3n del Grupo Coral Zavalla, el Coro de Ni\u00f1os y Coro de Adultos del Conservatorio Municipal de M\u00fasica.<\/strong><\/h2>\n\n\n\n<p>El grupo visitante se sinti\u00f3 muy honrado por el c\u00e1lido recibimiento y el afecto de los armstronenses. Dej\u00f3 su huella en nuestra ciudad aguardando el reencuentro en la localidad de Zavalla, con fecha a confirmar.<br>Fue un concierto muy variado, con m\u00fasica coral de todos los tiempos del g\u00e9nero popular. Tambi\u00e9n se interpretaron obras en honor a la Virgen, en el mes de su fiesta patronal.<br>El Coro de Adultos represent\u00f3 con orgullo al Conservatorio y los ni\u00f1os, pusieron el broche de oro y brillaron con sus voces emocionando a todos los presentes.<br>La directora de ambos elencos locales Prof. Nanci Roca, en nombre de estas agrupaciones agradece infinitamente a las autoridades de la Municipalidad de Armstrong especialmente a la Secretaria de Educaci\u00f3n y Desarrollo Integral Rosana Siri, al Director del Conservatorio Cristian Gualtieri, a las colaboradoras Soledad y Yanina, y al Maestro Cristian Guzm\u00e1n y el encanto de su guitarra que los acompa\u00f1\u00f3, extendiendo el agradecimiento a todos quienes trabajaron e hicieron posible este maravilloso encuentro.<\/p>\n","protected":false},"excerpt":{"rendered":"<p>Exitoso encuentro de coros\u00a0en la Parroquia Nuestra Sra. De la Merced.<\/p>\n","protected":false},"author":1,"featured_media":43969,"comment_status":"open","ping_status":"open","sticky":false,"template":"","format":"image","meta":{"_jetpack_memberships_contains_paid_content":false,"footnotes":"","jetpack_publicize_message":"","jetpack_publicize_feature_enabled":true,"jetpack_social_post_already_shared":true,"jetpack_social_options":{"image_generator_settings":{"template":"highway","default_image_id":0,"enabled":false},"version":2}},"categories":[8,1,2,7,3],"tags":[20,4295,19,10721,63,1694,8777],"class_list":["post-43968","post","type-post","status-publish","format-image","has-post-thumbnail","hentry","category-deliberando","category-diario-armstrong","category-locales","category-politica","category-region","tag-armstrong","tag-coros","tag-de","tag-diario-armstrong-region","tag-encuentro","tag-exitoso","tag-lic-graciela-de-la-casa","post_format-post-format-image"],"jetpack_publicize_connections":[],"jetpack_featured_media_url":"https:\/\/armstrongyregion.com.ar\/diario\/wp-content\/uploads\/2024\/09\/encuentro-de-coros-1.jpg","jetpack_shortlink":"https:\/\/wp.me\/p62QDO-bra","jetpack_sharing_enabled":true,"amp_enabled":true,"_links":{"self":[{"href":"https:\/\/armstrongyregion.com.ar\/diario\/wp-json\/wp\/v2\/posts\/43968","targetHints":{"allow":["GET"]}}],"collection":[{"href":"https:\/\/armstrongyregion.com.ar\/diario\/wp-json\/wp\/v2\/posts"}],"about":[{"href":"https:\/\/armstrongyregion.com.ar\/diario\/wp-json\/wp\/v2\/types\/post"}],"author":[{"embeddable":true,"href":"https:\/\/armstrongyregion.com.ar\/diario\/wp-json\/wp\/v2\/users\/1"}],"replies":[{"embeddable":true,"href":"https:\/\/armstrongyregion.com.ar\/diario\/wp-json\/wp\/v2\/comments?post=43968"}],"version-history":[{"count":1,"href":"https:\/\/armstrongyregion.com.ar\/diario\/wp-json\/wp\/v2\/posts\/43968\/revisions"}],"predecessor-version":[{"id":43970,"href":"https:\/\/armstrongyregion.com.ar\/diario\/wp-json\/wp\/v2\/posts\/43968\/revisions\/43970"}],"wp:featuredmedia":[{"embeddable":true,"href":"https:\/\/armstrongyregion.com.ar\/diario\/wp-json\/wp\/v2\/media\/43969"}],"wp:attachment":[{"href":"https:\/\/armstrongyregion.com.ar\/diario\/wp-json\/wp\/v2\/media?parent=43968"}],"wp:term":[{"taxonomy":"category","embeddable":true,"href":"https:\/\/armstrongyregion.com.ar\/diario\/wp-json\/wp\/v2\/categories?post=43968"},{"taxonomy":"post_tag","embeddable":true,"href":"https:\/\/armstrongyregion.com.ar\/diario\/wp-json\/wp\/v2\/tags?post=43968"}],"curies":[{"name":"wp","href":"https:\/\/api.w.org\/{rel}","templated":true}]}}