{"id":43950,"date":"2024-09-10T02:30:13","date_gmt":"2024-09-10T02:30:13","guid":{"rendered":"https:\/\/armstrongyregion.com.ar\/diario\/?p=43950"},"modified":"2024-09-10T02:30:15","modified_gmt":"2024-09-10T02:30:15","slug":"armstrong-presente-en-el-santa-fe-business-forum","status":"publish","type":"post","link":"https:\/\/armstrongyregion.com.ar\/diario\/armstrong-presente-en-el-santa-fe-business-forum\/","title":{"rendered":"Armstrong presente en el Santa Fe Business Forum."},"content":{"rendered":"\n<figure class=\"wp-block-image size-full\"><a href=\"http:\/\/armstrongyregion.com.ar\/diario\/wp-content\/uploads\/2024\/09\/forum-1-.jpg\"><img loading=\"lazy\" decoding=\"async\" width=\"694\" height=\"463\" src=\"http:\/\/armstrongyregion.com.ar\/diario\/wp-content\/uploads\/2024\/09\/forum-1-.jpg\" alt=\"\" class=\"wp-image-43951\" srcset=\"https:\/\/armstrongyregion.com.ar\/diario\/wp-content\/uploads\/2024\/09\/forum-1-.jpg 694w, https:\/\/armstrongyregion.com.ar\/diario\/wp-content\/uploads\/2024\/09\/forum-1--300x200.jpg 300w\" sizes=\"auto, (max-width: 694px) 100vw, 694px\" \/><\/a><\/figure>\n\n\n\n<p>La ciudad de Armstrong tuvo sus representantes en el Santa Fe Business Forum 2024 que se<br>desarroll\u00f3 del 3 al 5 de septiembre en La Fluvial de la ciudad de Rosario, y al que asistieron la<br>secretaria de Desarrollo Productivo de la Municipalidad de Armstrong CPN Julieta Lambertuci junto<br>al director del \u00e1rea CPN Carlos Cuffia.<\/p>\n\n\n\n<figure class=\"wp-block-image size-full\"><a href=\"http:\/\/armstrongyregion.com.ar\/diario\/wp-content\/uploads\/2024\/09\/forum-2-.jpg\"><img loading=\"lazy\" decoding=\"async\" width=\"712\" height=\"475\" src=\"http:\/\/armstrongyregion.com.ar\/diario\/wp-content\/uploads\/2024\/09\/forum-2-.jpg\" alt=\"\" class=\"wp-image-43952\" srcset=\"https:\/\/armstrongyregion.com.ar\/diario\/wp-content\/uploads\/2024\/09\/forum-2-.jpg 712w, https:\/\/armstrongyregion.com.ar\/diario\/wp-content\/uploads\/2024\/09\/forum-2--300x200.jpg 300w\" sizes=\"auto, (max-width: 712px) 100vw, 712px\" \/><\/a><\/figure>\n\n\n\n<p><br>El evento fue organizado por el Gobierno provincial con el objetivo principal de promover el<br>intercambio comercial y las inversiones internacionales.<\/p>\n\n\n\n<figure class=\"wp-block-image size-full\"><a href=\"http:\/\/armstrongyregion.com.ar\/diario\/wp-content\/uploads\/2024\/09\/forum-3-.jpg\"><img loading=\"lazy\" decoding=\"async\" width=\"655\" height=\"437\" src=\"http:\/\/armstrongyregion.com.ar\/diario\/wp-content\/uploads\/2024\/09\/forum-3-.jpg\" alt=\"\" class=\"wp-image-43953\" srcset=\"https:\/\/armstrongyregion.com.ar\/diario\/wp-content\/uploads\/2024\/09\/forum-3-.jpg 655w, https:\/\/armstrongyregion.com.ar\/diario\/wp-content\/uploads\/2024\/09\/forum-3--300x200.jpg 300w\" sizes=\"auto, (max-width: 655px) 100vw, 655px\" \/><\/a><\/figure>\n\n\n\n<p><br>14 empresas armstronenses participaron de las rondas de negocios en este encuentro donde hubo<br>representantes de casi mil empresas -en su mayor\u00eda de la provincia y de la regi\u00f3n-, m\u00e1s de 200<br>compradores de 40 pa\u00edses y 32 embajadores, y donde se concretaron m\u00e1s de 300 operaciones entre<br>las empresas argentinas y compradores internacionales.<\/p>\n\n\n\n<figure class=\"wp-block-image size-full\"><a href=\"http:\/\/armstrongyregion.com.ar\/diario\/wp-content\/uploads\/2024\/09\/forum-4-.jpg\"><img loading=\"lazy\" decoding=\"async\" width=\"727\" height=\"485\" src=\"http:\/\/armstrongyregion.com.ar\/diario\/wp-content\/uploads\/2024\/09\/forum-4-.jpg\" alt=\"\" class=\"wp-image-43954\" srcset=\"https:\/\/armstrongyregion.com.ar\/diario\/wp-content\/uploads\/2024\/09\/forum-4-.jpg 727w, https:\/\/armstrongyregion.com.ar\/diario\/wp-content\/uploads\/2024\/09\/forum-4--300x200.jpg 300w\" sizes=\"auto, (max-width: 727px) 100vw, 727px\" \/><\/a><\/figure>\n\n\n\n<p><br>Durante el \u00faltimo d\u00eda, visitaron nuestra ciudad representantes de empresas concesionarias de<br>maquinaria agr\u00edcola de Per\u00fa y Colombia quienes fueron recibidos por el Intendente Guillermo Luzzi y<br>las autoridades antes mencionadas. Participaron tambi\u00e9n el Senador Pablo Verdecchia y el<br>Presidente del Centro Comercial, Industrial y Rural de Armstrong Hern\u00e1n Franceschina.<br>En la oportunidad, pudieron recorrer las instalaciones de las empresas locales De Grande S.A. y T.M.<br>Crucianelli S.A.<\/p>\n\n\n\n<figure class=\"wp-block-image size-full\"><a href=\"http:\/\/armstrongyregion.com.ar\/diario\/wp-content\/uploads\/2024\/09\/forum-5-.jpg\"><img loading=\"lazy\" decoding=\"async\" width=\"729\" height=\"486\" src=\"http:\/\/armstrongyregion.com.ar\/diario\/wp-content\/uploads\/2024\/09\/forum-5-.jpg\" alt=\"\" class=\"wp-image-43955\" srcset=\"https:\/\/armstrongyregion.com.ar\/diario\/wp-content\/uploads\/2024\/09\/forum-5-.jpg 729w, https:\/\/armstrongyregion.com.ar\/diario\/wp-content\/uploads\/2024\/09\/forum-5--300x200.jpg 300w\" sizes=\"auto, (max-width: 729px) 100vw, 729px\" \/><\/a><\/figure>\n\n\n\n<p><br>Lambertuci expres\u00f3: \u201dFue una experiencia muy buena, todos los participantes est\u00e1n muy contentos.<br>Seguramente esta fue la primera de muchas ediciones y vamos a seguir trabajando para que m\u00e1s<br>empresas de nuestra ciudad participen en los a\u00f1os venideros y hacer conocer al mundo la calidad de<br>mano de obra e innovaci\u00f3n que desde aqu\u00ed se propone para que puedan concretar negocios dentro<br>y fuera del pa\u00eds\u201d.<\/p>\n","protected":false},"excerpt":{"rendered":"<p>Armstrong presente en el Santa Fe Business Forum.<\/p>\n","protected":false},"author":1,"featured_media":43951,"comment_status":"open","ping_status":"open","sticky":false,"template":"","format":"image","meta":{"_jetpack_memberships_contains_paid_content":false,"footnotes":"","jetpack_publicize_message":"","jetpack_publicize_feature_enabled":true,"jetpack_social_post_already_shared":true,"jetpack_social_options":{"image_generator_settings":{"template":"highway","default_image_id":0,"enabled":false},"version":2}},"categories":[8,1,2,7,3],"tags":[20,11026,10721,8777,556,3381],"class_list":["post-43950","post","type-post","status-publish","format-image","has-post-thumbnail","hentry","category-deliberando","category-diario-armstrong","category-locales","category-politica","category-region","tag-armstrong","tag-business-forum","tag-diario-armstrong-region","tag-lic-graciela-de-la-casa","tag-presente","tag-santa-fe","post_format-post-format-image"],"jetpack_publicize_connections":[],"jetpack_featured_media_url":"https:\/\/armstrongyregion.com.ar\/diario\/wp-content\/uploads\/2024\/09\/forum-1-.jpg","jetpack_shortlink":"https:\/\/wp.me\/p62QDO-bqS","jetpack_sharing_enabled":true,"amp_enabled":true,"_links":{"self":[{"href":"https:\/\/armstrongyregion.com.ar\/diario\/wp-json\/wp\/v2\/posts\/43950","targetHints":{"allow":["GET"]}}],"collection":[{"href":"https:\/\/armstrongyregion.com.ar\/diario\/wp-json\/wp\/v2\/posts"}],"about":[{"href":"https:\/\/armstrongyregion.com.ar\/diario\/wp-json\/wp\/v2\/types\/post"}],"author":[{"embeddable":true,"href":"https:\/\/armstrongyregion.com.ar\/diario\/wp-json\/wp\/v2\/users\/1"}],"replies":[{"embeddable":true,"href":"https:\/\/armstrongyregion.com.ar\/diario\/wp-json\/wp\/v2\/comments?post=43950"}],"version-history":[{"count":1,"href":"https:\/\/armstrongyregion.com.ar\/diario\/wp-json\/wp\/v2\/posts\/43950\/revisions"}],"predecessor-version":[{"id":43956,"href":"https:\/\/armstrongyregion.com.ar\/diario\/wp-json\/wp\/v2\/posts\/43950\/revisions\/43956"}],"wp:featuredmedia":[{"embeddable":true,"href":"https:\/\/armstrongyregion.com.ar\/diario\/wp-json\/wp\/v2\/media\/43951"}],"wp:attachment":[{"href":"https:\/\/armstrongyregion.com.ar\/diario\/wp-json\/wp\/v2\/media?parent=43950"}],"wp:term":[{"taxonomy":"category","embeddable":true,"href":"https:\/\/armstrongyregion.com.ar\/diario\/wp-json\/wp\/v2\/categories?post=43950"},{"taxonomy":"post_tag","embeddable":true,"href":"https:\/\/armstrongyregion.com.ar\/diario\/wp-json\/wp\/v2\/tags?post=43950"}],"curies":[{"name":"wp","href":"https:\/\/api.w.org\/{rel}","templated":true}]}}