{"id":43935,"date":"2024-09-09T14:21:33","date_gmt":"2024-09-09T14:21:33","guid":{"rendered":"https:\/\/armstrongyregion.com.ar\/diario\/?p=43935"},"modified":"2024-09-09T14:21:35","modified_gmt":"2024-09-09T14:21:35","slug":"claudia-giaccone-soy-una-dirigente-que-asume-riesgos-y-toma-decisiones-dificiles","status":"publish","type":"post","link":"https:\/\/armstrongyregion.com.ar\/diario\/claudia-giaccone-soy-una-dirigente-que-asume-riesgos-y-toma-decisiones-dificiles\/","title":{"rendered":"Claudia Giaccone: \u00abSoy una dirigente que asume riesgos y toma decisiones dif\u00edciles\u00bb"},"content":{"rendered":"\n<figure class=\"wp-block-image size-full\"><a href=\"http:\/\/armstrongyregion.com.ar\/diario\/wp-content\/uploads\/2024\/09\/CLAUDIA-GIACONE-GRACIELA-DE-LA-CASA.jpg\"><img loading=\"lazy\" decoding=\"async\" width=\"645\" height=\"404\" src=\"http:\/\/armstrongyregion.com.ar\/diario\/wp-content\/uploads\/2024\/09\/CLAUDIA-GIACONE-GRACIELA-DE-LA-CASA.jpg\" alt=\"\" class=\"wp-image-43936\" srcset=\"https:\/\/armstrongyregion.com.ar\/diario\/wp-content\/uploads\/2024\/09\/CLAUDIA-GIACONE-GRACIELA-DE-LA-CASA.jpg 645w, https:\/\/armstrongyregion.com.ar\/diario\/wp-content\/uploads\/2024\/09\/CLAUDIA-GIACONE-GRACIELA-DE-LA-CASA-300x188.jpg 300w\" sizes=\"auto, (max-width: 645px) 100vw, 645px\" \/><\/a><\/figure>\n\n\n\n<p><\/p>\n\n\n\n<h2 class=\"wp-block-heading\">La exdiputada y exsecretaria de Deportes marca distancia del peronismo provincial, elogia la gesti\u00f3n de Pullaro y resalta la importancia estrat\u00e9gica de la Regi\u00f3n Centro en un contexto de pol\u00edticas federales.<\/h2>\n\n\n\n<p>Claudia Giaccone, reconocida figura del peronismo santafesino, ha trazado un nuevo camino pol\u00edtico al integrarse a la gesti\u00f3n de Maximiliano Pullaro como representante de la provincia en la Regi\u00f3n Centro. Despu\u00e9s de una extensa carrera dentro del Partido Justicialista y un paso por el gobierno de Omar Perotti como secretaria de Deportes, Giaccone decidi\u00f3 en 2023&nbsp;<em>\u201cjugar por fuera del peronismo\u201d&nbsp;<\/em>y encabezar un espacio propio. La dirigente peronista sostiene que su salida del gobierno provincial se debi\u00f3 a diferencias irreconciliables con la gesti\u00f3n de Perotti, que ella describe como&nbsp;<em>\u201cmezquina y personalista\u201d.<\/em><\/p>\n\n\n\n<p>En declaraciones recientes en\u00a0<strong><a href=\"https:\/\/www.elciudadanoweb.com\/claudia-giaccone-soy-una-dirigente-politica-que-toma-riesgos-que-toma-decisiones-dificiles\/\" target=\"_blank\" rel=\"noreferrer noopener\">El Ciudadano<\/a><\/strong>, Giaccone se mostr\u00f3 cr\u00edtica de la administraci\u00f3n peronista de la que fue parte, afirmando que<em>\u00a0\u201cla desilusi\u00f3n fue enorme\u201d\u00a0<\/em>luego de 12 a\u00f1os de oposici\u00f3n.<em>\u00a0\u201cNos encontramos con una mirada muy acotada, de no confianza\u201d<\/em>, se\u00f1al\u00f3 en relaci\u00f3n a su experiencia como funcionaria durante la pandemia, destacando la falta de apoyo que sinti\u00f3 en su rol, lo que la llev\u00f3 a dar un paso al costado.<\/p>\n\n\n\n<p>Pese a su ruptura con el justicialismo local, Giaccone subraya que sigue siendo parte del movimiento peronista, aunque no de su estructura electoral. En su lugar, se ha sumado a un frente pol\u00edtico liderado por Juan Schiaretti a nivel nacional y ha encontrado un nuevo espacio en la coalici\u00f3n provincial \u201cUnidos\u201d. Sobre su nuevo rol de Subsecretaria santafesina para la Regi\u00f3n Centro, una entidad que coordina pol\u00edticas entre las provincias de Santa Fe, C\u00f3rdoba y Entre R\u00edos, Giaccone afirma que es un \u00e1mbito que&nbsp;<em>\u201cse ha convertido en un actor protag\u00f3nico de la escena nacional\u201d.<\/em><\/p>\n\n\n\n<p>Adem\u00e1s, elogi\u00f3 el liderazgo de Pullaro, a quien define como un gobernador con<em>&nbsp;\u201cconfianza en los cuadros de gesti\u00f3n\u201d<\/em>&nbsp;y una capacidad de trabajo que contrasta con lo que vivi\u00f3 en su paso por el gobierno anterior. \u201c<em>Acept\u00e9 sumarme en un lugar maravilloso que vamos haciendo cada vez m\u00e1s visible\u201d,&nbsp;<\/em>afirm\u00f3, se\u00f1alando que este espacio permitir\u00e1 a las provincias del centro del pa\u00eds fortalecer su posici\u00f3n en un contexto de pol\u00edticas nacionales cada vez m\u00e1s centralizadas.<\/p>\n\n\n\n<p>Hacia el futuro, Giaccone apuesta por lo que llama un\u00a0<em>\u201cgran frente de la racionalidad\u201d\u00a0<\/em>que, seg\u00fan su visi\u00f3n, deber\u00eda oponerse a las pol\u00edticas de Javier Milei.\u00a0<em>\u201cNecesitamos un pa\u00eds que piense en el trabajo, las inversiones y el desarrollo federal\u201d<\/em>, subray\u00f3, aludiendo a la necesidad de fortalecer la infraestructura y las pol\u00edticas p\u00fablicas que promuevan un crecimiento econ\u00f3mico sostenido.\u00a0<\/p>\n\n\n\n<p>Fuente: El Ciudadano- Las Rosas Digital.<\/p>\n","protected":false},"excerpt":{"rendered":"<p>Claudia Giaccone: \u00abSoy una dirigente que asume riesgos y toma decisiones dif\u00edciles\u00bb<\/p>\n","protected":false},"author":1,"featured_media":43936,"comment_status":"open","ping_status":"open","sticky":false,"template":"","format":"image","meta":{"_jetpack_memberships_contains_paid_content":false,"footnotes":"","jetpack_publicize_message":"","jetpack_publicize_feature_enabled":true,"jetpack_social_post_already_shared":true,"jetpack_social_options":{"image_generator_settings":{"template":"highway","default_image_id":0,"enabled":false},"version":2}},"categories":[8,1,2,7,3],"tags":[1319,10721,8777],"class_list":["post-43935","post","type-post","status-publish","format-image","has-post-thumbnail","hentry","category-deliberando","category-diario-armstrong","category-locales","category-politica","category-region","tag-claudia-giaccone","tag-diario-armstrong-region","tag-lic-graciela-de-la-casa","post_format-post-format-image"],"jetpack_publicize_connections":[],"jetpack_featured_media_url":"https:\/\/armstrongyregion.com.ar\/diario\/wp-content\/uploads\/2024\/09\/CLAUDIA-GIACONE-GRACIELA-DE-LA-CASA.jpg","jetpack_shortlink":"https:\/\/wp.me\/p62QDO-bqD","jetpack_sharing_enabled":true,"amp_enabled":true,"_links":{"self":[{"href":"https:\/\/armstrongyregion.com.ar\/diario\/wp-json\/wp\/v2\/posts\/43935","targetHints":{"allow":["GET"]}}],"collection":[{"href":"https:\/\/armstrongyregion.com.ar\/diario\/wp-json\/wp\/v2\/posts"}],"about":[{"href":"https:\/\/armstrongyregion.com.ar\/diario\/wp-json\/wp\/v2\/types\/post"}],"author":[{"embeddable":true,"href":"https:\/\/armstrongyregion.com.ar\/diario\/wp-json\/wp\/v2\/users\/1"}],"replies":[{"embeddable":true,"href":"https:\/\/armstrongyregion.com.ar\/diario\/wp-json\/wp\/v2\/comments?post=43935"}],"version-history":[{"count":1,"href":"https:\/\/armstrongyregion.com.ar\/diario\/wp-json\/wp\/v2\/posts\/43935\/revisions"}],"predecessor-version":[{"id":43937,"href":"https:\/\/armstrongyregion.com.ar\/diario\/wp-json\/wp\/v2\/posts\/43935\/revisions\/43937"}],"wp:featuredmedia":[{"embeddable":true,"href":"https:\/\/armstrongyregion.com.ar\/diario\/wp-json\/wp\/v2\/media\/43936"}],"wp:attachment":[{"href":"https:\/\/armstrongyregion.com.ar\/diario\/wp-json\/wp\/v2\/media?parent=43935"}],"wp:term":[{"taxonomy":"category","embeddable":true,"href":"https:\/\/armstrongyregion.com.ar\/diario\/wp-json\/wp\/v2\/categories?post=43935"},{"taxonomy":"post_tag","embeddable":true,"href":"https:\/\/armstrongyregion.com.ar\/diario\/wp-json\/wp\/v2\/tags?post=43935"}],"curies":[{"name":"wp","href":"https:\/\/api.w.org\/{rel}","templated":true}]}}