{"id":43923,"date":"2024-09-07T16:15:56","date_gmt":"2024-09-07T16:15:56","guid":{"rendered":"https:\/\/armstrongyregion.com.ar\/diario\/?p=43923"},"modified":"2024-09-07T16:15:59","modified_gmt":"2024-09-07T16:15:59","slug":"armstrong-campana-solidaria-para-la-biblioteca-popular-sarmiento","status":"publish","type":"post","link":"https:\/\/armstrongyregion.com.ar\/diario\/armstrong-campana-solidaria-para-la-biblioteca-popular-sarmiento\/","title":{"rendered":"Armstrong. Campa\u00f1a solidaria para la Biblioteca Popular Sarmiento."},"content":{"rendered":"\n<figure class=\"wp-block-image size-full\"><a href=\"http:\/\/armstrongyregion.com.ar\/diario\/wp-content\/uploads\/2024\/08\/Noe-Garcia-19-8-24.jpg\"><img loading=\"lazy\" decoding=\"async\" width=\"378\" height=\"394\" src=\"http:\/\/armstrongyregion.com.ar\/diario\/wp-content\/uploads\/2024\/08\/Noe-Garcia-19-8-24.jpg\" alt=\"\" class=\"wp-image-43766\" srcset=\"https:\/\/armstrongyregion.com.ar\/diario\/wp-content\/uploads\/2024\/08\/Noe-Garcia-19-8-24.jpg 378w, https:\/\/armstrongyregion.com.ar\/diario\/wp-content\/uploads\/2024\/08\/Noe-Garcia-19-8-24-288x300.jpg 288w\" sizes=\"auto, (max-width: 378px) 100vw, 378px\" \/><\/a><\/figure>\n\n\n\n<p>El pasado martes el Bloque Unidos present\u00f3 una minuta de declaraci\u00f3n sobre el D\u00eda de las Bibliotecas Populares.<\/p>\n\n\n\n<figure class=\"wp-block-image size-full\"><a href=\"http:\/\/armstrongyregion.com.ar\/diario\/wp-content\/uploads\/2024\/09\/Listado-libros-.jpg\"><img loading=\"lazy\" decoding=\"async\" width=\"353\" height=\"535\" src=\"http:\/\/armstrongyregion.com.ar\/diario\/wp-content\/uploads\/2024\/09\/Listado-libros-.jpg\" alt=\"\" class=\"wp-image-43924\" srcset=\"https:\/\/armstrongyregion.com.ar\/diario\/wp-content\/uploads\/2024\/09\/Listado-libros-.jpg 353w, https:\/\/armstrongyregion.com.ar\/diario\/wp-content\/uploads\/2024\/09\/Listado-libros--198x300.jpg 198w\" sizes=\"auto, (max-width: 353px) 100vw, 353px\" \/><\/a><\/figure>\n\n\n\n<p>La concejal Noelia Garc\u00eda expresaba, \u201cestuvimos en reuni\u00f3n con la comisi\u00f3n de la Biblioteca Popular de Armstrong y quer\u00edamos hacer uso de este espacio para lanzar una campa\u00f1a de donaci\u00f3n, que cuenta con poder comprar un libro de los que les hace falta y que mejor que en el Dia de las Bibliotecas populares el 23 de septiembre, se llegue a la totalidad de los mismos\u201d.<\/p>\n\n\n\n<p>\u201cSolicitamos a la comunidad que colabore con lo que pueda, sabemos que nuestra biblioteca es un espacio de encuentro y entre todos podemos poner un granito de arena para que estos 18 libros de diferentes autores, completen los estantes y permitan seguir ofreciendo una amplia variedad de lecturas\u201d. Expres\u00f3 la concejal.<\/p>\n","protected":false},"excerpt":{"rendered":"<p>Armstrong. Campa\u00f1a solidaria para la Biblioteca Popular Sarmiento.<\/p>\n","protected":false},"author":1,"featured_media":43766,"comment_status":"open","ping_status":"open","sticky":false,"template":"","format":"image","meta":{"_jetpack_memberships_contains_paid_content":false,"footnotes":"","jetpack_publicize_message":"","jetpack_publicize_feature_enabled":true,"jetpack_social_post_already_shared":true,"jetpack_social_options":{"image_generator_settings":{"template":"highway","default_image_id":0,"enabled":false},"version":2}},"categories":[8,1,2,7,3],"tags":[11021,1007,5030,8777,1112,1345,1634],"class_list":["post-43923","post","type-post","status-publish","format-image","has-post-thumbnail","hentry","category-deliberando","category-diario-armstrong","category-locales","category-politica","category-region","tag-boblioteca","tag-campana","tag-diario-armstrong","tag-lic-graciela-de-la-casa","tag-popular","tag-sarmiento","tag-solidaria","post_format-post-format-image"],"jetpack_publicize_connections":[],"jetpack_featured_media_url":"https:\/\/armstrongyregion.com.ar\/diario\/wp-content\/uploads\/2024\/08\/Noe-Garcia-19-8-24.jpg","jetpack_shortlink":"https:\/\/wp.me\/p62QDO-bqr","jetpack_sharing_enabled":true,"amp_enabled":true,"_links":{"self":[{"href":"https:\/\/armstrongyregion.com.ar\/diario\/wp-json\/wp\/v2\/posts\/43923","targetHints":{"allow":["GET"]}}],"collection":[{"href":"https:\/\/armstrongyregion.com.ar\/diario\/wp-json\/wp\/v2\/posts"}],"about":[{"href":"https:\/\/armstrongyregion.com.ar\/diario\/wp-json\/wp\/v2\/types\/post"}],"author":[{"embeddable":true,"href":"https:\/\/armstrongyregion.com.ar\/diario\/wp-json\/wp\/v2\/users\/1"}],"replies":[{"embeddable":true,"href":"https:\/\/armstrongyregion.com.ar\/diario\/wp-json\/wp\/v2\/comments?post=43923"}],"version-history":[{"count":1,"href":"https:\/\/armstrongyregion.com.ar\/diario\/wp-json\/wp\/v2\/posts\/43923\/revisions"}],"predecessor-version":[{"id":43925,"href":"https:\/\/armstrongyregion.com.ar\/diario\/wp-json\/wp\/v2\/posts\/43923\/revisions\/43925"}],"wp:featuredmedia":[{"embeddable":true,"href":"https:\/\/armstrongyregion.com.ar\/diario\/wp-json\/wp\/v2\/media\/43766"}],"wp:attachment":[{"href":"https:\/\/armstrongyregion.com.ar\/diario\/wp-json\/wp\/v2\/media?parent=43923"}],"wp:term":[{"taxonomy":"category","embeddable":true,"href":"https:\/\/armstrongyregion.com.ar\/diario\/wp-json\/wp\/v2\/categories?post=43923"},{"taxonomy":"post_tag","embeddable":true,"href":"https:\/\/armstrongyregion.com.ar\/diario\/wp-json\/wp\/v2\/tags?post=43923"}],"curies":[{"name":"wp","href":"https:\/\/api.w.org\/{rel}","templated":true}]}}