{"id":43912,"date":"2024-09-05T22:10:16","date_gmt":"2024-09-05T22:10:16","guid":{"rendered":"https:\/\/armstrongyregion.com.ar\/diario\/?p=43912"},"modified":"2024-09-05T22:18:21","modified_gmt":"2024-09-05T22:18:21","slug":"reforma-previsional-el-senado-provincial-dio-la-media-sancion-a-minutos-de-iniciada-la-sesion","status":"publish","type":"post","link":"https:\/\/armstrongyregion.com.ar\/diario\/reforma-previsional-el-senado-provincial-dio-la-media-sancion-a-minutos-de-iniciada-la-sesion\/","title":{"rendered":"Reforma previsional: el Senado provincial dio la media sanci\u00f3n a minutos de iniciada la sesi\u00f3n."},"content":{"rendered":"\n<figure class=\"wp-block-image size-full\"><a href=\"http:\/\/armstrongyregion.com.ar\/diario\/wp-content\/uploads\/2024\/09\/senado.jpg_1756841869.jpg\"><img loading=\"lazy\" decoding=\"async\" width=\"800\" height=\"450\" src=\"http:\/\/armstrongyregion.com.ar\/diario\/wp-content\/uploads\/2024\/09\/senado.jpg_1756841869.jpg\" alt=\"\" class=\"wp-image-43913\" srcset=\"https:\/\/armstrongyregion.com.ar\/diario\/wp-content\/uploads\/2024\/09\/senado.jpg_1756841869.jpg 800w, https:\/\/armstrongyregion.com.ar\/diario\/wp-content\/uploads\/2024\/09\/senado.jpg_1756841869-300x169.jpg 300w, https:\/\/armstrongyregion.com.ar\/diario\/wp-content\/uploads\/2024\/09\/senado.jpg_1756841869-768x432.jpg 768w\" sizes=\"auto, (max-width: 800px) 100vw, 800px\" \/><\/a><\/figure>\n\n\n\n<h2 class=\"wp-block-heading\">Con 13 votos a favor de Unidos y 5 en contra del PJ, la C\u00e1mara baja santafesina aprob\u00f3 el proyecto del Ejecutivo. El tema pasa a Diputados donde se tratar\u00eda la semana pr\u00f3xima.\u00a0\u00a0Gremios estatales, entre ellos el de docentes, protagonizaron ruidosa manifestaci\u00f3n en la Legislatura\u00a0para expresar su oposici\u00f3n a la iniciativa.<\/h2>\n\n\n\n<figure class=\"wp-block-embed is-type-video is-provider-youtube wp-block-embed-youtube wp-embed-aspect-16-9 wp-has-aspect-ratio\"><div class=\"wp-block-embed__wrapper\">\n<iframe loading=\"lazy\" title=\"Sesi\u00f3n Ordinaria N\u00ba 10 - Per\u00edodo N\u00ba 142\" width=\"800\" height=\"450\" src=\"https:\/\/www.youtube.com\/embed\/hZsIAP9wP_M?feature=oembed\" frameborder=\"0\" allow=\"accelerometer; autoplay; clipboard-write; encrypted-media; gyroscope; picture-in-picture; web-share\" referrerpolicy=\"strict-origin-when-cross-origin\" allowfullscreen><\/iframe>\n<\/div><\/figure>\n\n\n\n<p>La\u00a0<strong>C\u00e1mara de Senadores de la provincia aprob\u00f3\u00a0<\/strong>este jueves, en un tr\u00e1mite express, la<strong>\u00a0reforma previsional impulsada por el gobierno de Maximiliano Pullaro<\/strong>. Fue en un tr\u00e1mite express a minutos de iniciada la sesi\u00f3n por\u00a0<strong>13 votos a favor de los legisladores de Unidos y 5 en contra de los senadores peronistas<\/strong>\u00a0con ausencia del sanlorencino Armando Traferri. Afuera de la Legislatura se desarrollaba una\u00a0<strong>numerosa manifestaci\u00f3n de gremios<\/strong>\u00a0estatales, judiciales y docentes.\u00a0<\/p>\n\n\n\n<p>Seg\u00fan detall\u00f3 la periodista Ivana Fux desde Santa Fe, los senadores<strong>&nbsp;iniciaron la sesi\u00f3n y acordaron primero proceder con la votaci\u00f3n<\/strong>&nbsp;para luego pasar al debate y<strong>&nbsp;presentaci\u00f3n de los argumentos<\/strong>. Fue as\u00ed que se dio la media sanci\u00f3n y luego comenzaron a exponer los senadores.&nbsp;<\/p>\n\n\n\n<p>Estaba previsto que una vez aprobado el proyecto en el Senado,\u00a0pase<strong>\u00a0este mismo jueves a la C\u00e1mara de Diputados<\/strong>\u00a0para que se le d\u00e9 ingreso y\u00a0<strong>preferencia para el tratamiento la semana pr\u00f3xima<\/strong>.<\/p>\n\n\n\n<p>E<strong>l proyecto de reforma previsional<\/strong>&nbsp;enviado por el Poder Ejecutivo busca reducir en alrededor de un 30 por ciento el d\u00e9ficit de la Caja de Jubilaciones del personal del Estado provincial. Durante la ma\u00f1ana, se efectuaron dos modificaciones al proyecto de mayor\u00eda&nbsp;que responde al oficialismo.&nbsp;<\/p>\n\n\n\n<p>Afuera del edificio legislativo&nbsp;hab\u00eda una importante movilizaci\u00f3n de gremios, sobre todo docentes y estatales, que se hab\u00edan agolpado en las escalinatas&nbsp; de la Legislatura en contra del proyecto del Ejecutivo.&nbsp;<\/p>\n\n\n\n<p>Los<strong>\u00a0manifestantes reclamaban ingresar al recinto\u00a0<\/strong>para poder seguir la sesi\u00f3n, pero un fuerte operativo de seguridad hab\u00eda instalado un<strong>\u00a0vallado en las puertas de acceso<\/strong>\u00a0para evitar situaciones de tensi\u00f3n.\u00a0<\/p>\n\n\n\n<h2 class=\"wp-block-heading\">Jugar a fondo<\/h2>\n\n\n\n<p>El&nbsp;gobierno de Maximiliano Pullaro,&nbsp; est\u00e1 dispuesto a jugar a fondo.&nbsp;<strong>El mandatario<\/strong>, que el lunes en Rosario dijo que la reforma previsional busca terminar con los privilegios&nbsp;<a href=\"https:\/\/www.rosario3.com\/politica\/Pullaro-defendio-la-reforma-previsional-y-apunto-a-los-jueces-Se-terminan-los-privilegios-de-los-que-se-creian-que-tenian-coronita---20240903-0031.html\" target=\"_blank\" rel=\"noreferrer noopener\">de los que \u201ccre\u00edan tener coronita\u201d<\/a>&nbsp;como los jueces, tambi\u00e9n&nbsp;<strong>advirti\u00f3 que&nbsp;<a href=\"https:\/\/www.rosario3.com\/informaciongeneral\/El-gobierno-provincial-ratifico-que-descontara-el-dia-no-trabajado-a-los-docentes-que-hagan-paro-este-jueves-20240904-0034.html\" target=\"_blank\" rel=\"noreferrer noopener\">le descontar\u00e1 el d\u00eda<\/a>&nbsp;a quienes no trabajen este jueves.<\/strong><\/p>\n\n\n\n<p>\u201cLos que se manifiestan son los sindicalistas que pierden los privilegios, al maestro que est\u00e1 frente al aula no se le toca ning\u00fan derecho. Se terminan los privilegios en la provincia para poder tener un Estado eficiente y equilibrar la Caja de Jubilaciones. Si hay un paro, lo vamos a descontar.&nbsp;<strong>Est\u00e1 el derecho a hacer paro, yo tengo el derecho a descontar. Ac\u00e1 los chicos tienen que ir a la escuela, por eso los docentes que hagan paro no van a cobrar el d\u00eda\u201d, sostuvo Pullaro.<\/strong><\/p>\n\n\n\n<p>Lo cierto es que m\u00e1s all\u00e1 de lo que haga la oposici\u00f3n, el proyecto de reforma previsional lleg\u00f3 a la Legislatura con el consenso de todos los partidos que integran el frente oficialista Unidos, que tiene mayor\u00eda en ambas c\u00e1maras.&nbsp;<\/p>\n\n\n\n<p>De acuerdo a lo que informaron&nbsp;en&nbsp;<em>De 12 a 14<\/em>&nbsp;(El Tres) desde la ciudad capital, durante la ma\u00f1ana se le introdujo a la iniciativa oficial dos cambios. As\u00ed, el dictamen de mayor\u00eda \u2013el de minor\u00eda fue impulsado por el justicialimo\u2013&nbsp;llega al recinto con modificaciones. A saber:&nbsp; las jubilaciones m\u00ednimas que se tienen en cuenta a la hora del aporte solidario<strong>&nbsp;pasan de dos a tres, con lo cual, deber\u00e1 hacerlo solo aquellos jubilados que cobren por encima del mill\u00f3n de pesos.&nbsp;<\/strong><\/p>\n\n\n\n<p>Por otra parte,\u00a0<strong>la emergencia previsional declarada por dos a\u00f1os<\/strong>, solo se puede extender un a\u00f1o y no dos como plantea el proyecto original.<\/p>\n\n\n\n<h2 class=\"wp-block-heading\">El proyecto original&nbsp;<\/h2>\n\n\n\n<p>La iniciativ.&nbsp;declara la emergencia previsional por el plazo de dos a\u00f1os y por otro modifica&nbsp;los reg\u00edmenes jubilatorios para los empleados de la provincia.<\/p>\n\n\n\n<p>La emergencia establece un aporte solidario que los beneficiarios de la Caja (actuales o futuros) deben realizar sobre el total del beneficio que perciben, durante el plazo de vigencia, con descuentos que van del 2% al 6% de acuerdo al beneficio percibido. Los que perciban m\u00e1s de una prestaci\u00f3n de la Caja realizar\u00e1n el&nbsp;<strong>aporte solidario<\/strong>&nbsp;sobre la sumatoria de ambos beneficios, en tanto que no realizar\u00e1n aportes solidarios quienes perciban beneficios inferiores a las dos jubilaciones m\u00ednimas.<\/p>\n\n\n\n<p>Respecto del personal en actividad, realizar\u00e1n el aporte solidario durante 36 meses y por un equivalente a un 2,77 % del haber quienes ocupen un cargo de conducci\u00f3n pol\u00edtica o de gabinete, y que haya ingresado desde el 11 de diciembre de 2023 en adelante.<\/p>\n\n\n\n<p>Un punto fundamental de la reforma es un nuevo r\u00e9gimen de aportes de los activos, que pasar\u00e1n a ser progresivos.&nbsp;<strong>Actualmente todos aportan un 14 %, pero el proyecto propone que los aportes se incrementen en base a un nuevo c\u00e1lculo que va del 15,5% al 21% dependiendo del ingreso percibido.<\/strong>&nbsp;Es decir que quien m\u00e1s gana, m\u00e1s aporta, e incluye a todos los trabajadores y funcionarios de los tres poderes.<\/p>\n\n\n\n<p>Tambi\u00e9n se implementa un tope de haberes para los pasivos:\u00a0<strong>actualmente hay beneficiarios que cobran un equivalente de hasta 32 jubilaciones m\u00ednimas, pero con este proyecto se aplica un l\u00edmite por el cual nadie cobrar\u00e1 m\u00e1s de 20 jubilaciones m\u00ednimas.\u00a0<\/strong>Puesto en n\u00fameros, hoy un juez de la Corte podr\u00eda acceder a una jubilaci\u00f3n de m\u00e1s de 12 millones de pesos, con el nuevo r\u00e9gimen rondar\u00eda los 8 millones.<\/p>\n\n\n\n<p>El proyecto mantiene&nbsp;las edades actuales para acceder a la jubilaci\u00f3n: 60 a\u00f1os para las mujeres y 65 para los varones y 30 a\u00f1os de servicios, aunque el gobernador podr\u00e1 modificarlas por decreto si eso sucede a nivel nacional.<\/p>\n\n\n\n<p>En relaci\u00f3n al r\u00e9gimen docente, se establece como principio general que se accede a los beneficios con 60 a\u00f1os tanto para hombres como para mujeres, en orden a equiparar el tratamiento con independencia del g\u00e9nero. No obstante, se priorizan las tareas propias docentes, en tanto, se pueden acceder a los beneficios con 57 a\u00f1os de edad y 30 de servicios siempre frente al aula, con cargo directivo o supervisi\u00f3n, se pueden jubilar ambos con el 76% se incrementar\u00e1 un (2%) por cada a\u00f1o de servicio docente trabajado, hasta llegar al tope del (82%), estableciendo asimismo la progresividad de la aplicaci\u00f3n.&nbsp;<\/p>\n\n\n\n<p>Las modificaciones tambi\u00e9n alcanzan al R\u00e9gimen Policial, que incluye al personal de la Polic\u00eda de la Provincia, la Direcci\u00f3n General del Servicio Penitenciario, y del Iapip. En este caso, se propone que los aportes ser\u00e1n del 17% al 20% de su remuneraci\u00f3n dependiendo del cargo que revistan y de la instituci\u00f3n a la que pertenezcan.<\/p>\n\n\n\n<p>El proyecto de reforma tambi\u00e9n establece disposiciones transitorias, algunas de las cuales establecen que los tr\u00e1mites de jubilaci\u00f3n en curso al momento de publicarse la ley en el Bolet\u00edn Oficial, ser\u00e1n analizados por la Caja y, en caso de obtener dictamen favorable, podr\u00e1n acceder al beneficio conforme el r\u00e9gimen anterior. Mientras, aquellos tr\u00e1mites que cuentan con dictamen favorable y fueron paralizados por voluntad del beneficiario por m\u00e1s de 6 meses, acceder\u00e1n al beneficio con el r\u00e9gimen jur\u00eddico vigente al momento del cese de la prestaci\u00f3n de servicios. Pero si el beneficiario quiere seguir en actividad deber\u00e1 comenzar el tr\u00e1mite de nuevo.<\/p>\n\n\n\n<p>Esto abarca principalmente a jueces, entre ellos tres de la Corte, que tienen la jubilaci\u00f3n otorgada pero demoran el retiro a pesar de que ya superaron incluso los 75 a\u00f1os de edad que la Constituci\u00f3n impone como l\u00edmite para el ejercicio de sus funciones.&nbsp;<\/p>\n\n\n\n<p>Fuente: Rosario3.com<\/p>\n","protected":false},"excerpt":{"rendered":"<p>Reforma previsional: el Senado provincial dio la media sanci\u00f3n a minutos de iniciada la sesi\u00f3n.<\/p>\n","protected":false},"author":1,"featured_media":43913,"comment_status":"open","ping_status":"open","sticky":false,"template":"","format":"image","meta":{"_jetpack_memberships_contains_paid_content":false,"footnotes":"","jetpack_publicize_message":"","jetpack_publicize_feature_enabled":true,"jetpack_social_post_already_shared":true,"jetpack_social_options":{"image_generator_settings":{"template":"highway","default_image_id":0,"enabled":false},"version":2}},"categories":[6,8,1,2,7,3],"tags":[10721,8777,11017,11016,10091],"class_list":["post-43912","post","type-post","status-publish","format-image","has-post-thumbnail","hentry","category-cultura-entretenimiento","category-deliberando","category-diario-armstrong","category-locales","category-politica","category-region","tag-diario-armstrong-region","tag-lic-graciela-de-la-casa","tag-media-sancion","tag-reforma-previsional","tag-senado-2","post_format-post-format-image"],"jetpack_publicize_connections":[],"jetpack_featured_media_url":"https:\/\/armstrongyregion.com.ar\/diario\/wp-content\/uploads\/2024\/09\/senado.jpg_1756841869.jpg","jetpack_shortlink":"https:\/\/wp.me\/p62QDO-bqg","jetpack_sharing_enabled":true,"amp_enabled":true,"_links":{"self":[{"href":"https:\/\/armstrongyregion.com.ar\/diario\/wp-json\/wp\/v2\/posts\/43912","targetHints":{"allow":["GET"]}}],"collection":[{"href":"https:\/\/armstrongyregion.com.ar\/diario\/wp-json\/wp\/v2\/posts"}],"about":[{"href":"https:\/\/armstrongyregion.com.ar\/diario\/wp-json\/wp\/v2\/types\/post"}],"author":[{"embeddable":true,"href":"https:\/\/armstrongyregion.com.ar\/diario\/wp-json\/wp\/v2\/users\/1"}],"replies":[{"embeddable":true,"href":"https:\/\/armstrongyregion.com.ar\/diario\/wp-json\/wp\/v2\/comments?post=43912"}],"version-history":[{"count":5,"href":"https:\/\/armstrongyregion.com.ar\/diario\/wp-json\/wp\/v2\/posts\/43912\/revisions"}],"predecessor-version":[{"id":43920,"href":"https:\/\/armstrongyregion.com.ar\/diario\/wp-json\/wp\/v2\/posts\/43912\/revisions\/43920"}],"wp:featuredmedia":[{"embeddable":true,"href":"https:\/\/armstrongyregion.com.ar\/diario\/wp-json\/wp\/v2\/media\/43913"}],"wp:attachment":[{"href":"https:\/\/armstrongyregion.com.ar\/diario\/wp-json\/wp\/v2\/media?parent=43912"}],"wp:term":[{"taxonomy":"category","embeddable":true,"href":"https:\/\/armstrongyregion.com.ar\/diario\/wp-json\/wp\/v2\/categories?post=43912"},{"taxonomy":"post_tag","embeddable":true,"href":"https:\/\/armstrongyregion.com.ar\/diario\/wp-json\/wp\/v2\/tags?post=43912"}],"curies":[{"name":"wp","href":"https:\/\/api.w.org\/{rel}","templated":true}]}}