{"id":43910,"date":"2024-09-05T21:53:28","date_gmt":"2024-09-05T21:53:28","guid":{"rendered":"https:\/\/armstrongyregion.com.ar\/diario\/?p=43910"},"modified":"2024-09-05T21:53:30","modified_gmt":"2024-09-05T21:53:30","slug":"en-el-concejo-aprobaron-la-creacion-de-el-gran-libro-de-la-industria","status":"publish","type":"post","link":"https:\/\/armstrongyregion.com.ar\/diario\/en-el-concejo-aprobaron-la-creacion-de-el-gran-libro-de-la-industria\/","title":{"rendered":"En el Concejo aprobaron la creaci\u00f3n de \u201cEl gran libro de la industria\u201d."},"content":{"rendered":"\n<figure class=\"wp-block-image size-full\"><a href=\"http:\/\/armstrongyregion.com.ar\/diario\/wp-content\/uploads\/2024\/06\/Carla-Revigliono-19-06-24-.jpg\"><img loading=\"lazy\" decoding=\"async\" width=\"742\" height=\"591\" src=\"http:\/\/armstrongyregion.com.ar\/diario\/wp-content\/uploads\/2024\/06\/Carla-Revigliono-19-06-24-.jpg\" alt=\"\" class=\"wp-image-43189\" srcset=\"https:\/\/armstrongyregion.com.ar\/diario\/wp-content\/uploads\/2024\/06\/Carla-Revigliono-19-06-24-.jpg 742w, https:\/\/armstrongyregion.com.ar\/diario\/wp-content\/uploads\/2024\/06\/Carla-Revigliono-19-06-24--300x239.jpg 300w\" sizes=\"auto, (max-width: 742px) 100vw, 742px\" \/><\/a><\/figure>\n\n\n\n<p><strong>Con respecto a la ordenanza que fue aprobada para la creaci\u00f3n de \u201cEl gran libro de la industria\u201d, la concejala del bloque Unidos, Carla Revigliono dio sus detalles<\/strong>: \u201cHemos tenido dictamen favorable de la comisi\u00f3n de educaci\u00f3n, cultura y deportes siendo esta norma aprobada por unanimidad.<\/p>\n\n\n\n<p>&nbsp;La creaci\u00f3n de este gran libro de la industria va a preservar y documentar toda la historia, la evoluci\u00f3n, el crecimiento tanto en aspectos productivos, en obras, como en personal que han tenido&nbsp; todas las industrias locales\u201d.<\/p>\n\n\n\n<p><strong>La concejala sobre este libro abund\u00f3 diciendo<\/strong>: \u201cEsto ser\u00e1 de gran importancia, porque creo firmemente que es algo que nos debemos todos los armtronenses, documentar la historia de nuestra industria como ha crecido enormemente, y junto a ello hemos avanzado como ciudad con una generaci\u00f3n de empleo sostenida, junto a un avance tecnol\u00f3gico tambi\u00e9n\u201d.<\/p>\n\n\n\n<p><strong>Con respecto a quien se dedicar\u00eda a recabar toda la informaci\u00f3n para ser volcada al libro Revigliono dijo: <\/strong>\u201cNuestra idea es conforme a lo establecido en la ordenanza, que por supuesto va a ser reglamentada por el ejecutivo municipal, que trabajen todas las reparticiones afines en forma coordinada y trabajar con un&nbsp; editor para que recopile toda la informaci\u00f3n que le provean las diferentes industrias\u201d.<\/p>\n\n\n\n<p><strong>Sobre otros temas abordados en la sesi\u00f3n propuestos por su bloque explic\u00f3:<\/strong> \u201cHemos declarado de inter\u00e9s municipal una jornada de actualizaci\u00f3n educativa, que propone la escuela nacional N\u00b0 33 Dr. Mariano Moreno, que es una actualizaci\u00f3n en la educaci\u00f3n a cargo del educador Manuel Santos Guerra, bajo la consigna EDUCAR EL CORAZON, LOS SENTIMIENTOS EN LA ESCUELA. Este educador es espa\u00f1ol de suma trascendencia que desarrolla conferencias, publicaciones y trabajos de investigaci\u00f3n en distintos pa\u00edses del mundo. Esta charla de sumo inter\u00e9s va a ser el 16 de septiembre a las&nbsp; 18hs en las instalaciones de la misma escuela\u201d.<\/p>\n","protected":false},"excerpt":{"rendered":"<p>En el Concejo aprobaron la creaci\u00f3n de \u201cEl gran libro de la industria\u201d.<\/p>\n","protected":false},"author":1,"featured_media":43189,"comment_status":"open","ping_status":"open","sticky":false,"template":"","format":"image","meta":{"_jetpack_memberships_contains_paid_content":false,"footnotes":"","jetpack_publicize_message":"","jetpack_publicize_feature_enabled":true,"jetpack_social_post_already_shared":true,"jetpack_social_options":{"image_generator_settings":{"template":"highway","default_image_id":0,"enabled":false},"version":2}},"categories":[8,1,2,7,3],"tags":[9425,19,10721,405,1603,31,26,8777],"class_list":["post-43910","post","type-post","status-publish","format-image","has-post-thumbnail","hentry","category-deliberando","category-diario-armstrong","category-locales","category-politica","category-region","tag-carla-revigliono","tag-de","tag-diario-armstrong-region","tag-gran","tag-industria","tag-la","tag-libro","tag-lic-graciela-de-la-casa","post_format-post-format-image"],"jetpack_publicize_connections":[],"jetpack_featured_media_url":"https:\/\/armstrongyregion.com.ar\/diario\/wp-content\/uploads\/2024\/06\/Carla-Revigliono-19-06-24-.jpg","jetpack_shortlink":"https:\/\/wp.me\/p62QDO-bqe","jetpack_sharing_enabled":true,"amp_enabled":true,"_links":{"self":[{"href":"https:\/\/armstrongyregion.com.ar\/diario\/wp-json\/wp\/v2\/posts\/43910","targetHints":{"allow":["GET"]}}],"collection":[{"href":"https:\/\/armstrongyregion.com.ar\/diario\/wp-json\/wp\/v2\/posts"}],"about":[{"href":"https:\/\/armstrongyregion.com.ar\/diario\/wp-json\/wp\/v2\/types\/post"}],"author":[{"embeddable":true,"href":"https:\/\/armstrongyregion.com.ar\/diario\/wp-json\/wp\/v2\/users\/1"}],"replies":[{"embeddable":true,"href":"https:\/\/armstrongyregion.com.ar\/diario\/wp-json\/wp\/v2\/comments?post=43910"}],"version-history":[{"count":1,"href":"https:\/\/armstrongyregion.com.ar\/diario\/wp-json\/wp\/v2\/posts\/43910\/revisions"}],"predecessor-version":[{"id":43911,"href":"https:\/\/armstrongyregion.com.ar\/diario\/wp-json\/wp\/v2\/posts\/43910\/revisions\/43911"}],"wp:featuredmedia":[{"embeddable":true,"href":"https:\/\/armstrongyregion.com.ar\/diario\/wp-json\/wp\/v2\/media\/43189"}],"wp:attachment":[{"href":"https:\/\/armstrongyregion.com.ar\/diario\/wp-json\/wp\/v2\/media?parent=43910"}],"wp:term":[{"taxonomy":"category","embeddable":true,"href":"https:\/\/armstrongyregion.com.ar\/diario\/wp-json\/wp\/v2\/categories?post=43910"},{"taxonomy":"post_tag","embeddable":true,"href":"https:\/\/armstrongyregion.com.ar\/diario\/wp-json\/wp\/v2\/tags?post=43910"}],"curies":[{"name":"wp","href":"https:\/\/api.w.org\/{rel}","templated":true}]}}