{"id":43906,"date":"2024-09-04T16:04:40","date_gmt":"2024-09-04T16:04:40","guid":{"rendered":"https:\/\/armstrongyregion.com.ar\/diario\/?p=43906"},"modified":"2024-09-04T16:04:43","modified_gmt":"2024-09-04T16:04:43","slug":"programa-inclusion-al-empleo-formal-para-personas-con-discapacidad","status":"publish","type":"post","link":"https:\/\/armstrongyregion.com.ar\/diario\/programa-inclusion-al-empleo-formal-para-personas-con-discapacidad\/","title":{"rendered":"\u201cPrograma inclusi\u00f3n al empleo formal para personas con discapacidad\u201d."},"content":{"rendered":"\n<figure class=\"wp-block-image size-full\"><a href=\"http:\/\/armstrongyregion.com.ar\/diario\/wp-content\/uploads\/2024\/07\/Emi-Gramigna-3-7-24-.jpg\"><img loading=\"lazy\" decoding=\"async\" width=\"756\" height=\"756\" src=\"http:\/\/armstrongyregion.com.ar\/diario\/wp-content\/uploads\/2024\/07\/Emi-Gramigna-3-7-24-.jpg\" alt=\"\" class=\"wp-image-43343\" srcset=\"https:\/\/armstrongyregion.com.ar\/diario\/wp-content\/uploads\/2024\/07\/Emi-Gramigna-3-7-24-.jpg 756w, https:\/\/armstrongyregion.com.ar\/diario\/wp-content\/uploads\/2024\/07\/Emi-Gramigna-3-7-24--300x300.jpg 300w, https:\/\/armstrongyregion.com.ar\/diario\/wp-content\/uploads\/2024\/07\/Emi-Gramigna-3-7-24--150x150.jpg 150w\" sizes=\"auto, (max-width: 756px) 100vw, 756px\" \/><\/a><\/figure>\n\n\n\n<p><strong>El concejal de Renovaci\u00f3n por Armstrong, Emiliano Gramigna, hizo referencia a este proyecto de ordenanza tratado en la \u00faltima sesi\u00f3n del Concejo<\/strong>: \u201cEste proyecto pas\u00f3 a comisi\u00f3n, pero se dio un interesante debate para poder darle pronto tratamiento al proyecto.&nbsp; Precisamente contempla la creaci\u00f3n de un programa de inclusi\u00f3n al empleo formal para personas con discapacidad. Esta ordenanza tiene como objetivo que el estado municipal pueda brindarle herramientas con beneficios tributarios a quienes empleen personas discapacitadas cualquiera sea esa discapacidad. Creemos que no debe haber barreras para poder ingresar al empleo formal y poder trabajar en lo que se pregona, tanto en el sector p\u00fablico como privado\u201d.<\/p>\n\n\n\n<p><strong>Gramigna amplio sobre esta presentaci\u00f3n diciendo<\/strong>: \u201cLo que estamos contemplando con esta ordenanza es que el municipio a trav\u00e9s de la Secretar\u00eda de Desarrollo Productivo formule las condiciones y el relevamiento de las empresas y comercios que quieran adherirse a este programa en el que van a tener beneficios tributarios como es un 25% de rebaja en el DREI y un porcentaje igual en la tasa municipal\u201d.<\/p>\n\n\n\n<p><strong>Tambi\u00e9n explic\u00f3 que<\/strong>: \u201cEsa no es la finalidad, solo la rebaja de un&nbsp; porcentaje del DREI o la tasa municipal porque no hace a la econom\u00eda de un comercio o una industria, sino lo que queremos lograr es un incentivo para que se pueda tener una verdadera inclusi\u00f3n e igualdad en la ciudad en el acceso al empleo\u201d.<\/p>\n\n\n\n<p><strong>Consultamos al edil si este&nbsp; proyecto obtuvo el compromiso de todos los bloques como para tratarlo<\/strong>: \u201cSi, el compromiso para tratarlo est\u00e1, por eso creemos que lo vamos a poder trabajar en la comisi\u00f3n, los puntos de objeci\u00f3n que se pueden haber marcado fue m\u00e1s en la oposici\u00f3n que en el oficialismo, que ser\u00e1 el de aplicaci\u00f3n de este programa, ellos nos comentaron que ten\u00edan en carpeta algo similar, lo que nos demuestra que lo vamos a sacar adelante y concretar una verdadera inserci\u00f3n laboral de las personas con discapacidad\u201d.<\/p>\n","protected":false},"excerpt":{"rendered":"<p>\u201cPrograma inclusi\u00f3n al empleo formal para personas con discapacidad\u201d.<\/p>\n","protected":false},"author":1,"featured_media":43343,"comment_status":"open","ping_status":"open","sticky":false,"template":"","format":"image","meta":{"_jetpack_memberships_contains_paid_content":false,"footnotes":"","jetpack_publicize_message":"","jetpack_publicize_feature_enabled":true,"jetpack_social_post_already_shared":true,"jetpack_social_options":{"image_generator_settings":{"template":"highway","default_image_id":0,"enabled":false},"version":2}},"categories":[8,1,2,7,3],"tags":[100,10721,2725,11015,979,8777,696,582],"class_list":["post-43906","post","type-post","status-publish","format-image","has-post-thumbnail","hentry","category-deliberando","category-diario-armstrong","category-locales","category-politica","category-region","tag-con","tag-diario-armstrong-region","tag-discapacidad","tag-empleo-formal","tag-gramigna","tag-lic-graciela-de-la-casa","tag-personas","tag-programa","post_format-post-format-image"],"jetpack_publicize_connections":[],"jetpack_featured_media_url":"https:\/\/armstrongyregion.com.ar\/diario\/wp-content\/uploads\/2024\/07\/Emi-Gramigna-3-7-24-.jpg","jetpack_shortlink":"https:\/\/wp.me\/p62QDO-bqa","jetpack_sharing_enabled":true,"amp_enabled":true,"_links":{"self":[{"href":"https:\/\/armstrongyregion.com.ar\/diario\/wp-json\/wp\/v2\/posts\/43906","targetHints":{"allow":["GET"]}}],"collection":[{"href":"https:\/\/armstrongyregion.com.ar\/diario\/wp-json\/wp\/v2\/posts"}],"about":[{"href":"https:\/\/armstrongyregion.com.ar\/diario\/wp-json\/wp\/v2\/types\/post"}],"author":[{"embeddable":true,"href":"https:\/\/armstrongyregion.com.ar\/diario\/wp-json\/wp\/v2\/users\/1"}],"replies":[{"embeddable":true,"href":"https:\/\/armstrongyregion.com.ar\/diario\/wp-json\/wp\/v2\/comments?post=43906"}],"version-history":[{"count":1,"href":"https:\/\/armstrongyregion.com.ar\/diario\/wp-json\/wp\/v2\/posts\/43906\/revisions"}],"predecessor-version":[{"id":43907,"href":"https:\/\/armstrongyregion.com.ar\/diario\/wp-json\/wp\/v2\/posts\/43906\/revisions\/43907"}],"wp:featuredmedia":[{"embeddable":true,"href":"https:\/\/armstrongyregion.com.ar\/diario\/wp-json\/wp\/v2\/media\/43343"}],"wp:attachment":[{"href":"https:\/\/armstrongyregion.com.ar\/diario\/wp-json\/wp\/v2\/media?parent=43906"}],"wp:term":[{"taxonomy":"category","embeddable":true,"href":"https:\/\/armstrongyregion.com.ar\/diario\/wp-json\/wp\/v2\/categories?post=43906"},{"taxonomy":"post_tag","embeddable":true,"href":"https:\/\/armstrongyregion.com.ar\/diario\/wp-json\/wp\/v2\/tags?post=43906"}],"curies":[{"name":"wp","href":"https:\/\/api.w.org\/{rel}","templated":true}]}}