{"id":43901,"date":"2024-09-04T15:31:40","date_gmt":"2024-09-04T15:31:40","guid":{"rendered":"https:\/\/armstrongyregion.com.ar\/diario\/?p=43901"},"modified":"2024-09-04T15:31:42","modified_gmt":"2024-09-04T15:31:42","slug":"armstrong-este-domingo-8-sabores-y-colores-locales","status":"publish","type":"post","link":"https:\/\/armstrongyregion.com.ar\/diario\/armstrong-este-domingo-8-sabores-y-colores-locales\/","title":{"rendered":"Armstrong. Este domingo 8: Sabores y Colores Locales."},"content":{"rendered":"\n<figure class=\"wp-block-image size-full\"><a href=\"http:\/\/armstrongyregion.com.ar\/diario\/wp-content\/uploads\/2024\/09\/Feria-sabores-locales-.jpg\"><img loading=\"lazy\" decoding=\"async\" width=\"398\" height=\"400\" src=\"http:\/\/armstrongyregion.com.ar\/diario\/wp-content\/uploads\/2024\/09\/Feria-sabores-locales-.jpg\" alt=\"\" class=\"wp-image-43902\" srcset=\"https:\/\/armstrongyregion.com.ar\/diario\/wp-content\/uploads\/2024\/09\/Feria-sabores-locales-.jpg 398w, https:\/\/armstrongyregion.com.ar\/diario\/wp-content\/uploads\/2024\/09\/Feria-sabores-locales--150x150.jpg 150w\" sizes=\"auto, (max-width: 398px) 100vw, 398px\" \/><\/a><\/figure>\n\n\n\n<p>Municipalidad de Armstrong invita a participar de una nueva Feria Sabores y Colores Locales, el<br>domingo 8 de septiembre a partir de las 14:30 hs. en el tradicional espacio que ofrece el parque<br>recreativo Bracito Fuerte.<br>M\u00e1s de 30 emprendedores de nuestra ciudad y de la regi\u00f3n estar\u00e1n esperando al p\u00fablico para<br>ofrecerles sus art\u00edculos elaborados artesanalmente, con muchas novedades, y como siempre habr\u00e1<br>m\u00fasica con DJ Gamal, la calesita \u201cEl Profe\u201d y los juegos permanentes del parque para los m\u00e1s chicos.<br>Se suspende en caso de lluvia.<\/p>\n","protected":false},"excerpt":{"rendered":"<p>Armstrong. Este domingo 8: Sabores y Colores Locales. <\/p>\n","protected":false},"author":1,"featured_media":43902,"comment_status":"open","ping_status":"open","sticky":false,"template":"","format":"image","meta":{"_jetpack_memberships_contains_paid_content":false,"footnotes":"","jetpack_publicize_message":"","jetpack_publicize_feature_enabled":true,"jetpack_social_post_already_shared":true,"jetpack_social_options":{"image_generator_settings":{"template":"highway","default_image_id":0,"enabled":false},"version":2}},"categories":[6,8,1,2,7,3],"tags":[20,1336,19,5030,1725,8777,2320,1335,13],"class_list":["post-43901","post","type-post","status-publish","format-image","has-post-thumbnail","hentry","category-cultura-entretenimiento","category-deliberando","category-diario-armstrong","category-locales","category-politica","category-region","tag-armstrong","tag-colores","tag-de","tag-diario-armstrong","tag-feria","tag-lic-graciela-de-la-casa","tag-locales","tag-sabores","tag-y","post_format-post-format-image"],"jetpack_publicize_connections":[],"jetpack_featured_media_url":"https:\/\/armstrongyregion.com.ar\/diario\/wp-content\/uploads\/2024\/09\/Feria-sabores-locales-.jpg","jetpack_shortlink":"https:\/\/wp.me\/p62QDO-bq5","jetpack_sharing_enabled":true,"amp_enabled":true,"_links":{"self":[{"href":"https:\/\/armstrongyregion.com.ar\/diario\/wp-json\/wp\/v2\/posts\/43901","targetHints":{"allow":["GET"]}}],"collection":[{"href":"https:\/\/armstrongyregion.com.ar\/diario\/wp-json\/wp\/v2\/posts"}],"about":[{"href":"https:\/\/armstrongyregion.com.ar\/diario\/wp-json\/wp\/v2\/types\/post"}],"author":[{"embeddable":true,"href":"https:\/\/armstrongyregion.com.ar\/diario\/wp-json\/wp\/v2\/users\/1"}],"replies":[{"embeddable":true,"href":"https:\/\/armstrongyregion.com.ar\/diario\/wp-json\/wp\/v2\/comments?post=43901"}],"version-history":[{"count":1,"href":"https:\/\/armstrongyregion.com.ar\/diario\/wp-json\/wp\/v2\/posts\/43901\/revisions"}],"predecessor-version":[{"id":43903,"href":"https:\/\/armstrongyregion.com.ar\/diario\/wp-json\/wp\/v2\/posts\/43901\/revisions\/43903"}],"wp:featuredmedia":[{"embeddable":true,"href":"https:\/\/armstrongyregion.com.ar\/diario\/wp-json\/wp\/v2\/media\/43902"}],"wp:attachment":[{"href":"https:\/\/armstrongyregion.com.ar\/diario\/wp-json\/wp\/v2\/media?parent=43901"}],"wp:term":[{"taxonomy":"category","embeddable":true,"href":"https:\/\/armstrongyregion.com.ar\/diario\/wp-json\/wp\/v2\/categories?post=43901"},{"taxonomy":"post_tag","embeddable":true,"href":"https:\/\/armstrongyregion.com.ar\/diario\/wp-json\/wp\/v2\/tags?post=43901"}],"curies":[{"name":"wp","href":"https:\/\/api.w.org\/{rel}","templated":true}]}}