{"id":43898,"date":"2024-09-04T15:25:54","date_gmt":"2024-09-04T15:25:54","guid":{"rendered":"https:\/\/armstrongyregion.com.ar\/diario\/?p=43898"},"modified":"2024-09-04T15:25:56","modified_gmt":"2024-09-04T15:25:56","slug":"este-jueves-5-de-septiembre-paro-y-movilizacion-a-la-legislatura-provincial","status":"publish","type":"post","link":"https:\/\/armstrongyregion.com.ar\/diario\/este-jueves-5-de-septiembre-paro-y-movilizacion-a-la-legislatura-provincial\/","title":{"rendered":"Este Jueves 5 de Septiembre Paro y Movilizaci\u00f3n a la Legislatura Provincial."},"content":{"rendered":"\n<figure class=\"wp-block-image size-large\"><a href=\"http:\/\/armstrongyregion.com.ar\/diario\/wp-content\/uploads\/2024\/09\/paro_amsafe_web.jpg\"><img loading=\"lazy\" decoding=\"async\" width=\"1024\" height=\"724\" src=\"http:\/\/armstrongyregion.com.ar\/diario\/wp-content\/uploads\/2024\/09\/paro_amsafe_web-1024x724.jpg\" alt=\"\" class=\"wp-image-43899\" srcset=\"https:\/\/armstrongyregion.com.ar\/diario\/wp-content\/uploads\/2024\/09\/paro_amsafe_web-1024x724.jpg 1024w, https:\/\/armstrongyregion.com.ar\/diario\/wp-content\/uploads\/2024\/09\/paro_amsafe_web-300x212.jpg 300w, https:\/\/armstrongyregion.com.ar\/diario\/wp-content\/uploads\/2024\/09\/paro_amsafe_web-768x543.jpg 768w, https:\/\/armstrongyregion.com.ar\/diario\/wp-content\/uploads\/2024\/09\/paro_amsafe_web.jpg 1440w\" sizes=\"auto, (max-width: 1024px) 100vw, 1024px\" \/><\/a><\/figure>\n\n\n\n<p>NO A LA REFORMA PREVISIONAL.<\/p>\n\n\n\n<p>Con motivo de tratarse el proyecto de Reforma Jubilatoria enviado por el Gobierno que contempla ajuste, recorte y una emergencia previsional, desde AMSAFE convocamos a un PARO y MOVILIZACI\u00d3N PROVINCIAL.<\/p>\n\n\n\n<p>Esta&nbsp;<a><\/a>acci\u00f3n se origina en el marco de la \u00faltima Resoluci\u00f3n de Asamblea Provincial que estableci\u00f3 \u00abfacultar a la Comisi\u00f3n Directiva Provincial a convocar a acciones provinciales cuando se trate el Proyecto de Reforma Previsional.\u00bb<\/p>\n","protected":false},"excerpt":{"rendered":"<p>Este Jueves 5 de Septiembre Paro y Movilizaci\u00f3n a la Legislatura Provincial.<\/p>\n","protected":false},"author":1,"featured_media":43899,"comment_status":"open","ping_status":"open","sticky":false,"template":"","format":"image","meta":{"_jetpack_memberships_contains_paid_content":false,"footnotes":"","jetpack_publicize_message":"","jetpack_publicize_feature_enabled":true,"jetpack_social_post_already_shared":true,"jetpack_social_options":{"image_generator_settings":{"template":"highway","default_image_id":0,"enabled":false},"version":2}},"categories":[8,1,2,7,3],"tags":[5030,8777,11013,1026,928,13],"class_list":["post-43898","post","type-post","status-publish","format-image","has-post-thumbnail","hentry","category-deliberando","category-diario-armstrong","category-locales","category-politica","category-region","tag-diario-armstrong","tag-lic-graciela-de-la-casa","tag-movilizacion-2","tag-paro","tag-provincial","tag-y","post_format-post-format-image"],"jetpack_publicize_connections":[],"jetpack_featured_media_url":"https:\/\/armstrongyregion.com.ar\/diario\/wp-content\/uploads\/2024\/09\/paro_amsafe_web.jpg","jetpack_shortlink":"https:\/\/wp.me\/p62QDO-bq2","jetpack_sharing_enabled":true,"amp_enabled":true,"_links":{"self":[{"href":"https:\/\/armstrongyregion.com.ar\/diario\/wp-json\/wp\/v2\/posts\/43898","targetHints":{"allow":["GET"]}}],"collection":[{"href":"https:\/\/armstrongyregion.com.ar\/diario\/wp-json\/wp\/v2\/posts"}],"about":[{"href":"https:\/\/armstrongyregion.com.ar\/diario\/wp-json\/wp\/v2\/types\/post"}],"author":[{"embeddable":true,"href":"https:\/\/armstrongyregion.com.ar\/diario\/wp-json\/wp\/v2\/users\/1"}],"replies":[{"embeddable":true,"href":"https:\/\/armstrongyregion.com.ar\/diario\/wp-json\/wp\/v2\/comments?post=43898"}],"version-history":[{"count":1,"href":"https:\/\/armstrongyregion.com.ar\/diario\/wp-json\/wp\/v2\/posts\/43898\/revisions"}],"predecessor-version":[{"id":43900,"href":"https:\/\/armstrongyregion.com.ar\/diario\/wp-json\/wp\/v2\/posts\/43898\/revisions\/43900"}],"wp:featuredmedia":[{"embeddable":true,"href":"https:\/\/armstrongyregion.com.ar\/diario\/wp-json\/wp\/v2\/media\/43899"}],"wp:attachment":[{"href":"https:\/\/armstrongyregion.com.ar\/diario\/wp-json\/wp\/v2\/media?parent=43898"}],"wp:term":[{"taxonomy":"category","embeddable":true,"href":"https:\/\/armstrongyregion.com.ar\/diario\/wp-json\/wp\/v2\/categories?post=43898"},{"taxonomy":"post_tag","embeddable":true,"href":"https:\/\/armstrongyregion.com.ar\/diario\/wp-json\/wp\/v2\/tags?post=43898"}],"curies":[{"name":"wp","href":"https:\/\/api.w.org\/{rel}","templated":true}]}}