{"id":43884,"date":"2024-09-01T15:45:11","date_gmt":"2024-09-01T15:45:11","guid":{"rendered":"https:\/\/armstrongyregion.com.ar\/diario\/?p=43884"},"modified":"2024-09-01T15:45:18","modified_gmt":"2024-09-01T15:45:18","slug":"una-obra-esperada-por-armstrong-el-gobierno-provincial-ensanchara-su-acceso","status":"publish","type":"post","link":"https:\/\/armstrongyregion.com.ar\/diario\/una-obra-esperada-por-armstrong-el-gobierno-provincial-ensanchara-su-acceso\/","title":{"rendered":"Una obra esperada por Armstrong: el gobierno provincial ensanchar\u00e1 su acceso."},"content":{"rendered":"\n<figure class=\"wp-block-image size-full\"><a href=\"http:\/\/armstrongyregion.com.ar\/diario\/wp-content\/uploads\/2024\/09\/INGRESO-SCHAER-1-.jpg\"><img loading=\"lazy\" decoding=\"async\" width=\"640\" height=\"710\" src=\"http:\/\/armstrongyregion.com.ar\/diario\/wp-content\/uploads\/2024\/09\/INGRESO-SCHAER-1-.jpg\" alt=\"\" class=\"wp-image-43885\" srcset=\"https:\/\/armstrongyregion.com.ar\/diario\/wp-content\/uploads\/2024\/09\/INGRESO-SCHAER-1-.jpg 640w, https:\/\/armstrongyregion.com.ar\/diario\/wp-content\/uploads\/2024\/09\/INGRESO-SCHAER-1--270x300.jpg 270w\" sizes=\"auto, (max-width: 640px) 100vw, 640px\" \/><\/a><\/figure>\n\n\n\n<h2 class=\"wp-block-heading\">El tramo abarca desde la Ruta Provincial N\u00b0 15 hasta su intersecci\u00f3n con la calle Schaer. El ministro Enrico indic\u00f3 que la apertura de ofertas se realizar\u00e1 el pr\u00f3ximo viernes 6 de septiembre.<\/h2>\n\n\n\n<figure class=\"wp-block-image size-full\"><a href=\"http:\/\/armstrongyregion.com.ar\/diario\/wp-content\/uploads\/2024\/09\/INGRESO-SCHAER2.jpg\"><img loading=\"lazy\" decoding=\"async\" width=\"745\" height=\"402\" src=\"http:\/\/armstrongyregion.com.ar\/diario\/wp-content\/uploads\/2024\/09\/INGRESO-SCHAER2.jpg\" alt=\"\" class=\"wp-image-43886\" srcset=\"https:\/\/armstrongyregion.com.ar\/diario\/wp-content\/uploads\/2024\/09\/INGRESO-SCHAER2.jpg 745w, https:\/\/armstrongyregion.com.ar\/diario\/wp-content\/uploads\/2024\/09\/INGRESO-SCHAER2-300x162.jpg 300w\" sizes=\"auto, (max-width: 745px) 100vw, 745px\" \/><\/a><\/figure>\n\n\n\n<p>La gesti\u00f3n del gobernador Maximiliano Pullaro tiene entre sus principales objetivos mejorar la transitabilidad, la seguridad vial y los de las rutas de Santa Fe. Por este motivo sigue impulsando obras. Esta vez, la Direcci\u00f3n Provincial de Vialidad, que act\u00faa bajo la \u00f3rbita del Ministerio de Obras P\u00fablicas, public\u00f3 el llamado a licitaci\u00f3n para el ensanchamiento del acceso a Armstrong. <\/p>\n\n\n\n<p>La apertura de ofertas econ\u00f3micas para ejecutar los trabajos se realizar\u00e1 el viernes 6 de septiembre a las 10 en la Municipalidad de Armstrong. Cuenta con un presupuesto oficial de $991.554.061,76, y un plazo de ejecuci\u00f3n de 8 meses. <\/p>\n\n\n\n<p>Se intervendr\u00e1 el acceso suroeste a la ciudad, para lo cual se ampliar\u00e1 el ancho de la calzada existente, de 6,80 metros con dos carriles, a dos calzadas, separadas por un cantero central, con dos carriles cada una. <\/p>\n\n\n\n<p><strong>*Trabajo en equipo*<\/strong><\/p>\n\n\n\n<p> En este marco, el titular de la cartera de Obras, Lisandro Enrico, explic\u00f3 que se trata de obras viales muy importantes para el departamento Belgrano: \u201cJunto al nuevo intendente Guillermo Luzzi, al senador Pablo Verdecchia y al Administrador de Vialidad Provincial, Pablo Seghezzo, estuvimos recorriendo la zona en distintas oportunidades. Tanto el intendente como el senador han marcado esta obra como una prioridad de sus gestiones, por eso r\u00e1pidamente la pudimos abordar. Detectamos la necesidad de avanzar con este proyecto porque brindar\u00e1 mayor seguridad y ser\u00e1 clave para el mantenimiento de esta traza\u00bb. <\/p>\n\n\n\n<p>\u00abLa obra consiste en incorporar carriles de aceleraci\u00f3n y carriles de desaceleraci\u00f3n con una d\u00e1rsena de giro a la izquierda de la ruta 15 para el ingreso a Armstrong, y una d\u00e1rsena de espera desde la calle principal de ingreso a la ruta 15\u201d, agreg\u00f3. <\/p>\n\n\n\n<p>\u201cSabemos de las dificultades que genera este contexto econ\u00f3mico que estamos atravesando, pero entendemos y estamos convencidos de que nuestra provincia debe tener mejores rutas, por eso todos estos esfuerzos econ\u00f3micos provinciales que hacemos con el apoyo del gobernador Maximiliano Pullaro. De todos modos, aunque estemos haciendo obras desde la Provincia, quiero dejar en claro que no vamos a detener nuestro reclamo constante a Naci\u00f3n para que se arreglen las rutas nacionales, por ejemplo la 178. Incluso, si siguen demorando las obras, hemos pedido que las cedan a nuestra gesti\u00f3n para que las podamos refaccionar\u00bb, asegur\u00f3 Enrico.<\/p>\n\n\n\n<p> <strong>*\u00bfC\u00f3mo ser\u00e1 el cambio?*<\/strong><\/p>\n\n\n\n<p> El cambio se dar\u00e1 en las posibilidades de giro para acceder y salir del municipio, con la incorporaci\u00f3n de \u201ccarriles de aceleraci\u00f3n\u201d y \u201ccarriles de desaceleraci\u00f3n\u201d. <\/p>\n\n\n\n<p>El nuevo paquete estructural contar\u00e1 con una d\u00e1rsena de giro a la izquierda en la RP 15 para el ingreso a Armstrong, y una d\u00e1rsena de espera con giro a la izquierda para la incorporaci\u00f3n desde la calle principal de ingreso a la RP 15 en direcci\u00f3n al sur. La intervenci\u00f3n se completar\u00e1 con se\u00f1alizaci\u00f3n horizontal y vertical, mejoras en la iluminaci\u00f3n con la incorporaci\u00f3n de nuevas columnas, colocaci\u00f3n de barandas met\u00e1licas para seguridad vehicular, limpieza de cunetas y la construcci\u00f3n de una bicisenda separada de la calzada principal.<\/p>\n","protected":false},"excerpt":{"rendered":"<p>Una obra esperada por Armstrong: el gobierno provincial ensanchar\u00e1 su acceso.<\/p>\n","protected":false},"author":1,"featured_media":43885,"comment_status":"open","ping_status":"open","sticky":false,"template":"","format":"image","meta":{"_jetpack_memberships_contains_paid_content":false,"footnotes":"","jetpack_publicize_message":"","jetpack_publicize_feature_enabled":true,"jetpack_social_post_already_shared":true,"jetpack_social_options":{"image_generator_settings":{"template":"highway","default_image_id":0,"enabled":false},"version":2}},"categories":[8,1,2,7,3],"tags":[2194,20,10721,38,8777,928],"class_list":["post-43884","post","type-post","status-publish","format-image","has-post-thumbnail","hentry","category-deliberando","category-diario-armstrong","category-locales","category-politica","category-region","tag-acceso","tag-armstrong","tag-diario-armstrong-region","tag-gobierno","tag-lic-graciela-de-la-casa","tag-provincial","post_format-post-format-image"],"jetpack_publicize_connections":[],"jetpack_featured_media_url":"https:\/\/armstrongyregion.com.ar\/diario\/wp-content\/uploads\/2024\/09\/INGRESO-SCHAER-1-.jpg","jetpack_shortlink":"https:\/\/wp.me\/p62QDO-bpO","jetpack_sharing_enabled":true,"amp_enabled":true,"_links":{"self":[{"href":"https:\/\/armstrongyregion.com.ar\/diario\/wp-json\/wp\/v2\/posts\/43884","targetHints":{"allow":["GET"]}}],"collection":[{"href":"https:\/\/armstrongyregion.com.ar\/diario\/wp-json\/wp\/v2\/posts"}],"about":[{"href":"https:\/\/armstrongyregion.com.ar\/diario\/wp-json\/wp\/v2\/types\/post"}],"author":[{"embeddable":true,"href":"https:\/\/armstrongyregion.com.ar\/diario\/wp-json\/wp\/v2\/users\/1"}],"replies":[{"embeddable":true,"href":"https:\/\/armstrongyregion.com.ar\/diario\/wp-json\/wp\/v2\/comments?post=43884"}],"version-history":[{"count":1,"href":"https:\/\/armstrongyregion.com.ar\/diario\/wp-json\/wp\/v2\/posts\/43884\/revisions"}],"predecessor-version":[{"id":43887,"href":"https:\/\/armstrongyregion.com.ar\/diario\/wp-json\/wp\/v2\/posts\/43884\/revisions\/43887"}],"wp:featuredmedia":[{"embeddable":true,"href":"https:\/\/armstrongyregion.com.ar\/diario\/wp-json\/wp\/v2\/media\/43885"}],"wp:attachment":[{"href":"https:\/\/armstrongyregion.com.ar\/diario\/wp-json\/wp\/v2\/media?parent=43884"}],"wp:term":[{"taxonomy":"category","embeddable":true,"href":"https:\/\/armstrongyregion.com.ar\/diario\/wp-json\/wp\/v2\/categories?post=43884"},{"taxonomy":"post_tag","embeddable":true,"href":"https:\/\/armstrongyregion.com.ar\/diario\/wp-json\/wp\/v2\/tags?post=43884"}],"curies":[{"name":"wp","href":"https:\/\/api.w.org\/{rel}","templated":true}]}}