{"id":43878,"date":"2024-08-31T15:46:30","date_gmt":"2024-08-31T15:46:30","guid":{"rendered":"https:\/\/armstrongyregion.com.ar\/diario\/?p=43878"},"modified":"2024-08-31T15:46:32","modified_gmt":"2024-08-31T15:46:32","slug":"encuentro-coral-en-armstrong","status":"publish","type":"post","link":"https:\/\/armstrongyregion.com.ar\/diario\/encuentro-coral-en-armstrong\/","title":{"rendered":"Encuentro Coral en Armstrong."},"content":{"rendered":"\n<figure class=\"wp-block-image size-full\"><a href=\"http:\/\/armstrongyregion.com.ar\/diario\/wp-content\/uploads\/2024\/08\/ENCUENTRO-CORAL-.jpg\"><img loading=\"lazy\" decoding=\"async\" width=\"640\" height=\"640\" src=\"http:\/\/armstrongyregion.com.ar\/diario\/wp-content\/uploads\/2024\/08\/ENCUENTRO-CORAL-.jpg\" alt=\"\" class=\"wp-image-43879\" srcset=\"https:\/\/armstrongyregion.com.ar\/diario\/wp-content\/uploads\/2024\/08\/ENCUENTRO-CORAL-.jpg 640w, https:\/\/armstrongyregion.com.ar\/diario\/wp-content\/uploads\/2024\/08\/ENCUENTRO-CORAL--300x300.jpg 300w, https:\/\/armstrongyregion.com.ar\/diario\/wp-content\/uploads\/2024\/08\/ENCUENTRO-CORAL--150x150.jpg 150w\" sizes=\"auto, (max-width: 640px) 100vw, 640px\" \/><\/a><\/figure>\n\n\n\n<p>La Municipalidad de Armstrong invita al encuentro coral que se realizar\u00e1 el s\u00e1bado 7 de septiembre<br>a las 20:30 hs. en la Parroquia Nuestra Se\u00f1ora de la Merced, con la participaci\u00f3n de dos elencos del<br>Conservatorio Municipal de M\u00fasica.<br>El Coro de Ni\u00f1os y el Coro de Adultos ser\u00e1n los anfitriones recibiendo al Grupo Coral Zavalla.<br>Este encuentro se propone dar cuenta del desarrollo exponencial de la actividad coral en nuestra<br>ciudad y acercarnos, a trav\u00e9s de la m\u00fasica a otras localidades vecinas que comparten el mismo<br>quehacer y gusto por esta disciplina que permite la interrelaci\u00f3n personal, el trabajo en equipo y el<br>disfrute por el canto grupal.<br>Poniendo as\u00ed de manifiesto el lema: \u201cla m\u00fasica nos une\u201d, potenciando la cultura musical a trav\u00e9s de<br>la pr\u00e1ctica coral como una importante actividad social que enriquece el intercambio de experiencias,<br>conocimientos e iniciativas individuales y colectivas.<br>El Grupo Coral Zavalla tiene 18 a\u00f1os de trayectoria en dicha localidad. Su variado repertorio incluye<br>m\u00fasica popular argentina, folclore nacional y latinoamericano. Funciona de manera independiente<br>sostenido por sus integrantes. Ha participado en encuentros provinciales departamentales,<br>regionales y locales.<br>El Coro de Ni\u00f1os y de Adultos del Conservatorio Municipal interpretar\u00e1n un repertorio popular de<br>diferentes \u00e9pocas y regiones.<\/p>\n","protected":false},"excerpt":{"rendered":"<p>Encuentro Coral en Armstrong. <\/p>\n","protected":false},"author":1,"featured_media":43879,"comment_status":"open","ping_status":"open","sticky":false,"template":"","format":"image","meta":{"_jetpack_memberships_contains_paid_content":false,"footnotes":"","jetpack_publicize_message":"","jetpack_publicize_feature_enabled":true,"jetpack_social_post_already_shared":true,"jetpack_social_options":{"image_generator_settings":{"template":"highway","default_image_id":0,"enabled":false},"version":2}},"categories":[8,1,2,7,3],"tags":[20,11006,5030,15,63,8777],"class_list":["post-43878","post","type-post","status-publish","format-image","has-post-thumbnail","hentry","category-deliberando","category-diario-armstrong","category-locales","category-politica","category-region","tag-armstrong","tag-coral","tag-diario-armstrong","tag-en","tag-encuentro","tag-lic-graciela-de-la-casa","post_format-post-format-image"],"jetpack_publicize_connections":[],"jetpack_featured_media_url":"https:\/\/armstrongyregion.com.ar\/diario\/wp-content\/uploads\/2024\/08\/ENCUENTRO-CORAL-.jpg","jetpack_shortlink":"https:\/\/wp.me\/p62QDO-bpI","jetpack_sharing_enabled":true,"amp_enabled":true,"_links":{"self":[{"href":"https:\/\/armstrongyregion.com.ar\/diario\/wp-json\/wp\/v2\/posts\/43878","targetHints":{"allow":["GET"]}}],"collection":[{"href":"https:\/\/armstrongyregion.com.ar\/diario\/wp-json\/wp\/v2\/posts"}],"about":[{"href":"https:\/\/armstrongyregion.com.ar\/diario\/wp-json\/wp\/v2\/types\/post"}],"author":[{"embeddable":true,"href":"https:\/\/armstrongyregion.com.ar\/diario\/wp-json\/wp\/v2\/users\/1"}],"replies":[{"embeddable":true,"href":"https:\/\/armstrongyregion.com.ar\/diario\/wp-json\/wp\/v2\/comments?post=43878"}],"version-history":[{"count":1,"href":"https:\/\/armstrongyregion.com.ar\/diario\/wp-json\/wp\/v2\/posts\/43878\/revisions"}],"predecessor-version":[{"id":43880,"href":"https:\/\/armstrongyregion.com.ar\/diario\/wp-json\/wp\/v2\/posts\/43878\/revisions\/43880"}],"wp:featuredmedia":[{"embeddable":true,"href":"https:\/\/armstrongyregion.com.ar\/diario\/wp-json\/wp\/v2\/media\/43879"}],"wp:attachment":[{"href":"https:\/\/armstrongyregion.com.ar\/diario\/wp-json\/wp\/v2\/media?parent=43878"}],"wp:term":[{"taxonomy":"category","embeddable":true,"href":"https:\/\/armstrongyregion.com.ar\/diario\/wp-json\/wp\/v2\/categories?post=43878"},{"taxonomy":"post_tag","embeddable":true,"href":"https:\/\/armstrongyregion.com.ar\/diario\/wp-json\/wp\/v2\/tags?post=43878"}],"curies":[{"name":"wp","href":"https:\/\/api.w.org\/{rel}","templated":true}]}}