{"id":43870,"date":"2024-08-31T15:44:04","date_gmt":"2024-08-31T15:44:04","guid":{"rendered":"https:\/\/armstrongyregion.com.ar\/diario\/?p=43870"},"modified":"2024-08-31T15:44:07","modified_gmt":"2024-08-31T15:44:07","slug":"armstrong-gran-concierto-del-ensamble-folclorico","status":"publish","type":"post","link":"https:\/\/armstrongyregion.com.ar\/diario\/armstrong-gran-concierto-del-ensamble-folclorico\/","title":{"rendered":"Armstrong. Gran concierto del Ensamble Folcl\u00f3rico."},"content":{"rendered":"\n<p><\/p>\n\n\n\n<figure class=\"wp-block-image size-full\"><a href=\"http:\/\/armstrongyregion.com.ar\/diario\/wp-content\/uploads\/2024\/08\/29.08-01.jpg\"><img loading=\"lazy\" decoding=\"async\" width=\"738\" height=\"492\" src=\"http:\/\/armstrongyregion.com.ar\/diario\/wp-content\/uploads\/2024\/08\/29.08-01.jpg\" alt=\"\" class=\"wp-image-43871\" srcset=\"https:\/\/armstrongyregion.com.ar\/diario\/wp-content\/uploads\/2024\/08\/29.08-01.jpg 738w, https:\/\/armstrongyregion.com.ar\/diario\/wp-content\/uploads\/2024\/08\/29.08-01-300x200.jpg 300w\" sizes=\"auto, (max-width: 738px) 100vw, 738px\" \/><\/a><\/figure>\n\n\n\n<p>La noche del jueves 29 de agosto se visti\u00f3 con la m\u00fasica de nuestro cancionero popular argentino de<br>la mano del Ensamble Folcl\u00f3rico del Conservatorio Municipal de M\u00fasica de Armstrong, elenco<br>dirigido por el Maestro Cristian Guzm\u00e1n.<\/p>\n\n\n\n<figure class=\"wp-block-image size-full\"><a href=\"http:\/\/armstrongyregion.com.ar\/diario\/wp-content\/uploads\/2024\/08\/29.08-04-2.jpg\"><img loading=\"lazy\" decoding=\"async\" width=\"744\" height=\"496\" src=\"http:\/\/armstrongyregion.com.ar\/diario\/wp-content\/uploads\/2024\/08\/29.08-04-2.jpg\" alt=\"\" class=\"wp-image-43872\" srcset=\"https:\/\/armstrongyregion.com.ar\/diario\/wp-content\/uploads\/2024\/08\/29.08-04-2.jpg 744w, https:\/\/armstrongyregion.com.ar\/diario\/wp-content\/uploads\/2024\/08\/29.08-04-2-300x200.jpg 300w\" sizes=\"auto, (max-width: 744px) 100vw, 744px\" \/><\/a><\/figure>\n\n\n\n<p><br>Con el auditorio Delmo Dar\u00f3 colmado de p\u00fablico que interactu\u00f3 con sus 16 integrantes y dos<br>m\u00fasicos invitados para la ocasi\u00f3n, se disfrut\u00f3 de un variado repertorio nutrido de las canciones de<br>diferentes regiones de nuestro pa\u00eds.<\/p>\n\n\n\n<figure class=\"wp-block-image size-full\"><a href=\"http:\/\/armstrongyregion.com.ar\/diario\/wp-content\/uploads\/2024\/08\/29.08-05.jpg\"><img loading=\"lazy\" decoding=\"async\" width=\"694\" height=\"463\" src=\"http:\/\/armstrongyregion.com.ar\/diario\/wp-content\/uploads\/2024\/08\/29.08-05.jpg\" alt=\"\" class=\"wp-image-43873\" srcset=\"https:\/\/armstrongyregion.com.ar\/diario\/wp-content\/uploads\/2024\/08\/29.08-05.jpg 694w, https:\/\/armstrongyregion.com.ar\/diario\/wp-content\/uploads\/2024\/08\/29.08-05-300x200.jpg 300w\" sizes=\"auto, (max-width: 694px) 100vw, 694px\" \/><\/a><\/figure>\n\n\n\n<p><br>Reversionando, experimentando y en plena b\u00fasqueda de un sonido propio este Ensamble, as\u00ed como<br>el Coro de Ni\u00f1os, Coro de Adultos, la Banda, el Ensamble de Vientos y cada una de las disciplinas que<br>ofrece el Conservatorio, mantiene abierta la inscripci\u00f3n para todas aquellas personas que ya sepan<br>m\u00fasica o que quieran iniciarse en este maravilloso arte.<\/p>\n\n\n\n<figure class=\"wp-block-image size-full\"><a href=\"http:\/\/armstrongyregion.com.ar\/diario\/wp-content\/uploads\/2024\/08\/29.08-06-1.jpg\"><img loading=\"lazy\" decoding=\"async\" width=\"701\" height=\"468\" src=\"http:\/\/armstrongyregion.com.ar\/diario\/wp-content\/uploads\/2024\/08\/29.08-06-1.jpg\" alt=\"\" class=\"wp-image-43874\" srcset=\"https:\/\/armstrongyregion.com.ar\/diario\/wp-content\/uploads\/2024\/08\/29.08-06-1.jpg 701w, https:\/\/armstrongyregion.com.ar\/diario\/wp-content\/uploads\/2024\/08\/29.08-06-1-300x200.jpg 300w\" sizes=\"auto, (max-width: 701px) 100vw, 701px\" \/><\/a><\/figure>\n\n\n\n<p><br>Una vez m\u00e1s la m\u00fasica nos uni\u00f3 en una noche inolvidable, en este caso, junto al Ensamble Folcl\u00f3rico.<\/p>\n\n\n\n<figure class=\"wp-block-image size-full\"><a href=\"http:\/\/armstrongyregion.com.ar\/diario\/wp-content\/uploads\/2024\/08\/29.08-07.jpg\"><img loading=\"lazy\" decoding=\"async\" width=\"742\" height=\"495\" src=\"http:\/\/armstrongyregion.com.ar\/diario\/wp-content\/uploads\/2024\/08\/29.08-07.jpg\" alt=\"\" class=\"wp-image-43875\" srcset=\"https:\/\/armstrongyregion.com.ar\/diario\/wp-content\/uploads\/2024\/08\/29.08-07.jpg 742w, https:\/\/armstrongyregion.com.ar\/diario\/wp-content\/uploads\/2024\/08\/29.08-07-300x200.jpg 300w\" sizes=\"auto, (max-width: 742px) 100vw, 742px\" \/><\/a><\/figure>\n\n\n\n<figure class=\"wp-block-image size-full\"><a href=\"http:\/\/armstrongyregion.com.ar\/diario\/wp-content\/uploads\/2024\/08\/29.08-09-1.jpg\"><img loading=\"lazy\" decoding=\"async\" width=\"670\" height=\"447\" src=\"http:\/\/armstrongyregion.com.ar\/diario\/wp-content\/uploads\/2024\/08\/29.08-09-1.jpg\" alt=\"\" class=\"wp-image-43876\" srcset=\"https:\/\/armstrongyregion.com.ar\/diario\/wp-content\/uploads\/2024\/08\/29.08-09-1.jpg 670w, https:\/\/armstrongyregion.com.ar\/diario\/wp-content\/uploads\/2024\/08\/29.08-09-1-300x200.jpg 300w\" sizes=\"auto, (max-width: 670px) 100vw, 670px\" \/><\/a><\/figure>\n","protected":false},"excerpt":{"rendered":"<p>Armstrong. Gran concierto del Ensamble Folcl\u00f3rico.<\/p>\n","protected":false},"author":1,"featured_media":43871,"comment_status":"open","ping_status":"open","sticky":false,"template":"","format":"image","meta":{"_jetpack_memberships_contains_paid_content":false,"footnotes":"","jetpack_publicize_message":"","jetpack_publicize_feature_enabled":true,"jetpack_social_post_already_shared":true,"jetpack_social_options":{"image_generator_settings":{"template":"highway","default_image_id":0,"enabled":false},"version":2}},"categories":[8,1,2,7,3],"tags":[20,4536,11005,5030,11004,9346],"class_list":["post-43870","post","type-post","status-publish","format-image","has-post-thumbnail","hentry","category-deliberando","category-diario-armstrong","category-locales","category-politica","category-region","tag-armstrong","tag-concierto","tag-cristian-guzman","tag-diario-armstrong","tag-ensamble-folclorico","tag-graciela-de-la-casa","post_format-post-format-image"],"jetpack_publicize_connections":[],"jetpack_featured_media_url":"https:\/\/armstrongyregion.com.ar\/diario\/wp-content\/uploads\/2024\/08\/29.08-01.jpg","jetpack_shortlink":"https:\/\/wp.me\/p62QDO-bpA","jetpack_sharing_enabled":true,"amp_enabled":true,"_links":{"self":[{"href":"https:\/\/armstrongyregion.com.ar\/diario\/wp-json\/wp\/v2\/posts\/43870","targetHints":{"allow":["GET"]}}],"collection":[{"href":"https:\/\/armstrongyregion.com.ar\/diario\/wp-json\/wp\/v2\/posts"}],"about":[{"href":"https:\/\/armstrongyregion.com.ar\/diario\/wp-json\/wp\/v2\/types\/post"}],"author":[{"embeddable":true,"href":"https:\/\/armstrongyregion.com.ar\/diario\/wp-json\/wp\/v2\/users\/1"}],"replies":[{"embeddable":true,"href":"https:\/\/armstrongyregion.com.ar\/diario\/wp-json\/wp\/v2\/comments?post=43870"}],"version-history":[{"count":1,"href":"https:\/\/armstrongyregion.com.ar\/diario\/wp-json\/wp\/v2\/posts\/43870\/revisions"}],"predecessor-version":[{"id":43877,"href":"https:\/\/armstrongyregion.com.ar\/diario\/wp-json\/wp\/v2\/posts\/43870\/revisions\/43877"}],"wp:featuredmedia":[{"embeddable":true,"href":"https:\/\/armstrongyregion.com.ar\/diario\/wp-json\/wp\/v2\/media\/43871"}],"wp:attachment":[{"href":"https:\/\/armstrongyregion.com.ar\/diario\/wp-json\/wp\/v2\/media?parent=43870"}],"wp:term":[{"taxonomy":"category","embeddable":true,"href":"https:\/\/armstrongyregion.com.ar\/diario\/wp-json\/wp\/v2\/categories?post=43870"},{"taxonomy":"post_tag","embeddable":true,"href":"https:\/\/armstrongyregion.com.ar\/diario\/wp-json\/wp\/v2\/tags?post=43870"}],"curies":[{"name":"wp","href":"https:\/\/api.w.org\/{rel}","templated":true}]}}