{"id":43867,"date":"2024-08-31T15:16:50","date_gmt":"2024-08-31T15:16:50","guid":{"rendered":"https:\/\/armstrongyregion.com.ar\/diario\/?p=43867"},"modified":"2024-08-31T15:16:52","modified_gmt":"2024-08-31T15:16:52","slug":"clara-garcia-se-sumo-al-reclamo-por-la-paralizacion-de-las-obras-en-la-ruta-nacional-34","status":"publish","type":"post","link":"https:\/\/armstrongyregion.com.ar\/diario\/clara-garcia-se-sumo-al-reclamo-por-la-paralizacion-de-las-obras-en-la-ruta-nacional-34\/","title":{"rendered":"Clara Garc\u00eda se sum\u00f3 al reclamo por la paralizaci\u00f3n de las obras en la Ruta Nacional 34."},"content":{"rendered":"\n<figure class=\"wp-block-image size-full\"><a href=\"http:\/\/armstrongyregion.com.ar\/diario\/wp-content\/uploads\/2024\/08\/CLARA-31-8-24.jpg\"><img loading=\"lazy\" decoding=\"async\" width=\"749\" height=\"499\" src=\"http:\/\/armstrongyregion.com.ar\/diario\/wp-content\/uploads\/2024\/08\/CLARA-31-8-24.jpg\" alt=\"\" class=\"wp-image-43868\" srcset=\"https:\/\/armstrongyregion.com.ar\/diario\/wp-content\/uploads\/2024\/08\/CLARA-31-8-24.jpg 749w, https:\/\/armstrongyregion.com.ar\/diario\/wp-content\/uploads\/2024\/08\/CLARA-31-8-24-300x200.jpg 300w\" sizes=\"auto, (max-width: 749px) 100vw, 749px\" \/><\/a><\/figure>\n\n\n\n<h2 class=\"wp-block-heading\"><em>\u201cLamentamos que desde un escritorio del gobierno central se tomen decisiones que tanto perjudican la producci\u00f3n santafesina\u201d, afirm\u00f3 la presidenta de la C\u00e1mara de Diputadas y Diputados, quien acompa\u00f1\u00f3 una movida de entidades de la regi\u00f3n junto a los intendentes de Sunchales y Rafaela para exigir que la Naci\u00f3n reanude la transformaci\u00f3n autov\u00eda de la traza.<\/em><\/h2>\n\n\n\n<p>La presidenta de la C\u00e1mara de Diputadas y Diputados, Clara Garc\u00eda, acompa\u00f1\u00f3 el reclamo al gobierno nacional por la continuidad de las obras de transformaci\u00f3n de la Ruta Nacional 34 en autov\u00eda que, al no haberse completado, no solo representan un importante perjuicio para las actividades productivas, sino que hoy se han transformado en un problema para la seguridad vial de la regi\u00f3n.<\/p>\n\n\n\n<p>\u201cLamentamos que no exista el entendimiento de que la producci\u00f3n necesita contar con las condiciones de competitividad adecuadas para movilizar la riqueza que genera. Es penoso que desde un escritorio del gobierno central se tome una decisi\u00f3n tan perjudicial para Sunchales y Rafaela, y para una regi\u00f3n tan rica de nuestra provincia\u201d, sostuvo Garc\u00eda, al participar de la convocatoria de la Federaci\u00f3n de C\u00e1maras Empresarias del Comercio y Otras Actividades de la provincia de Santa Fe (Fececo) en su sede de Sunchales para exigirle a la Naci\u00f3n que reanude los trabajos.<\/p>\n\n\n\n<p>All\u00ed estuvieron el presidente de Fececo, Leandro Aglieri, y autoridades de la instituci\u00f3n; el intendente local, Pablo Pinotti; y su par de Rafaela, Leonardo Viotti; el senador por el departamento Castellanos, Alcides Calvo; y distintos actores de la sociedad civil. \u201cEsta mesa plural y diversa, donde hay instituciones productivas, sociales, pol\u00edticas, gremiales, da cuenta de la importancia que tiene encontrarnos y exigir lo que corresponde\u201d, evalu\u00f3 Garc\u00eda al tiempo que remarc\u00f3 que la C\u00e1mara baja busca ser \u201cuna caja de resonancia de los problemas cotidianos de los santafesinos\u201d. Justamente, el mal estado de las rutas nacionales es, seg\u00fan dijo, una de las cuestiones m\u00e1s escuchadas en el \u00faltimo tiempo: \u201cTuvimos una audiencia p\u00fablica por el deterioro de la Ruta Nacional 11, tenemos otra por la Ruta Nacional 33, y ahora en Sunchales nos ocupan las dificultades de la Ruta Nacional 34, no solo por las obras que deben ser finalizadas sino por el mal estado de toda la traza\u201d.<\/p>\n\n\n\n<p>La legisladora precis\u00f3 que la provincia de Santa Fe \u201csolo en 2023 recibi\u00f3 en concepto de coparticipaci\u00f3n y obra p\u00fablica 8.200 millones de d\u00f3lares menos de lo que aport\u00f3. En lo que va de 2024 no disponemos datos, pero la cosecha fue mejor con lo cual las el aporte por retenciones ha sido mayor y la obra p\u00fablica se fren\u00f3 casi a cero. Por eso este reclamo es de pura justicia para una provincia que con su riqueza es una de las que m\u00e1s aporta a la Naci\u00f3n\u201d, afirm\u00f3.<\/p>\n\n\n\n<p>Para finalizar, sostuvo que \u201cel desarrollo productivo necesita un Estado transparente, austero, sensible, inteligente, que lo apalanque\u201d, y puso como ejemplo al gobernador Maximiliano Pullaron, que \u201cpidi\u00f3 hacerse cargo de la reparaci\u00f3n de rutas nacionales tal como lo va a hacer para llevar gas a 45 localidades y 250 empresas que hoy no tienen acceso\u201d, en relaci\u00f3n al reciente anuncio de construcci\u00f3n de seis gasoductos troncales con una inversi\u00f3n de 196 millones de pesos.<\/p>\n","protected":false},"excerpt":{"rendered":"<p>Clara Garc\u00eda se sum\u00f3 al reclamo por la paralizaci\u00f3n de las obras en la Ruta Nacional 34<\/p>\n","protected":false},"author":1,"featured_media":43868,"comment_status":"open","ping_status":"open","sticky":false,"template":"","format":"image","meta":{"_jetpack_memberships_contains_paid_content":false,"footnotes":"","jetpack_publicize_message":"","jetpack_publicize_feature_enabled":true,"jetpack_social_post_already_shared":true,"jetpack_social_options":{"image_generator_settings":{"template":"highway","default_image_id":0,"enabled":false},"version":2}},"categories":[8,1,2,7,3],"tags":[9196,10721,8777,220,9117,11003],"class_list":["post-43867","post","type-post","status-publish","format-image","has-post-thumbnail","hentry","category-deliberando","category-diario-armstrong","category-locales","category-politica","category-region","tag-clara-garcia","tag-diario-armstrong-region","tag-lic-graciela-de-la-casa","tag-obras","tag-reclamo-2","tag-ruta-nacional-34","post_format-post-format-image"],"jetpack_publicize_connections":[],"jetpack_featured_media_url":"https:\/\/armstrongyregion.com.ar\/diario\/wp-content\/uploads\/2024\/08\/CLARA-31-8-24.jpg","jetpack_shortlink":"https:\/\/wp.me\/p62QDO-bpx","jetpack_sharing_enabled":true,"amp_enabled":true,"_links":{"self":[{"href":"https:\/\/armstrongyregion.com.ar\/diario\/wp-json\/wp\/v2\/posts\/43867","targetHints":{"allow":["GET"]}}],"collection":[{"href":"https:\/\/armstrongyregion.com.ar\/diario\/wp-json\/wp\/v2\/posts"}],"about":[{"href":"https:\/\/armstrongyregion.com.ar\/diario\/wp-json\/wp\/v2\/types\/post"}],"author":[{"embeddable":true,"href":"https:\/\/armstrongyregion.com.ar\/diario\/wp-json\/wp\/v2\/users\/1"}],"replies":[{"embeddable":true,"href":"https:\/\/armstrongyregion.com.ar\/diario\/wp-json\/wp\/v2\/comments?post=43867"}],"version-history":[{"count":1,"href":"https:\/\/armstrongyregion.com.ar\/diario\/wp-json\/wp\/v2\/posts\/43867\/revisions"}],"predecessor-version":[{"id":43869,"href":"https:\/\/armstrongyregion.com.ar\/diario\/wp-json\/wp\/v2\/posts\/43867\/revisions\/43869"}],"wp:featuredmedia":[{"embeddable":true,"href":"https:\/\/armstrongyregion.com.ar\/diario\/wp-json\/wp\/v2\/media\/43868"}],"wp:attachment":[{"href":"https:\/\/armstrongyregion.com.ar\/diario\/wp-json\/wp\/v2\/media?parent=43867"}],"wp:term":[{"taxonomy":"category","embeddable":true,"href":"https:\/\/armstrongyregion.com.ar\/diario\/wp-json\/wp\/v2\/categories?post=43867"},{"taxonomy":"post_tag","embeddable":true,"href":"https:\/\/armstrongyregion.com.ar\/diario\/wp-json\/wp\/v2\/tags?post=43867"}],"curies":[{"name":"wp","href":"https:\/\/api.w.org\/{rel}","templated":true}]}}