{"id":43864,"date":"2024-08-31T15:01:36","date_gmt":"2024-08-31T15:01:36","guid":{"rendered":"https:\/\/armstrongyregion.com.ar\/diario\/?p=43864"},"modified":"2024-08-31T15:01:38","modified_gmt":"2024-08-31T15:01:38","slug":"presentaciones-del-taller-de-arabe","status":"publish","type":"post","link":"https:\/\/armstrongyregion.com.ar\/diario\/presentaciones-del-taller-de-arabe\/","title":{"rendered":"Presentaciones del taller de \u00e1rabe."},"content":{"rendered":"\n<figure class=\"wp-block-image size-full\"><a href=\"http:\/\/armstrongyregion.com.ar\/diario\/wp-content\/uploads\/2024\/08\/taller-danzas-arabes-.jpg\"><img loading=\"lazy\" decoding=\"async\" width=\"600\" height=\"800\" src=\"http:\/\/armstrongyregion.com.ar\/diario\/wp-content\/uploads\/2024\/08\/taller-danzas-arabes-.jpg\" alt=\"\" class=\"wp-image-43865\" srcset=\"https:\/\/armstrongyregion.com.ar\/diario\/wp-content\/uploads\/2024\/08\/taller-danzas-arabes-.jpg 600w, https:\/\/armstrongyregion.com.ar\/diario\/wp-content\/uploads\/2024\/08\/taller-danzas-arabes--225x300.jpg 225w\" sizes=\"auto, (max-width: 600px) 100vw, 600px\" \/><\/a><\/figure>\n\n\n\n<p>Las integrantes del taller de danzas \u00e1rabes de la Municipalidad de Armstrong dirigidas por la Prof.<br>Faty Ay\u00fan est\u00e1n realizando presentaciones en diferentes escenarios de la regi\u00f3n.<br>El pasado 11 de agosto participaron del encuentro organizado por la misma profesora en la Casa del<br>Bicentenario de Ca\u00f1ada de G\u00f3mez, y el domingo 25 en la ciudad de Rold\u00e1n formaron parte de un<br>evento muy importante ya que actuaba la orquesta Zikraiat, de Rosario, dirigida por el Maestro<br>Yusef Obayi.<br>En nuestro pa\u00eds hay pocas orquestas que interpreten m\u00fasica \u00e1rabe y, en esta oportunidad, las<br>bailarinas armstronenses vivieron la experiencia de bailar con m\u00fasica en vivo por primera vez.<br>Es importante destacar la emoci\u00f3n que manifestaron las bailarinas quienes salieron airosas y su<br>profesora Faty, contenta de acompa\u00f1arlas.<br>La pr\u00f3xima actuaci\u00f3n ser\u00e1 el 10 de octubre en el Teatro Broadway, de Rosario, en el marco de la<br>Feria de las Colectividades de esa ciudad.<\/p>\n","protected":false},"excerpt":{"rendered":"<p>Presentaciones del taller de \u00e1rabe.<\/p>\n","protected":false},"author":1,"featured_media":43865,"comment_status":"open","ping_status":"open","sticky":false,"template":"","format":"image","meta":{"_jetpack_memberships_contains_paid_content":false,"footnotes":"","jetpack_publicize_message":"","jetpack_publicize_feature_enabled":true,"jetpack_social_post_already_shared":true,"jetpack_social_options":{"image_generator_settings":{"template":"highway","default_image_id":0,"enabled":false},"version":2}},"categories":[8,1,2,7,3],"tags":[11002,19,10721,8777,129],"class_list":["post-43864","post","type-post","status-publish","format-image","has-post-thumbnail","hentry","category-deliberando","category-diario-armstrong","category-locales","category-politica","category-region","tag-arabe","tag-de","tag-diario-armstrong-region","tag-lic-graciela-de-la-casa","tag-taller","post_format-post-format-image"],"jetpack_publicize_connections":[],"jetpack_featured_media_url":"https:\/\/armstrongyregion.com.ar\/diario\/wp-content\/uploads\/2024\/08\/taller-danzas-arabes-.jpg","jetpack_shortlink":"https:\/\/wp.me\/p62QDO-bpu","jetpack_sharing_enabled":true,"amp_enabled":true,"_links":{"self":[{"href":"https:\/\/armstrongyregion.com.ar\/diario\/wp-json\/wp\/v2\/posts\/43864","targetHints":{"allow":["GET"]}}],"collection":[{"href":"https:\/\/armstrongyregion.com.ar\/diario\/wp-json\/wp\/v2\/posts"}],"about":[{"href":"https:\/\/armstrongyregion.com.ar\/diario\/wp-json\/wp\/v2\/types\/post"}],"author":[{"embeddable":true,"href":"https:\/\/armstrongyregion.com.ar\/diario\/wp-json\/wp\/v2\/users\/1"}],"replies":[{"embeddable":true,"href":"https:\/\/armstrongyregion.com.ar\/diario\/wp-json\/wp\/v2\/comments?post=43864"}],"version-history":[{"count":1,"href":"https:\/\/armstrongyregion.com.ar\/diario\/wp-json\/wp\/v2\/posts\/43864\/revisions"}],"predecessor-version":[{"id":43866,"href":"https:\/\/armstrongyregion.com.ar\/diario\/wp-json\/wp\/v2\/posts\/43864\/revisions\/43866"}],"wp:featuredmedia":[{"embeddable":true,"href":"https:\/\/armstrongyregion.com.ar\/diario\/wp-json\/wp\/v2\/media\/43865"}],"wp:attachment":[{"href":"https:\/\/armstrongyregion.com.ar\/diario\/wp-json\/wp\/v2\/media?parent=43864"}],"wp:term":[{"taxonomy":"category","embeddable":true,"href":"https:\/\/armstrongyregion.com.ar\/diario\/wp-json\/wp\/v2\/categories?post=43864"},{"taxonomy":"post_tag","embeddable":true,"href":"https:\/\/armstrongyregion.com.ar\/diario\/wp-json\/wp\/v2\/tags?post=43864"}],"curies":[{"name":"wp","href":"https:\/\/api.w.org\/{rel}","templated":true}]}}