{"id":43861,"date":"2024-08-31T14:53:27","date_gmt":"2024-08-31T14:53:27","guid":{"rendered":"https:\/\/armstrongyregion.com.ar\/diario\/?p=43861"},"modified":"2024-08-31T14:53:29","modified_gmt":"2024-08-31T14:53:29","slug":"presentaron-oficialmente-la-feria-internacional-del-libro-de-rosario","status":"publish","type":"post","link":"https:\/\/armstrongyregion.com.ar\/diario\/presentaron-oficialmente-la-feria-internacional-del-libro-de-rosario\/","title":{"rendered":"Presentaron oficialmente la Feria Internacional del Libro de Rosario."},"content":{"rendered":"\n<figure class=\"wp-block-image size-full\"><a href=\"http:\/\/armstrongyregion.com.ar\/diario\/wp-content\/uploads\/2024\/08\/Feria-del-Libro-31-08.jpg\"><img loading=\"lazy\" decoding=\"async\" width=\"570\" height=\"320\" src=\"http:\/\/armstrongyregion.com.ar\/diario\/wp-content\/uploads\/2024\/08\/Feria-del-Libro-31-08.jpg\" alt=\"\" class=\"wp-image-43862\" srcset=\"https:\/\/armstrongyregion.com.ar\/diario\/wp-content\/uploads\/2024\/08\/Feria-del-Libro-31-08.jpg 570w, https:\/\/armstrongyregion.com.ar\/diario\/wp-content\/uploads\/2024\/08\/Feria-del-Libro-31-08-300x168.jpg 300w\" sizes=\"auto, (max-width: 570px) 100vw, 570px\" \/><\/a><\/figure>\n\n\n\n<h2 class=\"wp-block-heading\">Autoridades municipales y provinciales encabezaron la presentaci\u00f3n del convocante evento que se desarrollar\u00e1, con entrada libre y gratuita, del jueves 5 al martes 15 de septiembre en el Cultural Fontanarrosa.<\/h2>\n\n\n\n<p>El Cultural Fontanarrosa (San Mart\u00edn 1080) ser\u00e1 escenario para el desarrollo de una nueva edici\u00f3n de la Feria Internacional del Libro de Rosario. Se concretar\u00e1 del 5 al 15 de septiembre y es coorganizada por Fundaci\u00f3n El Libro, la Municipalidad de Rosario y el Gobierno de la provincia de Santa Fe. Como cada a\u00f1o, la iniciativa ser\u00e1 con entrada gratuita, una pol\u00edtica de gesti\u00f3n que la convierte en un evento accesible para toda la comunidad, permitiendo que nadie se quede afuera de este encuentro cultural imperdible.<\/p>\n\n\n\n<p>En la ma\u00f1ana del mi\u00e9rcoles 28 de agosto, la ministra de Cultura Susana Rueda y el intendente Pablo Javkin, junto al director General de la Fundaci\u00f3n El Libro Ezequiel Mart\u00ednez, brindaron detalles del encuentro. De la actividad participaron tambi\u00e9n el secretario de Cultura y Educaci\u00f3n de la Municipalidad de Rosario, Federico Valentini, y la escritora rosarina Beatriz Vignoli, quien estar\u00e1 a cargo del discurso inaugural de la Feria.<\/p>\n\n\n\n<figure class=\"wp-block-image\"><img decoding=\"async\" src=\"https:\/\/ci3.googleusercontent.com\/meips\/ADKq_NaFg-FMv9O8Nr3ak1oXwFBZMHCtPN95albuLYAmaQIqBFfn8ldk_ezLfbwBfK5MId7ixOsZ7Ll-rYvpTp7gkIGGM8t5ulxfRbbLfTB2uyMgbwJktnGNoPHNRaxto04ZUzqUV7uPymtFOYvQDoM=s0-d-e1-ft#https:\/\/www.santafe.gob.ar\/noticias\/recursos\/fotos\/2024\/08\/2024-08-28NID_281055O_2.jpeg\" alt=\"\"\/><\/figure>\n\n\n\n<p><strong>Democratizar la cultura<\/strong><\/p>\n\n\n\n<p>\u00abEs la primera vez que la Provincia participa de la Feria del Libro junto con la Municipalidad de Rosario. Esta interacci\u00f3n virtuosa que queremos lograr potencia la producci\u00f3n intelectual y nosotros estamos convencidos de que los rosarinos aman los libros\u00bb, destac\u00f3 Rueda para luego subrayar el \u201ccar\u00e1cter gratuito de la Feria, que no solamente acerca a la gente a la lectura, a la posibilidad de acceder a un libro, sino tambi\u00e9n apunta a promover la producci\u00f3n intelectual y editorial. Es muy importante que, en estos momentos dif\u00edciles, la industria cultural santafesina y rosarina crezcan\u201d. M\u00e1s adelante, la Ministra explic\u00f3 que \u201cRosario es el segundo polo cultural intelectual del pa\u00eds despu\u00e9s de Capital Federal y esta Feria es el acontecimiento productivo de las industrias culturales m\u00e1s importantes despu\u00e9s de la feria del libro de Capital Federal\u201d. En esta l\u00ednea, adelant\u00f3 que en la jornada del s\u00e1bado 14 se presentar\u00e1 el libro \u201cLos Palmeras: Reyes de la Cumbia\u201d, con la presencia de integrantes de la tradicional banda de cumbia santafesina.<\/p>\n\n\n\n<p>Por su parte, Javkin remarc\u00f3 que \u201ces un evento muy querido por la ciudad y la masividad cada a\u00f1o lo demuestra. Vamos a tener muchas presentaciones de libros y seguramente mucha gente\u201d. El Intendente valor\u00f3 tambi\u00e9n que las palabras de apertura del evento estar\u00e1n a cargo de una destacada escritora local: \u201cpara nosotros es un gran honor que Beatriz haya aceptado abrir la Feria. En Argentina hoy es una de las plumas m\u00e1s importantes. Y tambi\u00e9n es muy importante que la literatura de esta ciudad muestre lo que es\u201d. Finalmente, el mandatario local anunci\u00f3 que, replicando la experiencia del a\u00f1o pasado, durante el \u00faltimo fin de semana de la feria se podr\u00e1 disfrutar de una nueva edici\u00f3n de Noche de Peatonales; al respecto explic\u00f3 que el objetivo es que \u201cla Feria sea coincida con un evento muy masivo que tenemos, as\u00ed que el s\u00e1bado 14 vamos a hacer Noche de Peatonales junto a la Feria del Libro. Estamos muy orgullosos de tener un evento gratuito, libre, abierto, popular, que vincula a la gente con el libro y que cada vez es m\u00e1s masiva, que genera lectores, que en definitiva siempre ese el objetivo que uno tiene\u201d.<\/p>\n\n\n\n<p>Por su parte, el director General de la Fundaci\u00f3n El Libro destac\u00f3 que \u201ccada feria tiene su identidad, su idiosincrasia. La de Rosario tiene su propia caracter\u00edstica. Est\u00e1 instalada en el coraz\u00f3n no s\u00f3lo de los rosarinos si no de todo el pa\u00eds, porque est\u00e1 en el almanaque de los editores, de los libreros, de los autores que saben que en septiembre tiene lugar esta feria\u201d. Para concluir, reflexion\u00f3: \u201cSi hay ferias del libro es porque hay lectores y eso es lo m\u00e1s importante que nos puede pasar como pa\u00eds\u201d.<\/p>\n\n\n\n<figure class=\"wp-block-image\"><img decoding=\"async\" src=\"https:\/\/ci3.googleusercontent.com\/meips\/ADKq_NaahsqDrDiQsBDZk1uXGxuWwsPd5S_OyNvQAtD9ySTBtIROWToEFZ9yaxxvD3xMM76huue_CnH08X3YFvG55fgUjbbqbWWGF2vUe9xSwcHghfa5JEOk0H-Ahaj0RJ46nSoLskEpb_n0ztMSdIk=s0-d-e1-ft#https:\/\/www.santafe.gob.ar\/noticias\/recursos\/fotos\/2024\/08\/2024-08-28NID_281055O_3.jpeg\" alt=\"\"\/><\/figure>\n\n\n\n<p><strong>Feria Internacional<\/strong><\/p>\n\n\n\n<p>La Feria Internacional del Libro Rosario ser\u00e1 inaugurada oficialmente el jueves 5 de septiembre a las 18 en la explanada del Cultural Fontanarrosa. Durante 11 d\u00edas, habr\u00e1 alrededor de 260 actividades, de las que participar\u00e1n m\u00e1s de 500 autoras, autores y personas invitadas. Adem\u00e1s, podr\u00e1n acercarse a los 70 stands de editoriales locales y nacionales que tendr\u00e1n novedades editoriales, promociones y descuentos.<\/p>\n\n\n\n<p>La Feria tendr\u00e1 la presentaci\u00f3n de libros de diversos invitados, entre ellos Reynaldo Sietecase, Gabriela Cabez\u00f3n C\u00e1mara, Mart\u00edn Kohan, Luciano Lamberti, Juan Jos\u00e9 Becerra, Isol, Eduardo Sacheri y Luis Novaresio. Para conocer m\u00e1s sobre la programaci\u00f3n de la Feria del Libro, se puede consultar en&nbsp;<a href=\"http:\/\/www.feriadellibrorosario.gob.ar\/\" target=\"_blank\" rel=\"noreferrer noopener\">www.feriadellibrorosario.gob.ar<\/a><\/p>\n","protected":false},"excerpt":{"rendered":"<p>Presentaron oficialmente la Feria Internacional del Libro de Rosario.<\/p>\n","protected":false},"author":1,"featured_media":43862,"comment_status":"open","ping_status":"open","sticky":false,"template":"","format":"image","meta":{"_jetpack_memberships_contains_paid_content":false,"footnotes":"","jetpack_publicize_message":"","jetpack_publicize_feature_enabled":true,"jetpack_social_post_already_shared":true,"jetpack_social_options":{"image_generator_settings":{"template":"highway","default_image_id":0,"enabled":false},"version":2}},"categories":[6,8,1,2,7,3],"tags":[53,10721,1725,319,26,8777],"class_list":["post-43861","post","type-post","status-publish","format-image","has-post-thumbnail","hentry","category-cultura-entretenimiento","category-deliberando","category-diario-armstrong","category-locales","category-politica","category-region","tag-del","tag-diario-armstrong-region","tag-feria","tag-internacional","tag-libro","tag-lic-graciela-de-la-casa","post_format-post-format-image"],"jetpack_publicize_connections":[],"jetpack_featured_media_url":"https:\/\/armstrongyregion.com.ar\/diario\/wp-content\/uploads\/2024\/08\/Feria-del-Libro-31-08.jpg","jetpack_shortlink":"https:\/\/wp.me\/p62QDO-bpr","jetpack_sharing_enabled":true,"amp_enabled":true,"_links":{"self":[{"href":"https:\/\/armstrongyregion.com.ar\/diario\/wp-json\/wp\/v2\/posts\/43861","targetHints":{"allow":["GET"]}}],"collection":[{"href":"https:\/\/armstrongyregion.com.ar\/diario\/wp-json\/wp\/v2\/posts"}],"about":[{"href":"https:\/\/armstrongyregion.com.ar\/diario\/wp-json\/wp\/v2\/types\/post"}],"author":[{"embeddable":true,"href":"https:\/\/armstrongyregion.com.ar\/diario\/wp-json\/wp\/v2\/users\/1"}],"replies":[{"embeddable":true,"href":"https:\/\/armstrongyregion.com.ar\/diario\/wp-json\/wp\/v2\/comments?post=43861"}],"version-history":[{"count":1,"href":"https:\/\/armstrongyregion.com.ar\/diario\/wp-json\/wp\/v2\/posts\/43861\/revisions"}],"predecessor-version":[{"id":43863,"href":"https:\/\/armstrongyregion.com.ar\/diario\/wp-json\/wp\/v2\/posts\/43861\/revisions\/43863"}],"wp:featuredmedia":[{"embeddable":true,"href":"https:\/\/armstrongyregion.com.ar\/diario\/wp-json\/wp\/v2\/media\/43862"}],"wp:attachment":[{"href":"https:\/\/armstrongyregion.com.ar\/diario\/wp-json\/wp\/v2\/media?parent=43861"}],"wp:term":[{"taxonomy":"category","embeddable":true,"href":"https:\/\/armstrongyregion.com.ar\/diario\/wp-json\/wp\/v2\/categories?post=43861"},{"taxonomy":"post_tag","embeddable":true,"href":"https:\/\/armstrongyregion.com.ar\/diario\/wp-json\/wp\/v2\/tags?post=43861"}],"curies":[{"name":"wp","href":"https:\/\/api.w.org\/{rel}","templated":true}]}}