{"id":43853,"date":"2024-08-29T01:53:55","date_gmt":"2024-08-29T01:53:55","guid":{"rendered":"https:\/\/armstrongyregion.com.ar\/diario\/?p=43853"},"modified":"2024-08-29T01:53:57","modified_gmt":"2024-08-29T01:53:57","slug":"proyecto-de-ordenanza-para-la-creacion-del-gran-libro-de-la-industria","status":"publish","type":"post","link":"https:\/\/armstrongyregion.com.ar\/diario\/proyecto-de-ordenanza-para-la-creacion-del-gran-libro-de-la-industria\/","title":{"rendered":"Proyecto de ordenanza para la creaci\u00f3n del Gran Libro de la Industria."},"content":{"rendered":"\n<figure class=\"wp-block-image size-full\"><a href=\"http:\/\/armstrongyregion.com.ar\/diario\/wp-content\/uploads\/2024\/05\/NOELIA-GARCIA-4-5-24-.jpg\"><img loading=\"lazy\" decoding=\"async\" width=\"378\" height=\"504\" src=\"http:\/\/armstrongyregion.com.ar\/diario\/wp-content\/uploads\/2024\/05\/NOELIA-GARCIA-4-5-24-.jpg\" alt=\"\" class=\"wp-image-42679\" srcset=\"https:\/\/armstrongyregion.com.ar\/diario\/wp-content\/uploads\/2024\/05\/NOELIA-GARCIA-4-5-24-.jpg 378w, https:\/\/armstrongyregion.com.ar\/diario\/wp-content\/uploads\/2024\/05\/NOELIA-GARCIA-4-5-24--225x300.jpg 225w\" sizes=\"auto, (max-width: 378px) 100vw, 378px\" \/><\/a><\/figure>\n\n\n\n<p><strong>Noelia Garc\u00eda del bloque Unidos,<\/strong> brind\u00f3 detalles; \u201cEl proyecto presentado se basa en el Gran Libro de la Industria, ven\u00edamos trabajando hace varios meses, la idea era plasmar todo lo que vamos conociendo de acuerdo a las visitas que vamos haciendo a las industrias, varias empresas nos hablaron que quer\u00edan plasmar toda su historia, sus progresos, como fueron avanzando, como fueron esos primeros pasos\u201d.&nbsp;<\/p>\n\n\n\n<p>\u201cNosotros&nbsp; somos el polo de la industria que mejor que plasmarlo dej\u00e1ndolo escrito. Por ello tuvimos varias reuniones donde las industrias se sumaron y dieron su punto de vista. Este es un comienzo para comenzar a trabajar con distintas secretar\u00edas y distintos estamentos de la municipalidad y la ciudad\u201d.<\/p>\n\n\n\n<p><strong>Con respecto a c\u00f3mo se va a trabajar a\u00f1adi\u00f3<\/strong>: \u201cEse paso lo vamos a dar en una pr\u00f3xima reuni\u00f3n con el Centro de Comercio e Industria de nuestra ciudad y todas las empresas que se quieran sumar a darnos su apoyo o lo que consideren necesario, por eso el proyecto pas\u00f3 a comisi\u00f3n ya que es muy enriquecedor que cada uno lo vaya trabajando\u201d.<\/p>\n","protected":false},"excerpt":{"rendered":"<p>Proyecto de ordenanza para la creaci\u00f3n del Gran Libro de la Industria.<\/p>\n","protected":false},"author":1,"featured_media":42679,"comment_status":"open","ping_status":"open","sticky":false,"template":"","format":"image","meta":{"_jetpack_memberships_contains_paid_content":false,"footnotes":"","jetpack_publicize_message":"","jetpack_publicize_feature_enabled":true,"jetpack_social_post_already_shared":true,"jetpack_social_options":{"image_generator_settings":{"template":"highway","default_image_id":0,"enabled":false},"version":2}},"categories":[8,1,2,7,3],"tags":[10721,10999,8777,10544,11000],"class_list":["post-43853","post","type-post","status-publish","format-image","has-post-thumbnail","hentry","category-deliberando","category-diario-armstrong","category-locales","category-politica","category-region","tag-diario-armstrong-region","tag-libro-de-la-industria","tag-lic-graciela-de-la-casa","tag-noelia-garcia","tag-proyecto-de-ordenana","post_format-post-format-image"],"jetpack_publicize_connections":[],"jetpack_featured_media_url":"https:\/\/armstrongyregion.com.ar\/diario\/wp-content\/uploads\/2024\/05\/NOELIA-GARCIA-4-5-24-.jpg","jetpack_shortlink":"https:\/\/wp.me\/p62QDO-bpj","jetpack_sharing_enabled":true,"amp_enabled":true,"_links":{"self":[{"href":"https:\/\/armstrongyregion.com.ar\/diario\/wp-json\/wp\/v2\/posts\/43853","targetHints":{"allow":["GET"]}}],"collection":[{"href":"https:\/\/armstrongyregion.com.ar\/diario\/wp-json\/wp\/v2\/posts"}],"about":[{"href":"https:\/\/armstrongyregion.com.ar\/diario\/wp-json\/wp\/v2\/types\/post"}],"author":[{"embeddable":true,"href":"https:\/\/armstrongyregion.com.ar\/diario\/wp-json\/wp\/v2\/users\/1"}],"replies":[{"embeddable":true,"href":"https:\/\/armstrongyregion.com.ar\/diario\/wp-json\/wp\/v2\/comments?post=43853"}],"version-history":[{"count":1,"href":"https:\/\/armstrongyregion.com.ar\/diario\/wp-json\/wp\/v2\/posts\/43853\/revisions"}],"predecessor-version":[{"id":43854,"href":"https:\/\/armstrongyregion.com.ar\/diario\/wp-json\/wp\/v2\/posts\/43853\/revisions\/43854"}],"wp:featuredmedia":[{"embeddable":true,"href":"https:\/\/armstrongyregion.com.ar\/diario\/wp-json\/wp\/v2\/media\/42679"}],"wp:attachment":[{"href":"https:\/\/armstrongyregion.com.ar\/diario\/wp-json\/wp\/v2\/media?parent=43853"}],"wp:term":[{"taxonomy":"category","embeddable":true,"href":"https:\/\/armstrongyregion.com.ar\/diario\/wp-json\/wp\/v2\/categories?post=43853"},{"taxonomy":"post_tag","embeddable":true,"href":"https:\/\/armstrongyregion.com.ar\/diario\/wp-json\/wp\/v2\/tags?post=43853"}],"curies":[{"name":"wp","href":"https:\/\/api.w.org\/{rel}","templated":true}]}}