{"id":43847,"date":"2024-08-29T00:43:29","date_gmt":"2024-08-29T00:43:29","guid":{"rendered":"https:\/\/armstrongyregion.com.ar\/diario\/?p=43847"},"modified":"2024-08-29T00:44:47","modified_gmt":"2024-08-29T00:44:47","slug":"se-solicita-la-creacion-del-boleto-estudiantil-municipal-detalla-el-proyecto-de-ordenanza-emiliano-gramigna","status":"publish","type":"post","link":"https:\/\/armstrongyregion.com.ar\/diario\/se-solicita-la-creacion-del-boleto-estudiantil-municipal-detalla-el-proyecto-de-ordenanza-emiliano-gramigna\/","title":{"rendered":"Se solicita la creaci\u00f3n del boleto estudiantil municipal, detalla el proyecto de ordenanza Emiliano Gramigna."},"content":{"rendered":"\n<figure class=\"wp-block-image size-full\"><a href=\"http:\/\/armstrongyregion.com.ar\/diario\/wp-content\/uploads\/2024\/07\/Emi-Gramigna-3-7-24-.jpg\"><img loading=\"lazy\" decoding=\"async\" width=\"756\" height=\"756\" src=\"http:\/\/armstrongyregion.com.ar\/diario\/wp-content\/uploads\/2024\/07\/Emi-Gramigna-3-7-24-.jpg\" alt=\"\" class=\"wp-image-43343\" srcset=\"https:\/\/armstrongyregion.com.ar\/diario\/wp-content\/uploads\/2024\/07\/Emi-Gramigna-3-7-24-.jpg 756w, https:\/\/armstrongyregion.com.ar\/diario\/wp-content\/uploads\/2024\/07\/Emi-Gramigna-3-7-24--300x300.jpg 300w, https:\/\/armstrongyregion.com.ar\/diario\/wp-content\/uploads\/2024\/07\/Emi-Gramigna-3-7-24--150x150.jpg 150w\" sizes=\"auto, (max-width: 756px) 100vw, 756px\" \/><\/a><\/figure>\n\n\n\n<p><strong>El integrante del bloque Renovaci\u00f3n por Armstrong dijo al respecto<\/strong>: \u201cPresentamos un proyecto de ordenanza para la creaci\u00f3n del boleto estudiantil municipal, el cual tiene como objeto cubrir lo que hoy no hace el boleto educativo gratuito o el medio boleto que se otorga y utiliza en la actualidad\u201d.<\/p>\n\n\n\n<p>&nbsp;\u201cLo que nosotros queremos plantear es que sea una pol\u00edtica municipal para garantizar el acceso a la educaci\u00f3n de quienes estudian en otras ciudades, lo que hoy se ve muy dificultado por el transporte, no solo por el aumento de las tarifas, sino tambi\u00e9n por la falta de frecuencias que los estudiantes est\u00e1n padeciendo desde hace tiempo\u201d. Expresaba el edil.<\/p>\n\n\n\n<p><strong>Gramigna tambi\u00e9n dijo<\/strong>: \u201cCon este boleto estudiantil municipal lo que se pretende es cubrir semanalmente los gastos que hoy no estar\u00eda cubriendo el boleto educativo. En la actualidad son dos boletos al mes para quienes estudian\u00a0 a distancias mayores a 60 kil\u00f3metros, lo que es muy poco para un estudiante que se forma en Rosario. Por lo cual creemos que con la implementaci\u00f3n del boleto estudiantil municipal se podr\u00eda llegar a costear ese gasto y que los estudiantes no tengan que estar pensando en lo econ\u00f3mico tambi\u00e9n a la hora de estudiar\u201d.<\/p>\n\n\n\n<p><strong>En cuanto a los recursos econ\u00f3micos el edil explic\u00f3<\/strong>: \u201cTendremos que ver las pautas presupuestarias que vamos a utilizar para poder llevarlo adelante, sabemos que esto implica una erogaci\u00f3n por parte del municipio, pero tambi\u00e9n sabemos que la inversi\u00f3n en educaci\u00f3n no es un gasto, es invertir en el futuro de un mont\u00f3n de j\u00f3venes de la ciudad y  la realidad de las familias se va haciendo m\u00e1s complicada, muchos estudiantes tienen que trabajar y estudiar, esto podr\u00eda ser un gran alivio\u201d.<\/p>\n","protected":false},"excerpt":{"rendered":"<p>Se solicita la creaci\u00f3n del boleto estudiantil municipal, detalla el proyecto de ordenanza Emiliano Gramigna.<\/p>\n","protected":false},"author":1,"featured_media":43343,"comment_status":"open","ping_status":"open","sticky":false,"template":"","format":"image","meta":{"_jetpack_memberships_contains_paid_content":false,"footnotes":"","jetpack_publicize_message":"","jetpack_publicize_feature_enabled":true,"jetpack_social_post_already_shared":true,"jetpack_social_options":{"image_generator_settings":{"template":"highway","default_image_id":0,"enabled":false},"version":2}},"categories":[8,1,2,7,3],"tags":[2377,19,10721,9423,10995,8777,8655],"class_list":["post-43847","post","type-post","status-publish","format-image","has-post-thumbnail","hentry","category-deliberando","category-diario-armstrong","category-locales","category-politica","category-region","tag-boleto","tag-de","tag-diario-armstrong-region","tag-emiliano-gramigna","tag-estudiatil","tag-lic-graciela-de-la-casa","tag-municipal-2","post_format-post-format-image"],"jetpack_publicize_connections":[],"jetpack_featured_media_url":"https:\/\/armstrongyregion.com.ar\/diario\/wp-content\/uploads\/2024\/07\/Emi-Gramigna-3-7-24-.jpg","jetpack_shortlink":"https:\/\/wp.me\/p62QDO-bpd","jetpack_sharing_enabled":true,"amp_enabled":true,"_links":{"self":[{"href":"https:\/\/armstrongyregion.com.ar\/diario\/wp-json\/wp\/v2\/posts\/43847","targetHints":{"allow":["GET"]}}],"collection":[{"href":"https:\/\/armstrongyregion.com.ar\/diario\/wp-json\/wp\/v2\/posts"}],"about":[{"href":"https:\/\/armstrongyregion.com.ar\/diario\/wp-json\/wp\/v2\/types\/post"}],"author":[{"embeddable":true,"href":"https:\/\/armstrongyregion.com.ar\/diario\/wp-json\/wp\/v2\/users\/1"}],"replies":[{"embeddable":true,"href":"https:\/\/armstrongyregion.com.ar\/diario\/wp-json\/wp\/v2\/comments?post=43847"}],"version-history":[{"count":2,"href":"https:\/\/armstrongyregion.com.ar\/diario\/wp-json\/wp\/v2\/posts\/43847\/revisions"}],"predecessor-version":[{"id":43850,"href":"https:\/\/armstrongyregion.com.ar\/diario\/wp-json\/wp\/v2\/posts\/43847\/revisions\/43850"}],"wp:featuredmedia":[{"embeddable":true,"href":"https:\/\/armstrongyregion.com.ar\/diario\/wp-json\/wp\/v2\/media\/43343"}],"wp:attachment":[{"href":"https:\/\/armstrongyregion.com.ar\/diario\/wp-json\/wp\/v2\/media?parent=43847"}],"wp:term":[{"taxonomy":"category","embeddable":true,"href":"https:\/\/armstrongyregion.com.ar\/diario\/wp-json\/wp\/v2\/categories?post=43847"},{"taxonomy":"post_tag","embeddable":true,"href":"https:\/\/armstrongyregion.com.ar\/diario\/wp-json\/wp\/v2\/tags?post=43847"}],"curies":[{"name":"wp","href":"https:\/\/api.w.org\/{rel}","templated":true}]}}