{"id":43845,"date":"2024-08-29T00:02:48","date_gmt":"2024-08-29T00:02:48","guid":{"rendered":"https:\/\/armstrongyregion.com.ar\/diario\/?p=43845"},"modified":"2024-08-29T00:02:50","modified_gmt":"2024-08-29T00:02:50","slug":"espacio-municipal-de-tenencia-responsable-de-animales-de-gran-porte","status":"publish","type":"post","link":"https:\/\/armstrongyregion.com.ar\/diario\/espacio-municipal-de-tenencia-responsable-de-animales-de-gran-porte\/","title":{"rendered":"Espacio municipal de tenencia responsable de animales de gran porte."},"content":{"rendered":"\n<figure class=\"wp-block-image size-full\"><a href=\"http:\/\/armstrongyregion.com.ar\/diario\/wp-content\/uploads\/2024\/07\/Prof.Ale-Pertusati-.jpg\"><img loading=\"lazy\" decoding=\"async\" width=\"756\" height=\"598\" src=\"http:\/\/armstrongyregion.com.ar\/diario\/wp-content\/uploads\/2024\/07\/Prof.Ale-Pertusati-.jpg\" alt=\"\" class=\"wp-image-43340\" srcset=\"https:\/\/armstrongyregion.com.ar\/diario\/wp-content\/uploads\/2024\/07\/Prof.Ale-Pertusati-.jpg 756w, https:\/\/armstrongyregion.com.ar\/diario\/wp-content\/uploads\/2024\/07\/Prof.Ale-Pertusati--300x237.jpg 300w\" sizes=\"auto, (max-width: 756px) 100vw, 756px\" \/><\/a><\/figure>\n\n\n\n<p><strong>Este tema fue tratado en la \u00faltima sesi\u00f3n del Concejo Deliberante de nuestra ciudad. Su presidente Alejandro Pertusati dio detalles del mismo<\/strong>: \u201cEs una ordenanza que la hemos trabajado en conjunto con todos los bloques pero en s\u00ed la presentaci\u00f3n fue de \u201cUnidos\u201d; en su momento hab\u00eda sido trabajado como proyecto junto con el \u00e1rea de orden p\u00fablico del municipio, ante la necesidad y el reclamo de algunos vecindarios de la ciudad donde se ve\u00edan este tipo de animales sueltos, inclusive hubo da\u00f1os a algunas propiedades privadas, se suma el peligro existente ante alg\u00fan accidente de tr\u00e1nsito, generar desde este proyecto un nuevo espacio nos pareci\u00f3 una buena idea\u201d.\u00a0<\/p>\n\n\n\n<p>Ahora el vecino va a tener una herramienta m\u00e1s a la hora de hacer la denuncia correspondiente para que el animal de gran porte que este en la v\u00eda p\u00fablica, vaya a un lugar donde sea cuidado,\u00a0 donde haya profesionales que los atiendan, y se labraran\u00a0 multas, en el caso de haber reincidencias\u00a0 se los pondr\u00e1\u00a0 en adopci\u00f3n responsable\u201d\u00a0<\/p>\n\n\n\n<p><strong>Sobre el tema, el concejal agreg\u00f3<\/strong>: \u201cPor supuesto que se pide la participaci\u00f3n de los vecinos, que en estos casos comuniquen a la oficina de orden p\u00fablico, cuyo tel\u00e9fono es: 3471-334717, es importante que cuando se vea este tipo de situaciones en alg\u00fan barrio se llame a dicho n\u00famero para evitar accidentes o problemas entre vecinos\u201d.<\/p>\n","protected":false},"excerpt":{"rendered":"<p>Espacio municipal de tenencia responsable de animales de gran porte.<\/p>\n","protected":false},"author":1,"featured_media":43340,"comment_status":"open","ping_status":"open","sticky":false,"template":"","format":"image","meta":{"_jetpack_memberships_contains_paid_content":false,"footnotes":"","jetpack_publicize_message":"","jetpack_publicize_feature_enabled":true,"jetpack_social_post_already_shared":true,"jetpack_social_options":{"image_generator_settings":{"template":"highway","default_image_id":0,"enabled":false},"version":2}},"categories":[8,1,7,3],"tags":[10994,10721,200,8777,10992,10993],"class_list":["post-43845","post","type-post","status-publish","format-image","has-post-thumbnail","hentry","category-deliberando","category-diario-armstrong","category-politica","category-region","tag-animales-de-gran-porte","tag-diario-armstrong-region","tag-espacio","tag-lic-graciela-de-la-casa","tag-municipa","tag-tenencia-responsable","post_format-post-format-image"],"jetpack_publicize_connections":[],"jetpack_featured_media_url":"https:\/\/armstrongyregion.com.ar\/diario\/wp-content\/uploads\/2024\/07\/Prof.Ale-Pertusati-.jpg","jetpack_shortlink":"https:\/\/wp.me\/p62QDO-bpb","jetpack_sharing_enabled":true,"amp_enabled":true,"_links":{"self":[{"href":"https:\/\/armstrongyregion.com.ar\/diario\/wp-json\/wp\/v2\/posts\/43845","targetHints":{"allow":["GET"]}}],"collection":[{"href":"https:\/\/armstrongyregion.com.ar\/diario\/wp-json\/wp\/v2\/posts"}],"about":[{"href":"https:\/\/armstrongyregion.com.ar\/diario\/wp-json\/wp\/v2\/types\/post"}],"author":[{"embeddable":true,"href":"https:\/\/armstrongyregion.com.ar\/diario\/wp-json\/wp\/v2\/users\/1"}],"replies":[{"embeddable":true,"href":"https:\/\/armstrongyregion.com.ar\/diario\/wp-json\/wp\/v2\/comments?post=43845"}],"version-history":[{"count":1,"href":"https:\/\/armstrongyregion.com.ar\/diario\/wp-json\/wp\/v2\/posts\/43845\/revisions"}],"predecessor-version":[{"id":43846,"href":"https:\/\/armstrongyregion.com.ar\/diario\/wp-json\/wp\/v2\/posts\/43845\/revisions\/43846"}],"wp:featuredmedia":[{"embeddable":true,"href":"https:\/\/armstrongyregion.com.ar\/diario\/wp-json\/wp\/v2\/media\/43340"}],"wp:attachment":[{"href":"https:\/\/armstrongyregion.com.ar\/diario\/wp-json\/wp\/v2\/media?parent=43845"}],"wp:term":[{"taxonomy":"category","embeddable":true,"href":"https:\/\/armstrongyregion.com.ar\/diario\/wp-json\/wp\/v2\/categories?post=43845"},{"taxonomy":"post_tag","embeddable":true,"href":"https:\/\/armstrongyregion.com.ar\/diario\/wp-json\/wp\/v2\/tags?post=43845"}],"curies":[{"name":"wp","href":"https:\/\/api.w.org\/{rel}","templated":true}]}}