{"id":43822,"date":"2024-08-27T02:34:26","date_gmt":"2024-08-27T02:34:26","guid":{"rendered":"https:\/\/armstrongyregion.com.ar\/diario\/?p=43822"},"modified":"2024-08-27T02:34:29","modified_gmt":"2024-08-27T02:34:29","slug":"armstrong-informe-area-de-orden-publico-26-08-2024","status":"publish","type":"post","link":"https:\/\/armstrongyregion.com.ar\/diario\/armstrong-informe-area-de-orden-publico-26-08-2024\/","title":{"rendered":"Armstrong. Informe \u00c1rea de Orden P\u00fablico 26\/08\/2024"},"content":{"rendered":"\n<figure class=\"wp-block-image size-full\"><a href=\"http:\/\/armstrongyregion.com.ar\/diario\/wp-content\/uploads\/2024\/08\/Informe-19-8-24-1-1.jpg\"><img loading=\"lazy\" decoding=\"async\" width=\"640\" height=\"360\" src=\"http:\/\/armstrongyregion.com.ar\/diario\/wp-content\/uploads\/2024\/08\/Informe-19-8-24-1-1.jpg\" alt=\"\" class=\"wp-image-43823\" srcset=\"https:\/\/armstrongyregion.com.ar\/diario\/wp-content\/uploads\/2024\/08\/Informe-19-8-24-1-1.jpg 640w, https:\/\/armstrongyregion.com.ar\/diario\/wp-content\/uploads\/2024\/08\/Informe-19-8-24-1-1-300x169.jpg 300w\" sizes=\"auto, (max-width: 640px) 100vw, 640px\" \/><\/a><\/figure>\n\n\n\n<p>El \u00c1rea de Orden P\u00fablico de la Municipalidad de Armstrong inform\u00f3 que en el transcurso de la<br>\u00faltima semana se procedi\u00f3 a realizar recorridos en coordinaci\u00f3n con Polic\u00eda y central de monitoreo<br>para acciones de prevenci\u00f3n de faltas y delitos, con presencia efectiva en barrio FoNaVi Sur<br>incluyendo plaza Nona Rocha.<\/p>\n\n\n\n<figure class=\"wp-block-image size-full\"><a href=\"http:\/\/armstrongyregion.com.ar\/diario\/wp-content\/uploads\/2024\/08\/informe-26-8-24.jpg\"><img loading=\"lazy\" decoding=\"async\" width=\"640\" height=\"475\" src=\"http:\/\/armstrongyregion.com.ar\/diario\/wp-content\/uploads\/2024\/08\/informe-26-8-24.jpg\" alt=\"\" class=\"wp-image-43824\" srcset=\"https:\/\/armstrongyregion.com.ar\/diario\/wp-content\/uploads\/2024\/08\/informe-26-8-24.jpg 640w, https:\/\/armstrongyregion.com.ar\/diario\/wp-content\/uploads\/2024\/08\/informe-26-8-24-300x223.jpg 300w\" sizes=\"auto, (max-width: 640px) 100vw, 640px\" \/><\/a><\/figure>\n\n\n\n<p><br>Estos recorridos con presencia preventiva se extienden en horas de la madrugada a Plaza San<br>Mart\u00edn, edificio municipal, parroquia Nuestra Se\u00f1ora de la Merced y Estaci\u00f3n M\u00e1s. Tambi\u00e9n se<br>realiza un recorrido por Jard\u00edn 84, Promoci\u00f3n Comunitaria, v\u00edas del ferrocarril y cancha de bochas, y<br>en zona norte, se hace recorridos por Fonavi Norte, Plaza 5 de Junio, calles Lisandro de la Torre y<br>Castellanos, con entrevistas a los vecinos.<br>El mi\u00e9rcoles 21 se retienen 3 motocicletas con pedido de secuestro por robo. Se remiten a la<br>comisar\u00eda local para prosecuci\u00f3n de actuaciones con intervenci\u00f3n de la Fiscal\u00eda Ca\u00f1ada de G\u00f3mez.<br>Con presencia policial preventiva se secuestran dos motocicletas, ambas conducidas por menores de<br>edad sin licencias habilitantes. Interviene el Juzgado Municipal de Faltas.<\/p>\n","protected":false},"excerpt":{"rendered":"<p>Armstrong. Informe \u00c1rea de Orden P\u00fablico 26\/08\/2024<\/p>\n","protected":false},"author":1,"featured_media":43824,"comment_status":"open","ping_status":"open","sticky":false,"template":"","format":"image","meta":{"_jetpack_memberships_contains_paid_content":false,"footnotes":"","jetpack_publicize_message":"","jetpack_publicize_feature_enabled":true,"jetpack_social_post_already_shared":true,"jetpack_social_options":{"image_generator_settings":{"template":"highway","default_image_id":0,"enabled":false},"version":2}},"categories":[8,1,2,7,3],"tags":[903,20,10721,8653,8777,1570,8773],"class_list":["post-43822","post","type-post","status-publish","format-image","has-post-thumbnail","hentry","category-deliberando","category-diario-armstrong","category-locales","category-politica","category-region","tag-area","tag-armstrong","tag-diario-armstrong-region","tag-informe-2","tag-lic-graciela-de-la-casa","tag-orden","tag-publico-3","post_format-post-format-image"],"jetpack_publicize_connections":[],"jetpack_featured_media_url":"https:\/\/armstrongyregion.com.ar\/diario\/wp-content\/uploads\/2024\/08\/informe-26-8-24.jpg","jetpack_shortlink":"https:\/\/wp.me\/p62QDO-boO","jetpack_sharing_enabled":true,"amp_enabled":true,"_links":{"self":[{"href":"https:\/\/armstrongyregion.com.ar\/diario\/wp-json\/wp\/v2\/posts\/43822","targetHints":{"allow":["GET"]}}],"collection":[{"href":"https:\/\/armstrongyregion.com.ar\/diario\/wp-json\/wp\/v2\/posts"}],"about":[{"href":"https:\/\/armstrongyregion.com.ar\/diario\/wp-json\/wp\/v2\/types\/post"}],"author":[{"embeddable":true,"href":"https:\/\/armstrongyregion.com.ar\/diario\/wp-json\/wp\/v2\/users\/1"}],"replies":[{"embeddable":true,"href":"https:\/\/armstrongyregion.com.ar\/diario\/wp-json\/wp\/v2\/comments?post=43822"}],"version-history":[{"count":1,"href":"https:\/\/armstrongyregion.com.ar\/diario\/wp-json\/wp\/v2\/posts\/43822\/revisions"}],"predecessor-version":[{"id":43825,"href":"https:\/\/armstrongyregion.com.ar\/diario\/wp-json\/wp\/v2\/posts\/43822\/revisions\/43825"}],"wp:featuredmedia":[{"embeddable":true,"href":"https:\/\/armstrongyregion.com.ar\/diario\/wp-json\/wp\/v2\/media\/43824"}],"wp:attachment":[{"href":"https:\/\/armstrongyregion.com.ar\/diario\/wp-json\/wp\/v2\/media?parent=43822"}],"wp:term":[{"taxonomy":"category","embeddable":true,"href":"https:\/\/armstrongyregion.com.ar\/diario\/wp-json\/wp\/v2\/categories?post=43822"},{"taxonomy":"post_tag","embeddable":true,"href":"https:\/\/armstrongyregion.com.ar\/diario\/wp-json\/wp\/v2\/tags?post=43822"}],"curies":[{"name":"wp","href":"https:\/\/api.w.org\/{rel}","templated":true}]}}