{"id":43818,"date":"2024-08-26T01:01:08","date_gmt":"2024-08-26T01:01:08","guid":{"rendered":"https:\/\/armstrongyregion.com.ar\/diario\/?p=43818"},"modified":"2024-08-26T01:01:10","modified_gmt":"2024-08-26T01:01:10","slug":"clara-garcia-con-maxi-pullaro-trabajamos-con-una-sola-prioridad-lograr-el-mejor-resultado-para-la-gente","status":"publish","type":"post","link":"https:\/\/armstrongyregion.com.ar\/diario\/clara-garcia-con-maxi-pullaro-trabajamos-con-una-sola-prioridad-lograr-el-mejor-resultado-para-la-gente\/","title":{"rendered":"Clara Garc\u00eda: \u201cCon Maxi Pullaro trabajamos con una sola prioridad: lograr el mejor resultado para la gente\u201d"},"content":{"rendered":"\n<figure class=\"wp-block-image size-full\"><a href=\"http:\/\/armstrongyregion.com.ar\/diario\/wp-content\/uploads\/2024\/08\/Clarita-25-8-24-.jpg\"><img loading=\"lazy\" decoding=\"async\" width=\"775\" height=\"517\" src=\"http:\/\/armstrongyregion.com.ar\/diario\/wp-content\/uploads\/2024\/08\/Clarita-25-8-24-.jpg\" alt=\"\" class=\"wp-image-43819\" srcset=\"https:\/\/armstrongyregion.com.ar\/diario\/wp-content\/uploads\/2024\/08\/Clarita-25-8-24-.jpg 775w, https:\/\/armstrongyregion.com.ar\/diario\/wp-content\/uploads\/2024\/08\/Clarita-25-8-24--300x200.jpg 300w, https:\/\/armstrongyregion.com.ar\/diario\/wp-content\/uploads\/2024\/08\/Clarita-25-8-24--768x512.jpg 768w\" sizes=\"auto, (max-width: 775px) 100vw, 775px\" \/><\/a><\/figure>\n\n\n\n<h2 class=\"wp-block-heading\">La presidenta de la C\u00e1mara de Diputadas y Diputados destac\u00f3 el funcionamiento de Unidos para Cambiar Santa Fe y afirm\u00f3: \u201cNo entiendo otra manera de hacer pol\u00edtica que recorriendo las regiones de la provincia\u00bb.<\/h2>\n\n\n\n<figure class=\"wp-block-image size-full\"><a href=\"http:\/\/armstrongyregion.com.ar\/diario\/wp-content\/uploads\/2024\/08\/clarita-24-08-24.jpg\"><img loading=\"lazy\" decoding=\"async\" width=\"800\" height=\"534\" src=\"http:\/\/armstrongyregion.com.ar\/diario\/wp-content\/uploads\/2024\/08\/clarita-24-08-24.jpg\" alt=\"\" class=\"wp-image-43820\" srcset=\"https:\/\/armstrongyregion.com.ar\/diario\/wp-content\/uploads\/2024\/08\/clarita-24-08-24.jpg 800w, https:\/\/armstrongyregion.com.ar\/diario\/wp-content\/uploads\/2024\/08\/clarita-24-08-24-300x200.jpg 300w, https:\/\/armstrongyregion.com.ar\/diario\/wp-content\/uploads\/2024\/08\/clarita-24-08-24-768x513.jpg 768w\" sizes=\"auto, (max-width: 800px) 100vw, 800px\" \/><\/a><\/figure>\n\n\n\n<p>\u00a0\u201cJunto al gobernador Maximiliamo Pullaro trabajamos con una sola prioridad: lograr el mejor resultado para la gente\u201d, afirm\u00f3 la presidenta de la C\u00e1mara de Diputadas y Diputados, Clara Garc\u00eda, durante una gira por distintas localidades del departamento General Obligado.<\/p>\n\n\n\n<p> \u201cNo entiendo otra manera de hacer pol\u00edtica que recorriendo las regiones de la provincia, conociendo sus idiosincrasias y necesidades\u201d, reflexion\u00f3 la legisladora, de visita por Reconquista, Avellaneda y Las Toscas, donde particip\u00f3 de varias actividades que comparti\u00f3 con la diputada Charo Mancinia; el ministro de Trabajo, Empleo y Seguridad Social, Roald B\u00e1scolo; y el concejal tosquense Iv\u00e1n S\u00e1nchez; entre otros. <\/p>\n\n\n\n<p>En declaraciones period\u00edsticas, Garc\u00eda puso especial \u00e9nfasis la importancia de \u201cno detenerse en las peleas o diferencias. Esa es la mirada que prevalece en Unidos a m\u00e1s de un a\u00f1o de su conformaci\u00f3n\u201d, remarc\u00f3 y grafic\u00f3: \u201cEl gobernador pertenece a un partido, la vicegobernadora (y titular del Senado provincial, Gisela Scaglia) a otro y yo a otro y, sin embargo, siempre llegamos a un equilibrio para avanzar en todos los temas y todas las \u00e1reas\u201d. En cuanto a la labor legislativa, la presidenta de la C\u00e1mara baja puso de relieve las m\u00e1s de 40 leyes aprobadas desde el 10 de diciembre, \u201cde una enorme calidad parlamentaria \u2013seg\u00fan dijo- porque no solo fueron votadas por la mayor\u00eda oficialista sino que una gran cantidad fue votada por legisladores y legisladoras de otras fuerzas\u201d. En ese marco, Garc\u00eda destac\u00f3 la llamada ley de \u201cnarcomenudeo\u201d, que otorg\u00f3 facultades al Ministerio P\u00fablico de la Acusaci\u00f3n para perseguir el microtr\u00e1fico de drogas. <\/p>\n\n\n\n<p>\u201cNos impone una tarea de articulaci\u00f3n entre la justicia y la polic\u00eda de la provincia para enfrentar este fen\u00f3meno y, a la vez, con la justicia y seguridad nacionales, que son las encargadas de los delitos de envergadura del narcotr\u00e1fico\u201d, explic\u00f3 la legisladora, que tambi\u00e9n valor\u00f3 la ley de Emergencia en Seguridad y la modificaci\u00f3n de la Ley Org\u00e1nica del Sistema Penitenciario.<\/p>\n\n\n\n<p> A eso, sum\u00f3 el hecho de que el gobernador haya sido ministro de Seguridad durante la gesti\u00f3n de Miguel Lifschitz: \u201cEsa experiencia le permiti\u00f3 a Maxi empezar la gesti\u00f3n ejerciendo un control muy f\u00e9rreo de las c\u00e1rceles y de la polic\u00eda, sin dar un paso atr\u00e1s, y as\u00ed se refleja en la disminuci\u00f3n de los \u00edndices de violencia\u201d. La reforma de la Constituci\u00f3n provincial fue otro de los temas analizados por Garc\u00eda. Al respecto, se\u00f1al\u00f3 que \u201cSanta Fe ha sido a lo largo de su historia un escenario de grandes debates constitucionales y, sin embargo, es una de las dos provincias que no reform\u00f3 la propia cuando ya se cumplen 30 a\u00f1os de la reforma del 94 a nivel nacional\u201d.<\/p>\n\n\n\n<p> Adem\u00e1s, fundament\u00f3 la necesidad de renovar el texto constitucional porque en la \u00e9poca de la Carta Magna de 1962, \u201cno se hablaba del medioambiente, la producci\u00f3n sustentable, los consumidores, la autonom\u00eda de los municipios, de una justicia elegida de manera transparente por un Consejo de la Magistratura, no hab\u00eda mujeres en la pol\u00edtica. En Unidos estamos trabajando para llegar a una propuesta com\u00fan y luego presentarlo a las otras fuerzas\u201d, anticip\u00f3.<\/p>\n","protected":false},"excerpt":{"rendered":"<p>Clara Garc\u00eda: \u201cCon Maxi Pullaro trabajamos con una sola prioridad: lograr el mejor resultado para la gente\u201d<\/p>\n","protected":false},"author":1,"featured_media":43819,"comment_status":"open","ping_status":"open","sticky":false,"template":"","format":"image","meta":{"_jetpack_memberships_contains_paid_content":false,"footnotes":"","jetpack_publicize_message":"","jetpack_publicize_feature_enabled":true,"jetpack_social_post_already_shared":true,"jetpack_social_options":{"image_generator_settings":{"template":"highway","default_image_id":0,"enabled":false},"version":2}},"categories":[8,1,2,7,3],"tags":[9196,100,10721,8777,10904,8934,10116],"class_list":["post-43818","post","type-post","status-publish","format-image","has-post-thumbnail","hentry","category-deliberando","category-diario-armstrong","category-locales","category-politica","category-region","tag-clara-garcia","tag-con","tag-diario-armstrong-region","tag-lic-graciela-de-la-casa","tag-prioridad","tag-sola","tag-trabajamos","post_format-post-format-image"],"jetpack_publicize_connections":[],"jetpack_featured_media_url":"https:\/\/armstrongyregion.com.ar\/diario\/wp-content\/uploads\/2024\/08\/Clarita-25-8-24-.jpg","jetpack_shortlink":"https:\/\/wp.me\/p62QDO-boK","jetpack_sharing_enabled":true,"amp_enabled":true,"_links":{"self":[{"href":"https:\/\/armstrongyregion.com.ar\/diario\/wp-json\/wp\/v2\/posts\/43818","targetHints":{"allow":["GET"]}}],"collection":[{"href":"https:\/\/armstrongyregion.com.ar\/diario\/wp-json\/wp\/v2\/posts"}],"about":[{"href":"https:\/\/armstrongyregion.com.ar\/diario\/wp-json\/wp\/v2\/types\/post"}],"author":[{"embeddable":true,"href":"https:\/\/armstrongyregion.com.ar\/diario\/wp-json\/wp\/v2\/users\/1"}],"replies":[{"embeddable":true,"href":"https:\/\/armstrongyregion.com.ar\/diario\/wp-json\/wp\/v2\/comments?post=43818"}],"version-history":[{"count":1,"href":"https:\/\/armstrongyregion.com.ar\/diario\/wp-json\/wp\/v2\/posts\/43818\/revisions"}],"predecessor-version":[{"id":43821,"href":"https:\/\/armstrongyregion.com.ar\/diario\/wp-json\/wp\/v2\/posts\/43818\/revisions\/43821"}],"wp:featuredmedia":[{"embeddable":true,"href":"https:\/\/armstrongyregion.com.ar\/diario\/wp-json\/wp\/v2\/media\/43819"}],"wp:attachment":[{"href":"https:\/\/armstrongyregion.com.ar\/diario\/wp-json\/wp\/v2\/media?parent=43818"}],"wp:term":[{"taxonomy":"category","embeddable":true,"href":"https:\/\/armstrongyregion.com.ar\/diario\/wp-json\/wp\/v2\/categories?post=43818"},{"taxonomy":"post_tag","embeddable":true,"href":"https:\/\/armstrongyregion.com.ar\/diario\/wp-json\/wp\/v2\/tags?post=43818"}],"curies":[{"name":"wp","href":"https:\/\/api.w.org\/{rel}","templated":true}]}}