{"id":43795,"date":"2024-08-23T16:26:19","date_gmt":"2024-08-23T16:26:19","guid":{"rendered":"https:\/\/armstrongyregion.com.ar\/diario\/?p=43795"},"modified":"2024-08-23T16:26:22","modified_gmt":"2024-08-23T16:26:22","slug":"defensores-trabaja-para-inaugurar-su-nuevo-estadio-en-2025","status":"publish","type":"post","link":"https:\/\/armstrongyregion.com.ar\/diario\/defensores-trabaja-para-inaugurar-su-nuevo-estadio-en-2025\/","title":{"rendered":"Defensores trabaja para inaugurar su nuevo estadio en 2025."},"content":{"rendered":"\n<figure class=\"wp-block-image size-full\"><a href=\"http:\/\/armstrongyregion.com.ar\/diario\/wp-content\/uploads\/2024\/08\/caio-defe.jpg\"><img loading=\"lazy\" decoding=\"async\" width=\"645\" height=\"472\" src=\"http:\/\/armstrongyregion.com.ar\/diario\/wp-content\/uploads\/2024\/08\/caio-defe.jpg\" alt=\"\" class=\"wp-image-43797\" srcset=\"https:\/\/armstrongyregion.com.ar\/diario\/wp-content\/uploads\/2024\/08\/caio-defe.jpg 645w, https:\/\/armstrongyregion.com.ar\/diario\/wp-content\/uploads\/2024\/08\/caio-defe-300x220.jpg 300w\" sizes=\"auto, (max-width: 645px) 100vw, 645px\" \/><\/a><\/figure>\n\n\n\n<h2 class=\"wp-block-heading\">\u201cSo\u00f1amos con jugar en el 2025 alg\u00fan partido en nuestra nueva cancha\u201d, fue lo que dijo el Presidente del C.A. Defensores de Armstrong.<\/h2>\n\n\n\n<figure class=\"wp-block-audio\"><audio controls src=\"http:\/\/armstrongyregion.com.ar\/diario\/wp-content\/uploads\/2024\/08\/multimedia.audio_.ab1f8deecd4f4b9a.U2luIHTDrXR1bG8ubXAz.mp3\"><\/audio><\/figure>\n\n\n\n<p>Pte. Club A. Defensores<\/p>\n\n\n\n<p>Claudio Del Vecchio, Presidente de Defensores, manifest\u00f3 su satisfacci\u00f3n de los pasos que van dando con el sue\u00f1o y objetivo de concretar la gran obra de su estadio. Coment\u00f3 que hay un diagrama de obra que van realizando, que hay etapas que se van cumpliendo y en esta oportunidad se hace una remoci\u00f3n del suelo.<\/p>\n\n\n\n<p>\u201cCaio\u201d inform\u00f3 que hay un grupo de trabajo pensando en este ambicioso proyecto y que son una continuidad de la anterior directiva que tambi\u00e9n dio inicio a esta tarea.<\/p>\n\n\n\n<figure class=\"wp-block-image\"><img decoding=\"async\" src=\"https:\/\/renacerfm.com.ar\/download\/multimedia.normal.bbb16140afd76d6b.SW1hZ2VuIGRlIFdoYXRzQXBwIDIwMjQtMDgtMjIgYSBfbm9ybWFsLndlYnA%3D.webp\" alt=\"Imagen de WhatsApp 2024-08-22 a las 13.06.05_72d86464\"\/><\/figure>\n\n\n\n<p>Tambi\u00e9n, sostuvo que han preguntado a clubes de la regi\u00f3n, buscando opiniones, recomendaciones y puntos de vistas (fue el caso de ADEO y Argentino, por ej. que ya hicieron sus obras). Adem\u00e1s, adelant\u00f3 que ya se hizo la mayor parte de la tribuna y que en la misma se incorporaron vestuarios, los cuales ya son utilizados por las categor\u00edas menores.&nbsp;<\/p>\n\n\n\n<p>Por \u00faltimo, Del Vecchio cont\u00f3 con alegr\u00eda que la intenci\u00f3n es jugar un partido en la temporada 2025 en el nuevo estadio, advirtiendo que van a faltar detalles para la finalizaci\u00f3n total de la obra pero que de todos modos podr\u00edan ya presentar las butacas y su public\u00f3 disfrutar de las nuevas instalaciones.<\/p>\n\n\n\n<figure class=\"wp-block-image\"><img decoding=\"async\" src=\"https:\/\/renacerfm.com.ar\/download\/multimedia.normal.99966c8eaed8aeee.SW1hZ2VuIGRlIFdoYXRzQXBwIDIwMjQtMDgtMjIgYSBfbm9ybWFsLndlYnA%3D.webp\" alt=\"Imagen de WhatsApp 2024-08-22 a las 13.06.02_89714e71\"\/><\/figure>\n\n\n\n<p>Fuente: Renacer Regional.<a href=\"https:\/\/renacerfm.com.ar\/usuario\/2\/renacer-regional\"><\/a><\/p>\n","protected":false},"excerpt":{"rendered":"<p>Defensores trabaja para inaugurar su nuevo estadio en 2025.<\/p>\n","protected":false},"author":1,"featured_media":43797,"comment_status":"open","ping_status":"open","sticky":false,"template":"","format":"image","meta":{"_jetpack_memberships_contains_paid_content":false,"footnotes":"","jetpack_publicize_message":"","jetpack_publicize_feature_enabled":true,"jetpack_social_post_already_shared":true,"jetpack_social_options":{"image_generator_settings":{"template":"highway","default_image_id":0,"enabled":false},"version":2}},"categories":[8,5,1,2,3],"tags":[10981,260,10980,1776,51,81,511],"class_list":["post-43795","post","type-post","status-publish","format-image","has-post-thumbnail","hentry","category-deliberando","category-deportes","category-diario-armstrong","category-locales","category-region","tag-10981","tag-defensores","tag-estadio","tag-inaugurar","tag-nuevo","tag-para","tag-trabaja","post_format-post-format-image"],"jetpack_publicize_connections":[],"jetpack_featured_media_url":"https:\/\/armstrongyregion.com.ar\/diario\/wp-content\/uploads\/2024\/08\/caio-defe.jpg","jetpack_shortlink":"https:\/\/wp.me\/p62QDO-bon","jetpack_sharing_enabled":true,"amp_enabled":true,"_links":{"self":[{"href":"https:\/\/armstrongyregion.com.ar\/diario\/wp-json\/wp\/v2\/posts\/43795","targetHints":{"allow":["GET"]}}],"collection":[{"href":"https:\/\/armstrongyregion.com.ar\/diario\/wp-json\/wp\/v2\/posts"}],"about":[{"href":"https:\/\/armstrongyregion.com.ar\/diario\/wp-json\/wp\/v2\/types\/post"}],"author":[{"embeddable":true,"href":"https:\/\/armstrongyregion.com.ar\/diario\/wp-json\/wp\/v2\/users\/1"}],"replies":[{"embeddable":true,"href":"https:\/\/armstrongyregion.com.ar\/diario\/wp-json\/wp\/v2\/comments?post=43795"}],"version-history":[{"count":1,"href":"https:\/\/armstrongyregion.com.ar\/diario\/wp-json\/wp\/v2\/posts\/43795\/revisions"}],"predecessor-version":[{"id":43798,"href":"https:\/\/armstrongyregion.com.ar\/diario\/wp-json\/wp\/v2\/posts\/43795\/revisions\/43798"}],"wp:featuredmedia":[{"embeddable":true,"href":"https:\/\/armstrongyregion.com.ar\/diario\/wp-json\/wp\/v2\/media\/43797"}],"wp:attachment":[{"href":"https:\/\/armstrongyregion.com.ar\/diario\/wp-json\/wp\/v2\/media?parent=43795"}],"wp:term":[{"taxonomy":"category","embeddable":true,"href":"https:\/\/armstrongyregion.com.ar\/diario\/wp-json\/wp\/v2\/categories?post=43795"},{"taxonomy":"post_tag","embeddable":true,"href":"https:\/\/armstrongyregion.com.ar\/diario\/wp-json\/wp\/v2\/tags?post=43795"}],"curies":[{"name":"wp","href":"https:\/\/api.w.org\/{rel}","templated":true}]}}