{"id":43782,"date":"2024-08-20T22:05:10","date_gmt":"2024-08-20T22:05:10","guid":{"rendered":"https:\/\/armstrongyregion.com.ar\/diario\/?p=43782"},"modified":"2024-08-20T22:05:12","modified_gmt":"2024-08-20T22:05:12","slug":"eureka-ideas-que-transforman","status":"publish","type":"post","link":"https:\/\/armstrongyregion.com.ar\/diario\/eureka-ideas-que-transforman\/","title":{"rendered":"Eureka, ideas que transforman."},"content":{"rendered":"\n<figure class=\"wp-block-image size-full\"><a href=\"http:\/\/armstrongyregion.com.ar\/diario\/wp-content\/uploads\/2024\/08\/eureka-1-.jpg\"><img loading=\"lazy\" decoding=\"async\" width=\"500\" height=\"375\" src=\"http:\/\/armstrongyregion.com.ar\/diario\/wp-content\/uploads\/2024\/08\/eureka-1-.jpg\" alt=\"\" class=\"wp-image-43783\" srcset=\"https:\/\/armstrongyregion.com.ar\/diario\/wp-content\/uploads\/2024\/08\/eureka-1-.jpg 500w, https:\/\/armstrongyregion.com.ar\/diario\/wp-content\/uploads\/2024\/08\/eureka-1--300x225.jpg 300w\" sizes=\"auto, (max-width: 500px) 100vw, 500px\" \/><\/a><\/figure>\n\n\n\n<p>El lunes 19 de agosto, integrantes del \u00e1rea de Igualdad y Desarrollo Humano\/Juventudes del<br>Gobierno de Santa Fe estuvieron presentes en la Municipalidad de Armstrong con el objetivo de<br>asesorar a los j\u00f3venes interesados en participar de esta propuesta.<\/p>\n\n\n\n<figure class=\"wp-block-image size-full\"><a href=\"http:\/\/armstrongyregion.com.ar\/diario\/wp-content\/uploads\/2024\/08\/Eureka-2-.jpg\"><img loading=\"lazy\" decoding=\"async\" width=\"459\" height=\"345\" src=\"http:\/\/armstrongyregion.com.ar\/diario\/wp-content\/uploads\/2024\/08\/Eureka-2-.jpg\" alt=\"\" class=\"wp-image-43784\" srcset=\"https:\/\/armstrongyregion.com.ar\/diario\/wp-content\/uploads\/2024\/08\/Eureka-2-.jpg 459w, https:\/\/armstrongyregion.com.ar\/diario\/wp-content\/uploads\/2024\/08\/Eureka-2--300x225.jpg 300w\" sizes=\"auto, (max-width: 459px) 100vw, 459px\" \/><\/a><\/figure>\n\n\n\n<p><br>Se trata de un programa creado por y para j\u00f3venes y tiene como objetivo fomentar o impulsar la<br>participaci\u00f3n ciudadana de los j\u00f3venes a trav\u00e9s de la generaci\u00f3n de proyectos territoriales y grupales<br>que tengan como objetivo generar oportunidades de desarrollo personal y colectivo. Adem\u00e1s, busca<br>contribuir al fortalecimiento de v\u00ednculos sanos y lazos comunitarios.<br>Los proyectos deben contemplar actividades socio comunitarias con el objetivo de generar un<br>impacto positivo en los territorios, a su vez los mismos pueden considerar: ideas existentes en<br>funcionamiento, con anterioridad a la convocatoria o propuestas nuevas.<br>El programa contempla 5 ejes de desarrollo de proyectos:<\/p>\n\n\n\n<ol class=\"wp-block-list\">\n<li>Lazos y ciudadan\u00eda<\/li>\n\n\n\n<li>Integraci\u00f3n socio juvenil<\/li>\n\n\n\n<li>Expresiones sociales, culturales y art\u00edsticas<\/li>\n\n\n\n<li>Innovaci\u00f3n tecnol\u00f3gica y digital<\/li>\n\n\n\n<li>Bienestar joven<br>Eureka tiene como p\u00fablico objetivo los j\u00f3venes de la provincia de Santa Fe entre 15 y 29 a\u00f1os, que<br>se constituyan en grupos de 3 a 6 integrantes para el armado y el desarrollo de los proyectos.<br>Fecha l\u00edmite para la presentaci\u00f3n: 22 de agosto.<\/li>\n<\/ol>\n","protected":false},"excerpt":{"rendered":"<p>Eureka, ideas que transforman.<\/p>\n","protected":false},"author":1,"featured_media":43783,"comment_status":"open","ping_status":"open","sticky":false,"template":"","format":"image","meta":{"_jetpack_memberships_contains_paid_content":false,"footnotes":"","jetpack_publicize_message":"","jetpack_publicize_feature_enabled":true,"jetpack_social_post_already_shared":true,"jetpack_social_options":{"image_generator_settings":{"template":"highway","default_image_id":0,"enabled":false},"version":2}},"categories":[8,1,2,7,3],"tags":[10721,10968,4425,8777,108,10969],"class_list":["post-43782","post","type-post","status-publish","format-image","has-post-thumbnail","hentry","category-deliberando","category-diario-armstrong","category-locales","category-politica","category-region","tag-diario-armstrong-region","tag-eureka","tag-ideas","tag-lic-graciela-de-la-casa","tag-que","tag-transforman","post_format-post-format-image"],"jetpack_publicize_connections":[],"jetpack_featured_media_url":"https:\/\/armstrongyregion.com.ar\/diario\/wp-content\/uploads\/2024\/08\/eureka-1-.jpg","jetpack_shortlink":"https:\/\/wp.me\/p62QDO-boa","jetpack_sharing_enabled":true,"amp_enabled":true,"_links":{"self":[{"href":"https:\/\/armstrongyregion.com.ar\/diario\/wp-json\/wp\/v2\/posts\/43782","targetHints":{"allow":["GET"]}}],"collection":[{"href":"https:\/\/armstrongyregion.com.ar\/diario\/wp-json\/wp\/v2\/posts"}],"about":[{"href":"https:\/\/armstrongyregion.com.ar\/diario\/wp-json\/wp\/v2\/types\/post"}],"author":[{"embeddable":true,"href":"https:\/\/armstrongyregion.com.ar\/diario\/wp-json\/wp\/v2\/users\/1"}],"replies":[{"embeddable":true,"href":"https:\/\/armstrongyregion.com.ar\/diario\/wp-json\/wp\/v2\/comments?post=43782"}],"version-history":[{"count":1,"href":"https:\/\/armstrongyregion.com.ar\/diario\/wp-json\/wp\/v2\/posts\/43782\/revisions"}],"predecessor-version":[{"id":43785,"href":"https:\/\/armstrongyregion.com.ar\/diario\/wp-json\/wp\/v2\/posts\/43782\/revisions\/43785"}],"wp:featuredmedia":[{"embeddable":true,"href":"https:\/\/armstrongyregion.com.ar\/diario\/wp-json\/wp\/v2\/media\/43783"}],"wp:attachment":[{"href":"https:\/\/armstrongyregion.com.ar\/diario\/wp-json\/wp\/v2\/media?parent=43782"}],"wp:term":[{"taxonomy":"category","embeddable":true,"href":"https:\/\/armstrongyregion.com.ar\/diario\/wp-json\/wp\/v2\/categories?post=43782"},{"taxonomy":"post_tag","embeddable":true,"href":"https:\/\/armstrongyregion.com.ar\/diario\/wp-json\/wp\/v2\/tags?post=43782"}],"curies":[{"name":"wp","href":"https:\/\/api.w.org\/{rel}","templated":true}]}}